{"id":2673,"date":"2015-02-27T15:26:05","date_gmt":"2015-02-27T15:26:05","guid":{"rendered":"http:\/\/generacio2004.rieraderibes.cat\/?p=479"},"modified":"2016-05-30T17:14:44","modified_gmt":"2016-05-30T16:14:44","slug":"forma-i-natura","status":"publish","type":"post","link":"https:\/\/agora.xtec.cat\/ceiprieraderibes\/generacio-2004\/forma-i-natura\/","title":{"rendered":"FORMA i NATURA"},"content":{"rendered":"<p>FORMA I NATURA<br \/>\nCom cada dia vaig anar a l\u2019escola, vaig arribar tard i quan vaig entrar ja estaven parlant d\u2019un nou projecte. Es tractava d\u2019alguna cosa relacionada amb les formes de la Natura.<br \/>\nDe seguida em vaig posar al dia perqu\u00e8 els meus companys m\u2019ho van explicar tot. En un primer moment el tema no em va entusiasmar perqu\u00e8 jo em pensava que parlar\u00edem de quadrats i triangles per\u00f2 es veu que no, la natura t\u00e9 sorpreses amagades que no coneixia.<br \/>\nLa meva escola \u00e9s incre\u00efble, sembla ser que tot plegat va comen\u00e7ar a 4t, se\u2019ns va dir que hav\u00edem de mirar tot el que ens envolta amb ulls cient\u00edfics, ja no pod\u00edem fer el turista per la vida. Ens van ensenyar un v\u00eddeo on deien que l\u2019home s\u2019havia inspirat en la natura per dissenyar el m\u00f3n en que vivim i, va ser en aquest moment on va comen\u00e7ar tot.<br \/>\nA partir d\u2019aqu\u00ed va ser un no parar, hem estat investigant i, fins i tot, vam anar d\u2019excursi\u00f3 on vam jugar amb la neu. Vet aqu\u00ed una de les formes de la natura, els Fractals. Tamb\u00e9 hi ha les formes c\u00f2niques que penetren i protegeixen i serveixen per defensar-se. L\u2019esfera que protegeix i guarda la calor. Una altra forma \u00e9s l\u2019ona que serveix per despla\u00e7ar. Tamb\u00e9 estem rodejats de formes hexagonals on tot encaixa i pavimenta. Les caten\u00e0ries que aguanten grans pesos. La que m\u00e9s m\u2019apassiona \u00e9s l\u2019h\u00e8lix perqu\u00e8 agafa i t\u00e9 molta for\u00e7a. L\u2019espiral no est\u00e0 malament perqu\u00e8 compacta i empaqueta, guarda grans informacions, quantitats, mides i llargades en poc espai.<br \/>\nAra se m\u2019ha girat feina perqu\u00e8 haur\u00e9 de participar en una exposici\u00f3. Ens hem dividit en quatre grups de sis persones i cada grup es far\u00e0 expert de dues formes de la natura.<br \/>\nUffff som \u2018hi , m\u2019he de posar les piles.<br \/>\nP.D:  Em comprometo a explicar-vos com acaba tot plegat.<br \/>\n                                                          MEP &amp; REPT<\/p>\n","protected":false},"excerpt":{"rendered":"<p>FORMA I NATURA<br \/>\nCom cada dia vaig anar a l\u2019escola, vaig arribar tard i quan vaig entrar ja estaven parlant d\u2019un nou projecte. Es tractava d\u2019alguna cosa relacionada amb les formes de la Natura.<br \/>\nDe seguida em vaig posar al dia perqu\u00e8 els meus companys m\u2019ho van&hellip;  <a href=\"https:\/\/agora.xtec.cat\/ceiprieraderibes\/generacio-2004\/forma-i-natura\/\" title=\"Read FORMA i NATURA\">Llegeix m\u00e9s\u00bb<\/a><\/p>\n","protected":false},"author":1,"featured_media":0,"comment_status":"open","ping_status":"open","sticky":false,"template":"","format":"standard","meta":{"_bbp_topic_count":0,"_bbp_reply_count":0,"_bbp_total_topic_count":0,"_bbp_total_reply_count":0,"_bbp_voice_count":0,"_bbp_anonymous_reply_count":0,"_bbp_topic_count_hidden":0,"_bbp_reply_count_hidden":0,"_bbp_forum_subforum_count":0,"footnotes":""},"categories":[55,77],"tags":[29],"class_list":["post-2673","post","type-post","status-publish","format-standard","hentry","category-generacio-2004","category-mep-rept","tag-aula"],"post_mailing_queue_ids":[],"_links":{"self":[{"href":"https:\/\/agora.xtec.cat\/ceiprieraderibes\/wp-json\/wp\/v2\/posts\/2673","targetHints":{"allow":["GET"]}}],"collection":[{"href":"https:\/\/agora.xtec.cat\/ceiprieraderibes\/wp-json\/wp\/v2\/posts"}],"about":[{"href":"https:\/\/agora.xtec.cat\/ceiprieraderibes\/wp-json\/wp\/v2\/types\/post"}],"author":[{"embeddable":true,"href":"https:\/\/agora.xtec.cat\/ceiprieraderibes\/wp-json\/wp\/v2\/users\/1"}],"replies":[{"embeddable":true,"href":"https:\/\/agora.xtec.cat\/ceiprieraderibes\/wp-json\/wp\/v2\/comments?post=2673"}],"version-history":[{"count":1,"href":"https:\/\/agora.xtec.cat\/ceiprieraderibes\/wp-json\/wp\/v2\/posts\/2673\/revisions"}],"predecessor-version":[{"id":2682,"href":"https:\/\/agora.xtec.cat\/ceiprieraderibes\/wp-json\/wp\/v2\/posts\/2673\/revisions\/2682"}],"wp:attachment":[{"href":"https:\/\/agora.xtec.cat\/ceiprieraderibes\/wp-json\/wp\/v2\/media?parent=2673"}],"wp:term":[{"taxonomy":"category","embeddable":true,"href":"https:\/\/agora.xtec.cat\/ceiprieraderibes\/wp-json\/wp\/v2\/categories?post=2673"},{"taxonomy":"post_tag","embeddable":true,"href":"https:\/\/agora.xtec.cat\/ceiprieraderibes\/wp-json\/wp\/v2\/tags?post=2673"}],"curies":[{"name":"wp","href":"https:\/\/api.w.org\/{rel}","templated":true}]}}