{"id":2668,"date":"2015-02-04T12:53:20","date_gmt":"2015-02-04T12:53:20","guid":{"rendered":"http:\/\/generacio2004.rieraderibes.cat\/?p=421"},"modified":"2016-05-30T17:15:52","modified_gmt":"2016-05-30T16:15:52","slug":"conferencies","status":"publish","type":"post","link":"https:\/\/agora.xtec.cat\/ceiprieraderibes\/generacio-2004\/conferencies\/","title":{"rendered":"Confer\u00e8ncies"},"content":{"rendered":"<p>Aqu\u00ed teniu les presentacions de les confer\u00e8ncies de l&#8217;Arnau, del Yuri i de l&#8217;\u00c0frica<\/p>\n<p><a href=\"http:\/\/agora.xtec.cat\/ceiprieraderibes\/wp-content\/uploads\/usu901\/2015\/02\/LA-GUERRA-CIVIL.pdf\">LA GUERRA CIVIL<\/a><\/p>\n<p><a href=\"http:\/\/agora.xtec.cat\/ceiprieraderibes\/wp-content\/uploads\/usu901\/2015\/02\/Els-V\u00eddeojocs.pdf\">Els V\u00eddeojocs<\/a><\/p>\n<p><a href=\"http:\/\/agora.xtec.cat\/ceiprieraderibes\/wp-content\/uploads\/usu901\/2015\/02\/Les-falles-de-Valencia.pdf\">Les falles de Valencia<\/a><\/p>\n","protected":false},"excerpt":{"rendered":"<p>Aqu\u00ed teniu les presentacions de les confer\u00e8ncies de l&#8217;Arnau, del Yuri i de l&#8217;\u00c0frica<br \/>\n<a href=\"http:\/\/agora.xtec.cat\/ceiprieraderibes\/wp-content\/uploads\/usu901\/2015\/02\/LA-GUERRA-CIVIL.pdf\">LA GUERRA CIVIL<\/a><br \/>\n<a href=\"http:\/\/agora.xtec.cat\/ceiprieraderibes\/wp-content\/uploads\/usu901\/2015\/02\/Els-V\u00eddeojocs.pdf\">Els V\u00eddeojocs<\/a><br \/>\n<a href=\"http:\/\/agora.xtec.cat\/ceiprieraderibes\/wp-content\/uploads\/usu901\/2015\/02\/Les-falles-de-Valencia.pdf\">Les falles de Valencia<\/a><\/p>\n","protected":false},"author":1,"featured_media":0,"comment_status":"open","ping_status":"open","sticky":false,"template":"","format":"standard","meta":{"_bbp_topic_count":0,"_bbp_reply_count":0,"_bbp_total_topic_count":0,"_bbp_total_reply_count":0,"_bbp_voice_count":0,"_bbp_anonymous_reply_count":0,"_bbp_topic_count_hidden":0,"_bbp_reply_count_hidden":0,"_bbp_forum_subforum_count":0,"footnotes":""},"categories":[74,55],"tags":[82],"class_list":["post-2668","post","type-post","status-publish","format-standard","hentry","category-el-formiguer","category-generacio-2004","tag-conferencies"],"post_mailing_queue_ids":[],"_links":{"self":[{"href":"https:\/\/agora.xtec.cat\/ceiprieraderibes\/wp-json\/wp\/v2\/posts\/2668","targetHints":{"allow":["GET"]}}],"collection":[{"href":"https:\/\/agora.xtec.cat\/ceiprieraderibes\/wp-json\/wp\/v2\/posts"}],"about":[{"href":"https:\/\/agora.xtec.cat\/ceiprieraderibes\/wp-json\/wp\/v2\/types\/post"}],"author":[{"embeddable":true,"href":"https:\/\/agora.xtec.cat\/ceiprieraderibes\/wp-json\/wp\/v2\/users\/1"}],"replies":[{"embeddable":true,"href":"https:\/\/agora.xtec.cat\/ceiprieraderibes\/wp-json\/wp\/v2\/comments?post=2668"}],"version-history":[{"count":1,"href":"https:\/\/agora.xtec.cat\/ceiprieraderibes\/wp-json\/wp\/v2\/posts\/2668\/revisions"}],"predecessor-version":[{"id":2688,"href":"https:\/\/agora.xtec.cat\/ceiprieraderibes\/wp-json\/wp\/v2\/posts\/2668\/revisions\/2688"}],"wp:attachment":[{"href":"https:\/\/agora.xtec.cat\/ceiprieraderibes\/wp-json\/wp\/v2\/media?parent=2668"}],"wp:term":[{"taxonomy":"category","embeddable":true,"href":"https:\/\/agora.xtec.cat\/ceiprieraderibes\/wp-json\/wp\/v2\/categories?post=2668"},{"taxonomy":"post_tag","embeddable":true,"href":"https:\/\/agora.xtec.cat\/ceiprieraderibes\/wp-json\/wp\/v2\/tags?post=2668"}],"curies":[{"name":"wp","href":"https:\/\/api.w.org\/{rel}","templated":true}]}}