{"id":2667,"date":"2015-02-04T10:45:47","date_gmt":"2015-02-04T10:45:47","guid":{"rendered":"http:\/\/generacio2004.rieraderibes.cat\/?p=385"},"modified":"2016-05-30T17:15:52","modified_gmt":"2016-05-30T16:15:52","slug":"cinema-en-curs","status":"publish","type":"post","link":"https:\/\/agora.xtec.cat\/ceiprieraderibes\/sin-categoria\/cinema-en-curs\/","title":{"rendered":"Cinema en curs"},"content":{"rendered":"<p>Des de ja fa uns quants anys, l&#8217;Escola participa en el projecte Cinema en curs conjuntament amb d&#8217;altres centres de tot Catalunya.<\/p>\n<p style=\"text-align: center;\">\u00a0<a href=\"http:\/\/agora.xtec.cat\/ceiprieraderibes\/wp-content\/uploads\/usu901\/2015\/02\/Cinema-en-curs2.jpg\"><img loading=\"lazy\" decoding=\"async\" class=\"alignnone wp-image-407 size-full\" src=\"http:\/\/agora.xtec.cat\/ceiprieraderibes\/wp-content\/uploads\/usu901\/2015\/02\/Cinema-en-curs2.jpg\" alt=\"Cinema en curs2\" width=\"1024\" height=\"768\" \/><\/a><\/p>\n<p>Els alumnes de 4t, 5\u00e8 i 6\u00e8 poden formar part al llarg d&#8217;un trimestre del Rac\u00f3 de Cinema en curs, que vincula la feina feta a l&#8217;Escola amb aquest projecte mitjan\u00e7ant l&#8217;assessorament dels experts, com en el nostre cas en Pablo, i l&#8217;elaboraci\u00f3 i publicaci\u00f3 dels treballs al blog del projecte Cinema en curs.<\/p>\n<p>A continuaci\u00f3 us facilitem els enlla\u00e7os de la web del Projecte Cinema en curs i del Blog on anirem publicant les nostres feines juntament amb les dels alumnes dels altres centres que formen part d&#8217;aquest projecte.<\/p>\n<p style=\"text-align: center;\">Cinema en curs web:\u00a0 <a title=\"Cinema en curs web\" href=\"http:\/\/www.cinemaencurs.org\/\" target=\"_blank\">http:\/\/www.cinemaencurs.org\/<\/a><\/p>\n<p style=\"text-align: center;\">Cinema en curs blog:\u00a0 <a title=\"Cinema en curs blog\" href=\"http:\/\/bloc.cinemaencurs.org\/\" target=\"_blank\">http:\/\/bloc.cinemaencurs.org\/<\/a><\/p>\n<p>&nbsp;<\/p>\n<p>Esperem que us agradin les nostres aportacions!<\/p>\n","protected":false},"excerpt":{"rendered":"<p>Des de ja fa uns quants anys, l&#8217;Escola participa en el projecte Cinema en curs conjuntament amb d&#8217;altres centres de tot Catalunya.<br \/>\n\u00a0<a href=\"http:\/\/agora.xtec.cat\/ceiprieraderibes\/wp-content\/uploads\/usu901\/2015\/02\/Cinema-en-curs2.jpg\"><\/a><br \/>\nEls alumnes de 4t, 5\u00e8 i 6\u00e8 poden formar part al llarg d&#8217;un trimestre del Rac\u00f3 de Cinema en curs, que vincula la&hellip;  <a href=\"https:\/\/agora.xtec.cat\/ceiprieraderibes\/sin-categoria\/cinema-en-curs\/\" title=\"Read Cinema en curs\">Llegeix m\u00e9s\u00bb<\/a><\/p>\n","protected":false},"author":1,"featured_media":2590,"comment_status":"open","ping_status":"open","sticky":false,"template":"","format":"standard","meta":{"_bbp_topic_count":0,"_bbp_reply_count":0,"_bbp_total_topic_count":0,"_bbp_total_reply_count":0,"_bbp_voice_count":0,"_bbp_anonymous_reply_count":0,"_bbp_topic_count_hidden":0,"_bbp_reply_count_hidden":0,"_bbp_forum_subforum_count":0,"footnotes":""},"categories":[22,55],"tags":[],"class_list":["post-2667","post","type-post","status-publish","format-standard","has-post-thumbnail","hentry","category-sin-categoria","category-generacio-2004"],"post_mailing_queue_ids":[],"_links":{"self":[{"href":"https:\/\/agora.xtec.cat\/ceiprieraderibes\/wp-json\/wp\/v2\/posts\/2667","targetHints":{"allow":["GET"]}}],"collection":[{"href":"https:\/\/agora.xtec.cat\/ceiprieraderibes\/wp-json\/wp\/v2\/posts"}],"about":[{"href":"https:\/\/agora.xtec.cat\/ceiprieraderibes\/wp-json\/wp\/v2\/types\/post"}],"author":[{"embeddable":true,"href":"https:\/\/agora.xtec.cat\/ceiprieraderibes\/wp-json\/wp\/v2\/users\/1"}],"replies":[{"embeddable":true,"href":"https:\/\/agora.xtec.cat\/ceiprieraderibes\/wp-json\/wp\/v2\/comments?post=2667"}],"version-history":[{"count":1,"href":"https:\/\/agora.xtec.cat\/ceiprieraderibes\/wp-json\/wp\/v2\/posts\/2667\/revisions"}],"predecessor-version":[{"id":2689,"href":"https:\/\/agora.xtec.cat\/ceiprieraderibes\/wp-json\/wp\/v2\/posts\/2667\/revisions\/2689"}],"wp:featuredmedia":[{"embeddable":true,"href":"https:\/\/agora.xtec.cat\/ceiprieraderibes\/wp-json\/wp\/v2\/media\/2590"}],"wp:attachment":[{"href":"https:\/\/agora.xtec.cat\/ceiprieraderibes\/wp-json\/wp\/v2\/media?parent=2667"}],"wp:term":[{"taxonomy":"category","embeddable":true,"href":"https:\/\/agora.xtec.cat\/ceiprieraderibes\/wp-json\/wp\/v2\/categories?post=2667"},{"taxonomy":"post_tag","embeddable":true,"href":"https:\/\/agora.xtec.cat\/ceiprieraderibes\/wp-json\/wp\/v2\/tags?post=2667"}],"curies":[{"name":"wp","href":"https:\/\/api.w.org\/{rel}","templated":true}]}}