{"id":2664,"date":"2015-01-27T13:23:39","date_gmt":"2015-01-27T13:23:39","guid":{"rendered":"http:\/\/generacio2004.rieraderibes.cat\/?p=346"},"modified":"2016-05-30T17:15:52","modified_gmt":"2016-05-30T16:15:52","slug":"premi-nobel","status":"publish","type":"post","link":"https:\/\/agora.xtec.cat\/ceiprieraderibes\/generacio-2004\/premi-nobel\/","title":{"rendered":"Premi Nobel"},"content":{"rendered":"<p>Un dia, a classe v\u00e0rem parlar de que era el premi Nobel de la Pau.<br \/>\nEl premi Nobel de la Pau el va crear Alfred Nobel i \u00e9s d\u00f3na en una cerim\u00f2nia oficial que se celebra cada 10 de desembre a Oslo (Noruega), coincidint amb la data de la mort d\u2019Alfred Nobel.<br \/>\nEnguany, el premi Nobel de la Pau va ser per dues persones, la Malala Yousafzai i en Kailash Satyati.<br \/>\nLa Malala Yousafzai \u00e9s una nena pakistanesa que va ser tirotejada quan anava a l\u2019escola. Vam veure unes imatges d\u2019ella i uns v\u00eddeos, la veritat \u00e9s que ens van impressionar molt\u00edssim. Vam estar parlant molta estona i vam arribar a conclusions molt interessants sobre el fet de poder anar a l\u2019escola, l\u2019inter\u00e8s i la import\u00e0ncia de l\u2019educaci\u00f3, la fortalesa d\u2019algunes persones, la valentia, les pol\u00edtiques repressives, la por&#8230;<br \/>\nEn Kailash Satyati \u00e9s un senyor indi que va alliberar a 80.000 nens de viure esclavitzats i va fer que poguessin anar a l\u2019escola. Des de fa molts anys lluita contra l\u2019esclavitud infantil, els treballs for\u00e7ats i el tr\u00e0fic de nens.<br \/>\nLa historia d\u2019en Kailash Satyati tamb\u00e9 ens va impressionar molt, jo no m\u2019imaginava, per res del m\u00f3n, qu\u00e8 passessin aquestes hist\u00f2ries tan terribles. Ara me n\u2019adono de la crueltat d\u2019algunes persones i del que han de passar alguns nens i nenes de 10 anys, com jo.<br \/>\n<strong> Pol Masip, 5\u00e8 A<\/strong><\/p>\n","protected":false},"excerpt":{"rendered":"<p>Un dia, a classe v\u00e0rem parlar de que era el premi Nobel de la Pau.<br \/>\nEl premi Nobel de la Pau el va crear Alfred Nobel i \u00e9s d\u00f3na en una cerim\u00f2nia oficial que se celebra cada 10 de desembre a Oslo (Noruega), coincidint amb la&hellip;  <a href=\"https:\/\/agora.xtec.cat\/ceiprieraderibes\/generacio-2004\/premi-nobel\/\" title=\"Read Premi Nobel\">Llegeix m\u00e9s\u00bb<\/a><\/p>\n","protected":false},"author":1,"featured_media":0,"comment_status":"open","ping_status":"open","sticky":false,"template":"","format":"standard","meta":{"_bbp_topic_count":0,"_bbp_reply_count":0,"_bbp_total_topic_count":0,"_bbp_total_reply_count":0,"_bbp_voice_count":0,"_bbp_anonymous_reply_count":0,"_bbp_topic_count_hidden":0,"_bbp_reply_count_hidden":0,"_bbp_forum_subforum_count":0,"footnotes":""},"categories":[55,77],"tags":[88],"class_list":["post-2664","post","type-post","status-publish","format-standard","hentry","category-generacio-2004","category-mep-rept","tag-noticias"],"post_mailing_queue_ids":[],"_links":{"self":[{"href":"https:\/\/agora.xtec.cat\/ceiprieraderibes\/wp-json\/wp\/v2\/posts\/2664","targetHints":{"allow":["GET"]}}],"collection":[{"href":"https:\/\/agora.xtec.cat\/ceiprieraderibes\/wp-json\/wp\/v2\/posts"}],"about":[{"href":"https:\/\/agora.xtec.cat\/ceiprieraderibes\/wp-json\/wp\/v2\/types\/post"}],"author":[{"embeddable":true,"href":"https:\/\/agora.xtec.cat\/ceiprieraderibes\/wp-json\/wp\/v2\/users\/1"}],"replies":[{"embeddable":true,"href":"https:\/\/agora.xtec.cat\/ceiprieraderibes\/wp-json\/wp\/v2\/comments?post=2664"}],"version-history":[{"count":1,"href":"https:\/\/agora.xtec.cat\/ceiprieraderibes\/wp-json\/wp\/v2\/posts\/2664\/revisions"}],"predecessor-version":[{"id":2692,"href":"https:\/\/agora.xtec.cat\/ceiprieraderibes\/wp-json\/wp\/v2\/posts\/2664\/revisions\/2692"}],"wp:attachment":[{"href":"https:\/\/agora.xtec.cat\/ceiprieraderibes\/wp-json\/wp\/v2\/media?parent=2664"}],"wp:term":[{"taxonomy":"category","embeddable":true,"href":"https:\/\/agora.xtec.cat\/ceiprieraderibes\/wp-json\/wp\/v2\/categories?post=2664"},{"taxonomy":"post_tag","embeddable":true,"href":"https:\/\/agora.xtec.cat\/ceiprieraderibes\/wp-json\/wp\/v2\/tags?post=2664"}],"curies":[{"name":"wp","href":"https:\/\/api.w.org\/{rel}","templated":true}]}}