{"id":2663,"date":"2015-01-27T12:52:01","date_gmt":"2015-01-27T12:52:01","guid":{"rendered":"http:\/\/generacio2004.rieraderibes.cat\/?p=335"},"modified":"2016-05-30T17:15:52","modified_gmt":"2016-05-30T16:15:52","slug":"335","status":"publish","type":"post","link":"https:\/\/agora.xtec.cat\/ceiprieraderibes\/generacio-2004\/335\/","title":{"rendered":"Fem el Regal"},"content":{"rendered":"<p>El dia que ens van dir a qui li f\u00e8iem el regal del Calendari d\u2019Advent vam comen\u00e7ar a cridar d\u2019emoci\u00f3 (tant se val el curs que ens hagu\u00e9s tocat, hagu\u00e9ssim cridat igual). El mateix dia vam baixar a espiar-los per saber com es deien, quants eren&#8230; Va ser f\u00e0cil perqu\u00e8 justament tenien educaci\u00f3 f\u00edsica.<br \/>\nQuan vam tornar, vam comen\u00e7ar a pensar idees de regals, qu\u00e8 si un joc, una visita a algun lloc que s\u2019adi\u00e9s amb el nom de la classe&#8230; com que es diuen \u201cquina canya ser cient\u00edfic\u201d, vam decidir fer un llibre d\u2019experiments i unes capses d\u2019experimentaci\u00f3 amb els materials de cada experiment.<br \/>\nUns quants i jo, v\u00e0rem anar a espiar i v\u00e0rem trobar unes fotos d\u2019ells disfressats de cient\u00edfics i les v\u00e0rem ficar al llibre (al final les vam treure).<br \/>\nEl dia que els hi hav\u00edem de donar el regal, no ho ten\u00edem acabat i els hi v\u00e0rem enviar una carta que deia que per motius t\u00e8cnics els hi donar\u00edem l\u2019endem\u00e0.<br \/>\nEl dia que els hi vam regalar havien de fer un joc de pistes i ens ho vam passar molt b\u00e9. Vam portar una m\u00e0quina de fum per simular un laboratori i aix\u00f2 ens va agradar especialment perqu\u00e8 el fum era molt dens i no es veia res. Els nens de 3r es van espantar i vam riure molt.<\/p>\n<p><strong>\u00a0\u00a0\u00a0\u00a0\u00a0\u00a0\u00a0\u00a0\u00a0\u00a0\u00a0\u00a0\u00a0\u00a0\u00a0\u00a0\u00a0\u00a0\u00a0\u00a0\u00a0\u00a0\u00a0\u00a0\u00a0\u00a0\u00a0\u00a0\u00a0\u00a0\u00a0\u00a0\u00a0\u00a0\u00a0\u00a0\u00a0\u00a0\u00a0\u00a0\u00a0\u00a0\u00a0\u00a0\u00a0\u00a0\u00a0\u00a0\u00a0\u00a0\u00a0\u00a0\u00a0\u00a0\u00a0\u00a0\u00a0\u00a0\u00a0\u00a0\u00a0\u00a0\u00a0\u00a0\u00a0\u00a0\u00a0\u00a0\u00a0\u00a0\u00a0\u00a0\u00a0\u00a0\u00a0\u00a0\u00a0\u00a0\u00a0\u00a0\u00a0\u00a0\u00a0\u00a0\u00a0\u00a0\u00a0\u00a0\u00a0\u00a0\u00a0\u00a0\u00a0\u00a0\u00a0\u00a0\u00a0\u00a0\u00a0\u00a0\u00a0\u00a0\u00a0\u00a0\u00a0\u00a0\u00a0\u00a0\u00a0\u00a0\u00a0\u00a0\u00a0\u00a0\u00a0\u00a0\u00a0\u00a0\u00a0\u00a0\u00a0\u00a0\u00a0\u00a0\u00a0\u00a0\u00a0\u00a0\u00a0\u00a0\u00a0\u00a0\u00a0\u00a0\u00a0\u00a0\u00a0\u00a0\u00a0\u00a0\u00a0\u00a0\u00a0\u00a0\u00a0\u00a0\u00a0\u00a0\u00a0\u00a0\u00a0\u00a0\u00a0\u00a0\u00a0\u00a0\u00a0\u00a0\u00a0\u00a0\u00a0\u00a0\u00a0\u00a0\u00a0\u00a0\u00a0\u00a0\u00a0\u00a0\u00a0\u00a0\u00a0\u00a0\u00a0\u00a0\u00a0\u00a0\u00a0\u00a0\u00a0\u00a0\u00a0\u00a0\u00a0\u00a0\u00a0\u00a0\u00a0\u00a0\u00a0\u00a0\u00a0\u00a0\u00a0\u00a0\u00a0\u00a0\u00a0\u00a0\u00a0\u00a0\u00a0\u00a0\u00a0\u00a0\u00a0\u00a0\u00a0\u00a0\u00a0 Roger Torrents, 5\u00e8 A<\/strong><\/p>\n<p><a href=\"http:\/\/agora.xtec.cat\/ceiprieraderibes\/wp-content\/uploads\/usu901\/2015\/01\/text-roger-21.jpg\"><img loading=\"lazy\" decoding=\"async\" class=\"aligncenter size-medium wp-image-376\" src=\"http:\/\/agora.xtec.cat\/ceiprieraderibes\/wp-content\/uploads\/usu901\/2015\/01\/text-roger-21-300x225.jpg\" alt=\"text roger 2\" width=\"300\" height=\"225\" \/><\/a> <a href=\"http:\/\/agora.xtec.cat\/ceiprieraderibes\/wp-content\/uploads\/usu901\/2015\/01\/text-roger-2.jpg\"><img loading=\"lazy\" decoding=\"async\" class=\"aligncenter size-medium wp-image-375\" src=\"http:\/\/agora.xtec.cat\/ceiprieraderibes\/wp-content\/uploads\/usu901\/2015\/01\/text-roger-2-300x225.jpg\" alt=\"text roger 2\" width=\"300\" height=\"225\" \/><\/a><\/p>\n","protected":false},"excerpt":{"rendered":"<p>El dia que ens van dir a qui li f\u00e8iem el regal del Calendari d\u2019Advent vam comen\u00e7ar a cridar d\u2019emoci\u00f3 (tant se val el curs que ens hagu\u00e9s tocat, hagu\u00e9ssim cridat igual). El mateix dia vam baixar a espiar-los per saber com es deien, quants&hellip;  <a href=\"https:\/\/agora.xtec.cat\/ceiprieraderibes\/generacio-2004\/335\/\" title=\"Read Fem el Regal\">Llegeix m\u00e9s\u00bb<\/a><\/p>\n","protected":false},"author":1,"featured_media":0,"comment_status":"open","ping_status":"open","sticky":false,"template":"","format":"standard","meta":{"_bbp_topic_count":0,"_bbp_reply_count":0,"_bbp_total_topic_count":0,"_bbp_total_reply_count":0,"_bbp_voice_count":0,"_bbp_anonymous_reply_count":0,"_bbp_topic_count_hidden":0,"_bbp_reply_count_hidden":0,"_bbp_forum_subforum_count":0,"footnotes":""},"categories":[55,77],"tags":[81],"class_list":["post-2663","post","type-post","status-publish","format-standard","hentry","category-generacio-2004","category-mep-rept","tag-calendari-dadvent"],"post_mailing_queue_ids":[],"_links":{"self":[{"href":"https:\/\/agora.xtec.cat\/ceiprieraderibes\/wp-json\/wp\/v2\/posts\/2663","targetHints":{"allow":["GET"]}}],"collection":[{"href":"https:\/\/agora.xtec.cat\/ceiprieraderibes\/wp-json\/wp\/v2\/posts"}],"about":[{"href":"https:\/\/agora.xtec.cat\/ceiprieraderibes\/wp-json\/wp\/v2\/types\/post"}],"author":[{"embeddable":true,"href":"https:\/\/agora.xtec.cat\/ceiprieraderibes\/wp-json\/wp\/v2\/users\/1"}],"replies":[{"embeddable":true,"href":"https:\/\/agora.xtec.cat\/ceiprieraderibes\/wp-json\/wp\/v2\/comments?post=2663"}],"version-history":[{"count":1,"href":"https:\/\/agora.xtec.cat\/ceiprieraderibes\/wp-json\/wp\/v2\/posts\/2663\/revisions"}],"predecessor-version":[{"id":2693,"href":"https:\/\/agora.xtec.cat\/ceiprieraderibes\/wp-json\/wp\/v2\/posts\/2663\/revisions\/2693"}],"wp:attachment":[{"href":"https:\/\/agora.xtec.cat\/ceiprieraderibes\/wp-json\/wp\/v2\/media?parent=2663"}],"wp:term":[{"taxonomy":"category","embeddable":true,"href":"https:\/\/agora.xtec.cat\/ceiprieraderibes\/wp-json\/wp\/v2\/categories?post=2663"},{"taxonomy":"post_tag","embeddable":true,"href":"https:\/\/agora.xtec.cat\/ceiprieraderibes\/wp-json\/wp\/v2\/tags?post=2663"}],"curies":[{"name":"wp","href":"https:\/\/api.w.org\/{rel}","templated":true}]}}