{"id":2662,"date":"2015-01-27T11:10:01","date_gmt":"2015-01-27T11:10:01","guid":{"rendered":"http:\/\/generacio2004.rieraderibes.cat\/?p=307"},"modified":"2016-05-30T17:15:52","modified_gmt":"2016-05-30T16:15:52","slug":"recital-de-poesia","status":"publish","type":"post","link":"https:\/\/agora.xtec.cat\/ceiprieraderibes\/generacio-2004\/recital-de-poesia\/","title":{"rendered":"Recital de poesia"},"content":{"rendered":"<p><strong>Recital de poesia<\/strong><\/p>\n<p>Era un dia qualsevol d\u2019escola del primer trimestre, est\u00e0vem traient l\u2019agenda per apuntar els deures, quan la N\u00faria (la meva professora) ens va comunicar la gran noticia.<br \/>\nAn\u00e0vem a fer un recital de poesia!!!<br \/>\nA mi, que m\u2019encanta la poesia, aquesta noticia em va fer molta il\u2022lusi\u00f3. De seguida  vam  comen\u00e7ar a preparar-nos, a pensar qu\u00e8 recitar\u00edem etc.<br \/>\nLes poesies que van ser triades per recitar van ser: la Canci\u00f3n del pirata (Jos\u00e9 Espronceda), Caminante no hay camino (Antonio Machado), El Preg\u00f3n (Rafael Alberti), les campanes de Sant Honorat (Josep Maria de Segarra), La vaca cega (Joan Maragall) i moltes m\u00e9s.<br \/>\nA l\u2019hora de fer el programa de m\u00e0 pel recital, van haver-hi uns quants errors i els  presentadors van haver de disculpar-se en nom de tots.<br \/>\nLa data del recital es va haver de canviar unes quantes vegades per\u00f2 al final va arribar el dia.<br \/>\nEst\u00e0vem tots molt nerviosos per\u00f2 finalment va sortir molt b\u00e9.<br \/>\nHo hav\u00edem preparat molt b\u00e9 i ens mereix\u00edem aqueta vict\u00f2ria.<br \/>\nAquest recital de poesia va servir perqu\u00e8 molts practiqu\u00e9ssim la literatura, i aix\u00f2 ens porta a parlar d\u2019un altre tema:<br \/>\nA la classe tothom llegeix pels altres un hist\u00f2ria, una faula o una poesia. D\u2019aquesta manera, tots podem practicar m\u00e9s la literatura, el nostre llenguatge i la nostre lectura pels altres.<br \/>\nAmb aquest text, espero haver-vos fet saber suficient sobre la lectura en la nostra classe.<br \/>\n<strong>Daniela Mart\u00ed 5\u00e8A<\/strong><\/p>\n","protected":false},"excerpt":{"rendered":"<p>Recital de poesia<br \/>\nEra un dia qualsevol d\u2019escola del primer trimestre, est\u00e0vem traient l\u2019agenda per apuntar els deures, quan la N\u00faria (la meva professora) ens va comunicar la gran noticia.<br \/>\nAn\u00e0vem a fer un recital de poesia!!!<br \/>\nA mi, que m\u2019encanta la poesia, aquesta noticia em va fer&hellip;  <a href=\"https:\/\/agora.xtec.cat\/ceiprieraderibes\/generacio-2004\/recital-de-poesia\/\" title=\"Read Recital de poesia\">Llegeix m\u00e9s\u00bb<\/a><\/p>\n","protected":false},"author":1,"featured_media":0,"comment_status":"open","ping_status":"open","sticky":false,"template":"","format":"standard","meta":{"_bbp_topic_count":0,"_bbp_reply_count":0,"_bbp_total_topic_count":0,"_bbp_total_reply_count":0,"_bbp_voice_count":0,"_bbp_anonymous_reply_count":0,"_bbp_topic_count_hidden":0,"_bbp_reply_count_hidden":0,"_bbp_forum_subforum_count":0,"footnotes":""},"categories":[55,77],"tags":[89],"class_list":["post-2662","post","type-post","status-publish","format-standard","hentry","category-generacio-2004","category-mep-rept","tag-recital"],"post_mailing_queue_ids":[],"_links":{"self":[{"href":"https:\/\/agora.xtec.cat\/ceiprieraderibes\/wp-json\/wp\/v2\/posts\/2662","targetHints":{"allow":["GET"]}}],"collection":[{"href":"https:\/\/agora.xtec.cat\/ceiprieraderibes\/wp-json\/wp\/v2\/posts"}],"about":[{"href":"https:\/\/agora.xtec.cat\/ceiprieraderibes\/wp-json\/wp\/v2\/types\/post"}],"author":[{"embeddable":true,"href":"https:\/\/agora.xtec.cat\/ceiprieraderibes\/wp-json\/wp\/v2\/users\/1"}],"replies":[{"embeddable":true,"href":"https:\/\/agora.xtec.cat\/ceiprieraderibes\/wp-json\/wp\/v2\/comments?post=2662"}],"version-history":[{"count":1,"href":"https:\/\/agora.xtec.cat\/ceiprieraderibes\/wp-json\/wp\/v2\/posts\/2662\/revisions"}],"predecessor-version":[{"id":2696,"href":"https:\/\/agora.xtec.cat\/ceiprieraderibes\/wp-json\/wp\/v2\/posts\/2662\/revisions\/2696"}],"wp:attachment":[{"href":"https:\/\/agora.xtec.cat\/ceiprieraderibes\/wp-json\/wp\/v2\/media?parent=2662"}],"wp:term":[{"taxonomy":"category","embeddable":true,"href":"https:\/\/agora.xtec.cat\/ceiprieraderibes\/wp-json\/wp\/v2\/categories?post=2662"},{"taxonomy":"post_tag","embeddable":true,"href":"https:\/\/agora.xtec.cat\/ceiprieraderibes\/wp-json\/wp\/v2\/tags?post=2662"}],"curies":[{"name":"wp","href":"https:\/\/api.w.org\/{rel}","templated":true}]}}