{"id":2650,"date":"2015-01-19T15:02:12","date_gmt":"2015-01-19T15:02:12","guid":{"rendered":"http:\/\/generacio2004.rieraderibes.cat\/?p=173"},"modified":"2016-05-30T17:16:47","modified_gmt":"2016-05-30T16:16:47","slug":"conferencia-de-larnau-guillaumes","status":"publish","type":"post","link":"https:\/\/agora.xtec.cat\/ceiprieraderibes\/sin-categoria\/conferencia-de-larnau-guillaumes\/","title":{"rendered":"CONFER\u00c8NCIA DE L&#8217;ARNAU GUILLAUMES"},"content":{"rendered":"\n<p>LA GUERRA CIVIL<\/p>\n<p><em>El divendres 14 de novembre l\u2019Arnau ens va fer la confer\u00e8ncia sobre la guerra civil espanyola . Va ser molt interessant i ens va agradar molt a tots.Aqu\u00ed tenim algunes de les coses que ens va explicar:<\/em><\/p>\n<p>La guerra civil espanyola va comen\u00e7ar l&#8217;any 1.936.<\/p>\n<p>\u00c9s la guerra m\u00e9s gran i destructiva que ha passat mai a Espanya. Van morir 500.000 persones. Va quedar tot destru\u00eft, les ciutats m\u00e9s bombardejades van ser: Madrid, Barcelona i Guernica.<\/p>\n<p>La guerra civil va enfrontar 2 b\u00e0ndols: el b\u00e0ndol Nacional, dirigit per Franco i el b\u00e0ndol Republic\u00e0 (socialistes, comunistes, anarquistes), que era un b\u00e0ndol format per obrers, camperols, sindicats. Aquesta guerra no deixa de ser un enfrontament entre les files d&#8217;esquerra (republicans) i la dreta (nacionalistes).<\/p>\n<p>La dreta tenia el suport d\u2019It\u00e0lia id\u2019Alemanya i l&#8217;esquerra tenia el suport de la Uni\u00f3 Sovi\u00e8tica. Va resultar que l&#8217;equip de Franco cada dia era m\u00e9s fort i van guanyar la guerra.<\/p>\n<p>Una de les batalles m\u00e9s importants va ser la batalla de l&#8217;Ebre que va durar 4 mesos.<\/p>\n<p>L&#8217;any 1939, quan va acabar, va haver-hi un per\u00edode molt llarg de fam, conegut com la post-guerra.<\/p>\n<p>Pablo Picasso va representar l&#8217;horror de la guerra en el seu quadre titulat \u201cEl Guernica\u201d.<\/p>\n<p>Guernica \u00e9s la primera ciutat on els avions van bombardejar la poblaci\u00f3 civil.<\/p>\n<p style=\"text-align: right\">Ian Sillu\u00e9 i Roger Adam<\/p>\n","protected":false},"excerpt":{"rendered":"<p>LA GUERRA CIVIL<br \/>\nEl divendres 14 de novembre l\u2019Arnau ens va fer la confer\u00e8ncia sobre la guerra civil espanyola . Va ser molt interessant i ens va agradar molt a tots.Aqu\u00ed tenim algunes de les coses que ens va explicar:<br \/>\nLa guerra civil espanyola va comen\u00e7ar l&#8217;any&hellip;  <a href=\"https:\/\/agora.xtec.cat\/ceiprieraderibes\/sin-categoria\/conferencia-de-larnau-guillaumes\/\" title=\"Read CONFER\u00c8NCIA DE L&#8217;ARNAU GUILLAUMES\">Llegeix m\u00e9s\u00bb<\/a><\/p>\n","protected":false},"author":1,"featured_media":0,"comment_status":"open","ping_status":"open","sticky":false,"template":"","format":"standard","meta":{"_bbp_topic_count":0,"_bbp_reply_count":0,"_bbp_total_topic_count":0,"_bbp_total_reply_count":0,"_bbp_voice_count":0,"_bbp_anonymous_reply_count":0,"_bbp_topic_count_hidden":0,"_bbp_reply_count_hidden":0,"_bbp_forum_subforum_count":0,"footnotes":""},"categories":[22,74,55],"tags":[82],"class_list":["post-2650","post","type-post","status-publish","format-standard","hentry","category-sin-categoria","category-el-formiguer","category-generacio-2004","tag-conferencies"],"post_mailing_queue_ids":[],"_links":{"self":[{"href":"https:\/\/agora.xtec.cat\/ceiprieraderibes\/wp-json\/wp\/v2\/posts\/2650","targetHints":{"allow":["GET"]}}],"collection":[{"href":"https:\/\/agora.xtec.cat\/ceiprieraderibes\/wp-json\/wp\/v2\/posts"}],"about":[{"href":"https:\/\/agora.xtec.cat\/ceiprieraderibes\/wp-json\/wp\/v2\/types\/post"}],"author":[{"embeddable":true,"href":"https:\/\/agora.xtec.cat\/ceiprieraderibes\/wp-json\/wp\/v2\/users\/1"}],"replies":[{"embeddable":true,"href":"https:\/\/agora.xtec.cat\/ceiprieraderibes\/wp-json\/wp\/v2\/comments?post=2650"}],"version-history":[{"count":1,"href":"https:\/\/agora.xtec.cat\/ceiprieraderibes\/wp-json\/wp\/v2\/posts\/2650\/revisions"}],"predecessor-version":[{"id":2707,"href":"https:\/\/agora.xtec.cat\/ceiprieraderibes\/wp-json\/wp\/v2\/posts\/2650\/revisions\/2707"}],"wp:attachment":[{"href":"https:\/\/agora.xtec.cat\/ceiprieraderibes\/wp-json\/wp\/v2\/media?parent=2650"}],"wp:term":[{"taxonomy":"category","embeddable":true,"href":"https:\/\/agora.xtec.cat\/ceiprieraderibes\/wp-json\/wp\/v2\/categories?post=2650"},{"taxonomy":"post_tag","embeddable":true,"href":"https:\/\/agora.xtec.cat\/ceiprieraderibes\/wp-json\/wp\/v2\/tags?post=2650"}],"curies":[{"name":"wp","href":"https:\/\/api.w.org\/{rel}","templated":true}]}}