{"id":2648,"date":"2015-01-20T10:39:38","date_gmt":"2015-01-20T10:39:38","guid":{"rendered":"http:\/\/generacio2004.rieraderibes.cat\/?p=168"},"modified":"2016-05-30T17:16:47","modified_gmt":"2016-05-30T16:16:47","slug":"recital-de-poesies","status":"publish","type":"post","link":"https:\/\/agora.xtec.cat\/ceiprieraderibes\/generacio-2004\/recital-de-poesies\/","title":{"rendered":"RECITAL DE POESIES"},"content":{"rendered":"<p>El dijous 4 de desembre del 2014 , vam recitar al gimn\u00e0s de l\u2019escola, algunes de les poesies de les\u00a0 que hem apr\u00e8s\u00a0 a la classe . El p\u00fablic que ens escoltava eren les nostres fam\u00edlies i els companys de 4t i de 6\u00e8.<\/p>\n<p>Hi havia poesies molt conegudes com per exemple: La vaca cega, la Canci\u00f3n del pirata, el cant de la senyera, La campana de Sant Honorat. Alguna de la Gloria Fuertes.<\/p>\n<p>Tot els nens i les nenes que van participar ho van fer molt b\u00e9 , i aix\u00f2 que hi havien poesies molt enrevessades o amb paraules dif\u00edcils .<\/p>\n<p>Tot aix\u00f2 ha sigut possible gr\u00e0cies a la N\u00faria i a la Neus que ens han ajudat a fer-ho<\/p>\n<p>&nbsp;<\/p>\n<p style=\"text-align: right\">Carla Alvarez Zabala<\/p>\n","protected":false},"excerpt":{"rendered":"<p>El dijous 4 de desembre del 2014 , vam recitar al gimn\u00e0s de l\u2019escola, algunes de les poesies de les\u00a0 que hem apr\u00e8s\u00a0 a la classe . El p\u00fablic que ens escoltava eren les nostres fam\u00edlies i els companys de 4t i de 6\u00e8.<br \/>\nHi havia&hellip;  <a href=\"https:\/\/agora.xtec.cat\/ceiprieraderibes\/generacio-2004\/recital-de-poesies\/\" title=\"Read RECITAL DE POESIES\">Llegeix m\u00e9s\u00bb<\/a><\/p>\n","protected":false},"author":1,"featured_media":0,"comment_status":"open","ping_status":"open","sticky":false,"template":"","format":"standard","meta":{"_bbp_topic_count":0,"_bbp_reply_count":0,"_bbp_total_topic_count":0,"_bbp_total_reply_count":0,"_bbp_voice_count":0,"_bbp_anonymous_reply_count":0,"_bbp_topic_count_hidden":0,"_bbp_reply_count_hidden":0,"_bbp_forum_subforum_count":0,"footnotes":""},"categories":[74,55,77],"tags":[86],"class_list":["post-2648","post","type-post","status-publish","format-standard","hentry","category-el-formiguer","category-generacio-2004","category-mep-rept","tag-lectura"],"post_mailing_queue_ids":[],"_links":{"self":[{"href":"https:\/\/agora.xtec.cat\/ceiprieraderibes\/wp-json\/wp\/v2\/posts\/2648","targetHints":{"allow":["GET"]}}],"collection":[{"href":"https:\/\/agora.xtec.cat\/ceiprieraderibes\/wp-json\/wp\/v2\/posts"}],"about":[{"href":"https:\/\/agora.xtec.cat\/ceiprieraderibes\/wp-json\/wp\/v2\/types\/post"}],"author":[{"embeddable":true,"href":"https:\/\/agora.xtec.cat\/ceiprieraderibes\/wp-json\/wp\/v2\/users\/1"}],"replies":[{"embeddable":true,"href":"https:\/\/agora.xtec.cat\/ceiprieraderibes\/wp-json\/wp\/v2\/comments?post=2648"}],"version-history":[{"count":1,"href":"https:\/\/agora.xtec.cat\/ceiprieraderibes\/wp-json\/wp\/v2\/posts\/2648\/revisions"}],"predecessor-version":[{"id":2706,"href":"https:\/\/agora.xtec.cat\/ceiprieraderibes\/wp-json\/wp\/v2\/posts\/2648\/revisions\/2706"}],"wp:attachment":[{"href":"https:\/\/agora.xtec.cat\/ceiprieraderibes\/wp-json\/wp\/v2\/media?parent=2648"}],"wp:term":[{"taxonomy":"category","embeddable":true,"href":"https:\/\/agora.xtec.cat\/ceiprieraderibes\/wp-json\/wp\/v2\/categories?post=2648"},{"taxonomy":"post_tag","embeddable":true,"href":"https:\/\/agora.xtec.cat\/ceiprieraderibes\/wp-json\/wp\/v2\/tags?post=2648"}],"curies":[{"name":"wp","href":"https:\/\/api.w.org\/{rel}","templated":true}]}}