{"id":2646,"date":"2015-01-16T12:54:48","date_gmt":"2015-01-16T12:54:48","guid":{"rendered":"http:\/\/generacio2004.rieraderibes.cat\/?p=159"},"modified":"2016-05-30T17:16:47","modified_gmt":"2016-05-30T16:16:47","slug":"el-nom-de-la-classe","status":"publish","type":"post","link":"https:\/\/agora.xtec.cat\/ceiprieraderibes\/generacio-2004\/el-nom-de-la-classe\/","title":{"rendered":"EL NOM DE LA CLASSE"},"content":{"rendered":"<p>PER QU\u00c8 ENS DIEM \u201dEL FORMIGUER\u201d?<\/p>\n<p>&nbsp;<\/p>\n<p>Ens diem \u201cEl formiguer\u201d perqu\u00e8 la nostra classe volia un nom que ens defin\u00eds. Vam fer una llista de noms i al final ens vam quedar amb dos noms \u201cTot a les nostres mans\u201d i \u201cEl formiguer\u201d al final vam triar dir-nos \u201cEl formiguer\u201d perqu\u00e8 vol\u00edem assemblar-nos a la manera de treballar de les formigues com : treballar en grup, ser amables, la seva organitzaci\u00f3, la seva llestesa, en definitiva intentar ser un super organisme.<\/p>\n<p>Abril Mestre i Joana Puertas<\/p>\n<p>&nbsp;<\/p>\n<p>&nbsp;<\/p>\n<p>&nbsp;<\/p>\n\n","protected":false},"excerpt":{"rendered":"<p>PER QU\u00c8 ENS DIEM \u201dEL FORMIGUER\u201d?<br \/>\n&nbsp;<br \/>\nEns diem \u201cEl formiguer\u201d perqu\u00e8 la nostra classe volia un nom que ens defin\u00eds. Vam fer una llista de noms i al final ens vam quedar amb dos noms \u201cTot a les nostres mans\u201d i \u201cEl formiguer\u201d al final vam&hellip;  <a href=\"https:\/\/agora.xtec.cat\/ceiprieraderibes\/generacio-2004\/el-nom-de-la-classe\/\" title=\"Read EL NOM DE LA CLASSE\">Llegeix m\u00e9s\u00bb<\/a><\/p>\n","protected":false},"author":1,"featured_media":0,"comment_status":"open","ping_status":"open","sticky":false,"template":"","format":"standard","meta":{"_bbp_topic_count":0,"_bbp_reply_count":0,"_bbp_total_topic_count":0,"_bbp_total_reply_count":0,"_bbp_voice_count":0,"_bbp_anonymous_reply_count":0,"_bbp_topic_count_hidden":0,"_bbp_reply_count_hidden":0,"_bbp_forum_subforum_count":0,"footnotes":""},"categories":[74,55],"tags":[83,84],"class_list":["post-2646","post","type-post","status-publish","format-standard","hentry","category-el-formiguer","category-generacio-2004","tag-el-formiguer","tag-el-nom-de-la-classe"],"post_mailing_queue_ids":[],"_links":{"self":[{"href":"https:\/\/agora.xtec.cat\/ceiprieraderibes\/wp-json\/wp\/v2\/posts\/2646","targetHints":{"allow":["GET"]}}],"collection":[{"href":"https:\/\/agora.xtec.cat\/ceiprieraderibes\/wp-json\/wp\/v2\/posts"}],"about":[{"href":"https:\/\/agora.xtec.cat\/ceiprieraderibes\/wp-json\/wp\/v2\/types\/post"}],"author":[{"embeddable":true,"href":"https:\/\/agora.xtec.cat\/ceiprieraderibes\/wp-json\/wp\/v2\/users\/1"}],"replies":[{"embeddable":true,"href":"https:\/\/agora.xtec.cat\/ceiprieraderibes\/wp-json\/wp\/v2\/comments?post=2646"}],"version-history":[{"count":1,"href":"https:\/\/agora.xtec.cat\/ceiprieraderibes\/wp-json\/wp\/v2\/posts\/2646\/revisions"}],"predecessor-version":[{"id":2710,"href":"https:\/\/agora.xtec.cat\/ceiprieraderibes\/wp-json\/wp\/v2\/posts\/2646\/revisions\/2710"}],"wp:attachment":[{"href":"https:\/\/agora.xtec.cat\/ceiprieraderibes\/wp-json\/wp\/v2\/media?parent=2646"}],"wp:term":[{"taxonomy":"category","embeddable":true,"href":"https:\/\/agora.xtec.cat\/ceiprieraderibes\/wp-json\/wp\/v2\/categories?post=2646"},{"taxonomy":"post_tag","embeddable":true,"href":"https:\/\/agora.xtec.cat\/ceiprieraderibes\/wp-json\/wp\/v2\/tags?post=2646"}],"curies":[{"name":"wp","href":"https:\/\/api.w.org\/{rel}","templated":true}]}}