{"id":2643,"date":"2014-11-12T13:12:14","date_gmt":"2014-11-12T13:12:14","guid":{"rendered":"http:\/\/generacio2004.rieraderibes.cat\/?p=128"},"modified":"2016-05-30T17:17:21","modified_gmt":"2016-05-30T16:17:21","slug":"les-nostres-colonies","status":"publish","type":"post","link":"https:\/\/agora.xtec.cat\/ceiprieraderibes\/generacio-2004\/les-nostres-colonies\/","title":{"rendered":"Les nostres col\u00f2nies"},"content":{"rendered":"<p>Els nens i les nenes de 5\u00e8 vam anar a Planoles a un camp d&#8217;aprenentatge. Els dies 5, 6 i 7 de novembre.<\/p>\n<p>Quan vam arribar a Planoles vam fer un taller d&#8217;arquitectura que els ensenyaven el monestir de ripoll i els arcs.<\/p>\n<p>El dia seg\u00fcent vam anar a Ripoll a fer una activitat al Monestir, tamb\u00e9 una descoberta per Ripoll i l&#8217;Scriptorium. I despr\u00e9s vam tornar a l&#8217;alberg. L&#8217;\u00faltim dia vam fer una descoberta per Planoles.<\/p>\n<p>L&#8217;alberg tenia tres pisos i un pis subterrani on feien totes les activitats, el menjador estava al pis del mig.<\/p>\n\n\t\t<style type=\"text\/css\">\n\t\t\t#gallery-1 {\n\t\t\t\tmargin: auto;\n\t\t\t}\n\t\t\t#gallery-1 .gallery-item {\n\t\t\t\tfloat: left;\n\t\t\t\tmargin-top: 10px;\n\t\t\t\ttext-align: center;\n\t\t\t\twidth: 33%;\n\t\t\t}\n\t\t\t#gallery-1 img {\n\t\t\t\tborder: 2px solid #cfcfcf;\n\t\t\t}\n\t\t\t#gallery-1 .gallery-caption {\n\t\t\t\tmargin-left: 0;\n\t\t\t}\n\t\t\t\/* see gallery_shortcode() in wp-includes\/media.php *\/\n\t\t<\/style>\n\t\t<div id='gallery-1' class='gallery galleryid-2643 gallery-columns-3 gallery-size-thumbnail'><dl class='gallery-item'>\n\t\t\t<dt class='gallery-icon landscape'>\n\t\t\t\t<a href='https:\/\/agora.xtec.cat\/ceiprieraderibes\/screeshot\/'><img loading=\"lazy\" decoding=\"async\" width=\"150\" height=\"150\" src=\"https:\/\/agora.xtec.cat\/ceiprieraderibes\/wp-content\/uploads\/usu901\/2014\/09\/screeshot-150x150.png\" class=\"attachment-thumbnail size-thumbnail\" alt=\"\" \/><\/a>\n\t\t\t<\/dt><\/dl><dl class='gallery-item'>\n\t\t\t<dt class='gallery-icon landscape'>\n\t\t\t\t<a href='https:\/\/agora.xtec.cat\/ceiprieraderibes\/albertbachiller\/'><img loading=\"lazy\" decoding=\"async\" width=\"150\" height=\"150\" src=\"https:\/\/agora.xtec.cat\/ceiprieraderibes\/wp-content\/uploads\/usu901\/2014\/09\/albertbachiller-150x150.png\" class=\"attachment-thumbnail size-thumbnail\" alt=\"Il\u00b7lustraci\u00f3 per Albert Bachiller\" \/><\/a>\n\t\t\t<\/dt><\/dl><dl class='gallery-item'>\n\t\t\t<dt class='gallery-icon portrait'>\n\t\t\t\t<a href='https:\/\/agora.xtec.cat\/ceiprieraderibes\/cimg2180-7\/'><img loading=\"lazy\" decoding=\"async\" width=\"150\" height=\"150\" src=\"https:\/\/agora.xtec.cat\/ceiprieraderibes\/wp-content\/uploads\/usu901\/2014\/05\/CIMG21806-150x150.jpg\" class=\"attachment-thumbnail size-thumbnail\" alt=\"\" \/><\/a>\n\t\t\t<\/dt><\/dl><br style=\"clear: both\" \/><dl class='gallery-item'>\n\t\t\t<dt class='gallery-icon landscape'>\n\t\t\t\t<a href='https:\/\/agora.xtec.cat\/ceiprieraderibes\/classe\/'><img loading=\"lazy\" decoding=\"async\" width=\"150\" height=\"150\" src=\"https:\/\/agora.xtec.cat\/ceiprieraderibes\/wp-content\/uploads\/usu901\/2014\/09\/classe-150x150.png\" class=\"attachment-thumbnail size-thumbnail\" alt=\"By ChinaFlag (Own work) [Public domain], via Wikimedia Commons\" \/><\/a>\n\t\t\t<\/dt><\/dl>\n\t\t\t<br style='clear: both' \/>\n\t\t<\/div>\n\n","protected":false},"excerpt":{"rendered":"<p>Els nens i les nenes de 5\u00e8 vam anar a Planoles a un camp d&#8217;aprenentatge. Els dies 5, 6 i 7 de novembre.<br \/>\nQuan vam arribar a Planoles vam fer un taller d&#8217;arquitectura que els ensenyaven el monestir de ripoll i els arcs.<br \/>\nEl dia seg\u00fcent vam&hellip;  <a href=\"https:\/\/agora.xtec.cat\/ceiprieraderibes\/generacio-2004\/les-nostres-colonies\/\" title=\"Read Les nostres col\u00f2nies\">Llegeix m\u00e9s\u00bb<\/a><\/p>\n","protected":false},"author":1,"featured_media":0,"comment_status":"open","ping_status":"open","sticky":false,"template":"","format":"standard","meta":{"_bbp_topic_count":0,"_bbp_reply_count":0,"_bbp_total_topic_count":0,"_bbp_total_reply_count":0,"_bbp_voice_count":0,"_bbp_anonymous_reply_count":0,"_bbp_topic_count_hidden":0,"_bbp_reply_count_hidden":0,"_bbp_forum_subforum_count":0,"footnotes":""},"categories":[74,55,77],"tags":[64,16],"class_list":["post-2643","post","type-post","status-publish","format-standard","hentry","category-el-formiguer","category-generacio-2004","category-mep-rept","tag-colonies","tag-sortides"],"post_mailing_queue_ids":[],"_links":{"self":[{"href":"https:\/\/agora.xtec.cat\/ceiprieraderibes\/wp-json\/wp\/v2\/posts\/2643","targetHints":{"allow":["GET"]}}],"collection":[{"href":"https:\/\/agora.xtec.cat\/ceiprieraderibes\/wp-json\/wp\/v2\/posts"}],"about":[{"href":"https:\/\/agora.xtec.cat\/ceiprieraderibes\/wp-json\/wp\/v2\/types\/post"}],"author":[{"embeddable":true,"href":"https:\/\/agora.xtec.cat\/ceiprieraderibes\/wp-json\/wp\/v2\/users\/1"}],"replies":[{"embeddable":true,"href":"https:\/\/agora.xtec.cat\/ceiprieraderibes\/wp-json\/wp\/v2\/comments?post=2643"}],"version-history":[{"count":1,"href":"https:\/\/agora.xtec.cat\/ceiprieraderibes\/wp-json\/wp\/v2\/posts\/2643\/revisions"}],"predecessor-version":[{"id":2711,"href":"https:\/\/agora.xtec.cat\/ceiprieraderibes\/wp-json\/wp\/v2\/posts\/2643\/revisions\/2711"}],"wp:attachment":[{"href":"https:\/\/agora.xtec.cat\/ceiprieraderibes\/wp-json\/wp\/v2\/media?parent=2643"}],"wp:term":[{"taxonomy":"category","embeddable":true,"href":"https:\/\/agora.xtec.cat\/ceiprieraderibes\/wp-json\/wp\/v2\/categories?post=2643"},{"taxonomy":"post_tag","embeddable":true,"href":"https:\/\/agora.xtec.cat\/ceiprieraderibes\/wp-json\/wp\/v2\/tags?post=2643"}],"curies":[{"name":"wp","href":"https:\/\/api.w.org\/{rel}","templated":true}]}}