{"id":2487,"date":"2013-11-05T15:05:00","date_gmt":"2013-11-05T15:05:00","guid":{"rendered":"http:\/\/generacio2007.rieraderibes.cat\/2013\/11\/05\/la-castanyada\/"},"modified":"2016-05-30T17:06:39","modified_gmt":"2016-05-30T16:06:39","slug":"la-castanyada","status":"publish","type":"post","link":"https:\/\/agora.xtec.cat\/ceiprieraderibes\/generacio-2007\/la-castanyada\/","title":{"rendered":"La castanyada"},"content":{"rendered":"<div><\/div>\n<p>El passat dijous, 31 d&#8217;octubre, vam celebrar la festa de la castanyada a l&#8217;escola. Els nens i nenes de primer vam ballar molt b\u00e9 la dansa de l&#8217;indiot i v\u00e0rem fer galetes d&#8217;aranya per berenar. Van quedar bon\u00edssimes!<\/p>\n<div><\/div>\n<div>\n<div><a href=\"https:\/\/lh5.googleusercontent.com\/-rxVqh6pXMfw\/UnkJJpUZeeI\/AAAAAAAAACg\/xQYz8FckUCI\/s640\/blogger-image-212716867.jpg\"><img decoding=\"async\" src=\"https:\/\/lh5.googleusercontent.com\/-rxVqh6pXMfw\/UnkJJpUZeeI\/AAAAAAAAACg\/xQYz8FckUCI\/s640\/blogger-image-212716867.jpg\" alt=\"\" border=\"0\" \/><\/a><\/div>\n<p>&nbsp;<\/p>\n<\/div>\n<div>\n<div><a href=\"https:\/\/lh5.googleusercontent.com\/-pjAh-gItF0s\/UnkJTM_zT7I\/AAAAAAAAADg\/ljVj-EUAH0I\/s640\/blogger-image-334368027.jpg\"><img decoding=\"async\" src=\"https:\/\/lh5.googleusercontent.com\/-pjAh-gItF0s\/UnkJTM_zT7I\/AAAAAAAAADg\/ljVj-EUAH0I\/s640\/blogger-image-334368027.jpg\" alt=\"\" border=\"0\" \/><\/a><\/div>\n<p>&nbsp;<\/p>\n<\/div>\n<div>\n<div><a href=\"https:\/\/lh5.googleusercontent.com\/-zVbcXXuffSc\/UnkJQjltjqI\/AAAAAAAAADQ\/GIUxnhUGkKk\/s640\/blogger-image-1689809349.jpg\"><img decoding=\"async\" src=\"https:\/\/lh5.googleusercontent.com\/-zVbcXXuffSc\/UnkJQjltjqI\/AAAAAAAAADQ\/GIUxnhUGkKk\/s640\/blogger-image-1689809349.jpg\" alt=\"\" border=\"0\" \/><\/a><\/div>\n<p>&nbsp;<\/p>\n<\/div>\n<div>\n<div>\n<div><a href=\"https:\/\/lh3.googleusercontent.com\/-OMpjAsPKFNg\/UnkJKzCq7cI\/AAAAAAAAACo\/qD6XeW4i15A\/s640\/blogger-image--205688851.jpg\"><img decoding=\"async\" src=\"https:\/\/lh3.googleusercontent.com\/-OMpjAsPKFNg\/UnkJKzCq7cI\/AAAAAAAAACo\/qD6XeW4i15A\/s640\/blogger-image--205688851.jpg\" alt=\"\" border=\"0\" \/><\/a><\/div>\n<p>&nbsp;<\/p>\n<\/div>\n<div><a href=\"https:\/\/lh4.googleusercontent.com\/-lc9bfqTXcWM\/UnkJN1ybsAI\/AAAAAAAAADA\/zsN7KKcY7MY\/s640\/blogger-image-201101284.jpg\"><img decoding=\"async\" src=\"https:\/\/lh4.googleusercontent.com\/-lc9bfqTXcWM\/UnkJN1ybsAI\/AAAAAAAAADA\/zsN7KKcY7MY\/s640\/blogger-image-201101284.jpg\" alt=\"\" border=\"0\" \/><\/a><\/div>\n<p>&nbsp;<\/p>\n<\/div>\n<div>\n<div><\/div>\n<div><a href=\"https:\/\/lh5.googleusercontent.com\/-7T30prjHuUE\/UnkJPP-PxfI\/AAAAAAAAADI\/lmNr3rZvoqM\/s640\/blogger-image-1775867220.jpg\"><img decoding=\"async\" src=\"https:\/\/lh5.googleusercontent.com\/-7T30prjHuUE\/UnkJPP-PxfI\/AAAAAAAAADI\/lmNr3rZvoqM\/s640\/blogger-image-1775867220.jpg\" alt=\"\" border=\"0\" \/><\/a><\/div>\n<div><\/div>\n<div><a href=\"https:\/\/lh4.googleusercontent.com\/-zV5qRQvYkWc\/UnkJL_r7_eI\/AAAAAAAAACw\/fI_5l1Ts8TM\/s640\/blogger-image--488566506.jpg\"><img decoding=\"async\" src=\"https:\/\/lh4.googleusercontent.com\/-zV5qRQvYkWc\/UnkJL_r7_eI\/AAAAAAAAACw\/fI_5l1Ts8TM\/s640\/blogger-image--488566506.jpg\" alt=\"\" border=\"0\" \/><\/a><\/div>\n<p>&nbsp;<\/p>\n<\/div>\n<div>\n<div><a href=\"https:\/\/lh4.googleusercontent.com\/-bs9xNaIK-n0\/UnkJR19XP5I\/AAAAAAAAADY\/7oBIzRoI0Kw\/s640\/blogger-image-1247001907.jpg\"><img decoding=\"async\" src=\"https:\/\/lh4.googleusercontent.com\/-bs9xNaIK-n0\/UnkJR19XP5I\/AAAAAAAAADY\/7oBIzRoI0Kw\/s640\/blogger-image-1247001907.jpg\" alt=\"\" border=\"0\" \/><\/a><\/div>\n<p>&nbsp;<\/p>\n<\/div>\n<div>\n<div><a href=\"https:\/\/lh5.googleusercontent.com\/-9OIb15KeNyw\/UnkJM7lwCBI\/AAAAAAAAAC4\/gRj1bCDFfTU\/s640\/blogger-image-493957490.jpg\"><img decoding=\"async\" src=\"https:\/\/lh5.googleusercontent.com\/-9OIb15KeNyw\/UnkJM7lwCBI\/AAAAAAAAAC4\/gRj1bCDFfTU\/s640\/blogger-image-493957490.jpg\" alt=\"\" border=\"0\" \/><\/a><\/div>\n<p>&nbsp;<\/p>\n<\/div>\n<div style=\"width: 0; height: 0; visibility: hidden; opacity: 0; position: absolute;\"><object id=\"kpm_plugin\" type=\"application\/x-KPMPlugin\"><\/object><\/div>\n","protected":false},"excerpt":{"rendered":"<p>El passat dijous, 31 d&#8217;octubre, vam celebrar la festa de la castanyada a l&#8217;escola. Els nens i nenes de primer vam ballar molt b\u00e9 la dansa de l&#8217;indiot i v\u00e0rem fer galetes d&#8217;aranya per berenar. Van quedar bon\u00edssimes!<\/p>\n<p><a href=\"https:\/\/lh5.googleusercontent.com\/-rxVqh6pXMfw\/UnkJJpUZeeI\/AAAAAAAAACg\/xQYz8FckUCI\/s640\/blogger-image-212716867.jpg\"><\/a><br \/>\n&nbsp;<\/p>\n<p><a href=\"https:\/\/lh5.googleusercontent.com\/-pjAh-gItF0s\/UnkJTM_zT7I\/AAAAAAAAADg\/ljVj-EUAH0I\/s640\/blogger-image-334368027.jpg\"><\/a><br \/>\n&nbsp;<\/p>\n<p><a href=\"https:\/\/lh5.googleusercontent.com\/-zVbcXXuffSc\/UnkJQjltjqI\/AAAAAAAAADQ\/GIUxnhUGkKk\/s640\/blogger-image-1689809349.jpg\"><\/a><br \/>\n&nbsp;<\/p>\n<p><a href=\"https:\/\/lh3.googleusercontent.com\/-OMpjAsPKFNg\/UnkJKzCq7cI\/AAAAAAAAACo\/qD6XeW4i15A\/s640\/blogger-image--205688851.jpg\"><\/a><br \/>\n&nbsp;<\/p>\n<p><a href=\"https:\/\/lh4.googleusercontent.com\/-lc9bfqTXcWM\/UnkJN1ybsAI\/AAAAAAAAADA\/zsN7KKcY7MY\/s640\/blogger-image-201101284.jpg\"><\/a><br \/>\n&nbsp;<\/p>\n<p><a href=\"https:\/\/lh5.googleusercontent.com\/-7T30prjHuUE\/UnkJPP-PxfI\/AAAAAAAAADI\/lmNr3rZvoqM\/s640\/blogger-image-1775867220.jpg\"><\/a><\/p>\n<p><a href=\"https:\/\/lh4.googleusercontent.com\/-zV5qRQvYkWc\/UnkJL_r7_eI\/AAAAAAAAACw\/fI_5l1Ts8TM\/s640\/blogger-image--488566506.jpg\"><\/a><br \/>\n&nbsp;<\/p>\n<p><a&hellip;  <a href=\"https:\/\/agora.xtec.cat\/ceiprieraderibes\/generacio-2007\/la-castanyada\/\" title=\"Read La castanyada\">Llegeix m\u00e9s\u00bb<\/a><\/p>\n","protected":false},"author":1,"featured_media":0,"comment_status":"open","ping_status":"open","sticky":false,"template":"","format":"standard","meta":{"_bbp_topic_count":0,"_bbp_reply_count":0,"_bbp_total_topic_count":0,"_bbp_total_reply_count":0,"_bbp_voice_count":0,"_bbp_anonymous_reply_count":0,"_bbp_topic_count_hidden":0,"_bbp_reply_count_hidden":0,"_bbp_forum_subforum_count":0,"footnotes":""},"categories":[52,63],"tags":[],"class_list":["post-2487","post","type-post","status-publish","format-standard","hentry","category-generacio-2007","category-les-aguiles-de-la-neu"],"post_mailing_queue_ids":[],"_links":{"self":[{"href":"https:\/\/agora.xtec.cat\/ceiprieraderibes\/wp-json\/wp\/v2\/posts\/2487","targetHints":{"allow":["GET"]}}],"collection":[{"href":"https:\/\/agora.xtec.cat\/ceiprieraderibes\/wp-json\/wp\/v2\/posts"}],"about":[{"href":"https:\/\/agora.xtec.cat\/ceiprieraderibes\/wp-json\/wp\/v2\/types\/post"}],"author":[{"embeddable":true,"href":"https:\/\/agora.xtec.cat\/ceiprieraderibes\/wp-json\/wp\/v2\/users\/1"}],"replies":[{"embeddable":true,"href":"https:\/\/agora.xtec.cat\/ceiprieraderibes\/wp-json\/wp\/v2\/comments?post=2487"}],"version-history":[{"count":1,"href":"https:\/\/agora.xtec.cat\/ceiprieraderibes\/wp-json\/wp\/v2\/posts\/2487\/revisions"}],"predecessor-version":[{"id":2499,"href":"https:\/\/agora.xtec.cat\/ceiprieraderibes\/wp-json\/wp\/v2\/posts\/2487\/revisions\/2499"}],"wp:attachment":[{"href":"https:\/\/agora.xtec.cat\/ceiprieraderibes\/wp-json\/wp\/v2\/media?parent=2487"}],"wp:term":[{"taxonomy":"category","embeddable":true,"href":"https:\/\/agora.xtec.cat\/ceiprieraderibes\/wp-json\/wp\/v2\/categories?post=2487"},{"taxonomy":"post_tag","embeddable":true,"href":"https:\/\/agora.xtec.cat\/ceiprieraderibes\/wp-json\/wp\/v2\/tags?post=2487"}],"curies":[{"name":"wp","href":"https:\/\/api.w.org\/{rel}","templated":true}]}}