{"id":2472,"date":"2013-01-30T21:47:00","date_gmt":"2013-01-30T21:47:00","guid":{"rendered":"http:\/\/generacio2007.rieraderibes.cat\/2013\/01\/30\/les-colonies-a-viladrau\/"},"modified":"2016-05-30T17:06:39","modified_gmt":"2016-05-30T16:06:39","slug":"les-colonies-a-viladrau","status":"publish","type":"post","link":"https:\/\/agora.xtec.cat\/ceiprieraderibes\/generacio-2007\/les-colonies-a-viladrau\/","title":{"rendered":"Les Col\u00f2nies a Viladrau"},"content":{"rendered":"<p>Ep!!!!<\/p>\n<div><\/div>\n<div>Els <b>PAPALLODINOS <\/b>i <b>L&#8217;ESPAI<\/b> v\u00e0rem passar uns dies de col\u00f2nies a Viladrau i ja tenim el v\u00eddeo.<\/div>\n<div><\/div>\n<div>Esperem que os agradi !!!!<\/div>\n<div><\/div>\n<div style=\"width: 0; height: 0; visibility: hidden; opacity: 0; position: absolute;\"><object id=\"kpm_plugin\" type=\"application\/x-KPMPlugin\"><\/object><\/div>\n","protected":false},"excerpt":{"rendered":"<p>Ep!!!!<\/p>\n<p>Els PAPALLODINOS i L&#8217;ESPAI v\u00e0rem passar uns dies de col\u00f2nies a Viladrau i ja tenim el v\u00eddeo.<\/p>\n<p>Esperem que os agradi !!!!<\/p>\n","protected":false},"author":1,"featured_media":0,"comment_status":"open","ping_status":"open","sticky":false,"template":"","format":"standard","meta":{"_bbp_topic_count":0,"_bbp_reply_count":0,"_bbp_total_topic_count":0,"_bbp_total_reply_count":0,"_bbp_voice_count":0,"_bbp_anonymous_reply_count":0,"_bbp_topic_count_hidden":0,"_bbp_reply_count_hidden":0,"_bbp_forum_subforum_count":0,"footnotes":""},"categories":[52,63],"tags":[],"class_list":["post-2472","post","type-post","status-publish","format-standard","hentry","category-generacio-2007","category-les-aguiles-de-la-neu"],"post_mailing_queue_ids":[],"_links":{"self":[{"href":"https:\/\/agora.xtec.cat\/ceiprieraderibes\/wp-json\/wp\/v2\/posts\/2472","targetHints":{"allow":["GET"]}}],"collection":[{"href":"https:\/\/agora.xtec.cat\/ceiprieraderibes\/wp-json\/wp\/v2\/posts"}],"about":[{"href":"https:\/\/agora.xtec.cat\/ceiprieraderibes\/wp-json\/wp\/v2\/types\/post"}],"author":[{"embeddable":true,"href":"https:\/\/agora.xtec.cat\/ceiprieraderibes\/wp-json\/wp\/v2\/users\/1"}],"replies":[{"embeddable":true,"href":"https:\/\/agora.xtec.cat\/ceiprieraderibes\/wp-json\/wp\/v2\/comments?post=2472"}],"version-history":[{"count":1,"href":"https:\/\/agora.xtec.cat\/ceiprieraderibes\/wp-json\/wp\/v2\/posts\/2472\/revisions"}],"predecessor-version":[{"id":2504,"href":"https:\/\/agora.xtec.cat\/ceiprieraderibes\/wp-json\/wp\/v2\/posts\/2472\/revisions\/2504"}],"wp:attachment":[{"href":"https:\/\/agora.xtec.cat\/ceiprieraderibes\/wp-json\/wp\/v2\/media?parent=2472"}],"wp:term":[{"taxonomy":"category","embeddable":true,"href":"https:\/\/agora.xtec.cat\/ceiprieraderibes\/wp-json\/wp\/v2\/categories?post=2472"},{"taxonomy":"post_tag","embeddable":true,"href":"https:\/\/agora.xtec.cat\/ceiprieraderibes\/wp-json\/wp\/v2\/tags?post=2472"}],"curies":[{"name":"wp","href":"https:\/\/api.w.org\/{rel}","templated":true}]}}