{"id":2276,"date":"2016-04-24T22:14:28","date_gmt":"2016-04-24T21:14:28","guid":{"rendered":"http:\/\/www.rieraderibes.cat\/?p=2158"},"modified":"2016-05-19T21:53:45","modified_gmt":"2016-05-19T20:53:45","slug":"congres-de-sant-jordi-2016","status":"publish","type":"post","link":"https:\/\/agora.xtec.cat\/ceiprieraderibes\/portada\/congres-de-sant-jordi-2016\/","title":{"rendered":"CONGR\u00c9S DE SANT JORDI 2016"},"content":{"rendered":"<div class=\"flex-video\"><p>&nbsp;<\/p>\n<p>&nbsp;<\/p>\n<p><a href=\"http:\/\/www.rieraderibes.cat\/wp-content\/uploads\/2016\/04\/Copia-de-IMG_11471.jpg\"><img loading=\"lazy\" decoding=\"async\" class=\"alignnone size-medium wp-image-2170\" src=\"http:\/\/www.rieraderibes.cat\/wp-content\/uploads\/2016\/04\/Copia-de-IMG_11471-300x225.jpg\" alt=\"Copia  de IMG_1147\" width=\"300\" height=\"225\" \/><\/a><\/p>\n<p>Aquest any la inauguraci\u00f3 del Congr\u00e9s ha estat a c\u00e0rrec de l&#8217;Esteve Molero i Olivella que va n\u00e8ixer a Vilafranca del Pened\u00e9s. \u00c9s guionista, compositor i m\u00fasic. Actualment ens est\u00e0 ajudant en l&#8217;elaboraci\u00f3 de la Cantata que estem creant amb motiu del 15\u00e8 aniversari de l&#8217;escola Riera de Ribes que ser\u00e0 el proper curs 2016-17.<\/p>\n<p>Moltes gr\u00e0cies a tots!<\/p>\n<p>&nbsp;<\/p>\n<p><a href=\"https:\/\/vimeo.com\/164020589\">Congr\u00e9s de Sant Jordi Escola Riera de Ribes 2016<\/a> from <a href=\"https:\/\/vimeo.com\/user35355532\">AMPA Escola Riera de Ribes<\/a> on <a href=\"https:\/\/vimeo.com\">Vimeo<\/a>.<\/p>\n<p>&nbsp;<\/p>\n<p><iframe loading=\"lazy\" src=\"https:\/\/player.vimeo.com\/video\/164020589\" width=\"640\" height=\"360\" frameborder=\"0\" allowfullscreen=\"allowfullscreen\"><\/iframe><\/p>\n<p><a href=\"https:\/\/vimeo.com\/164020589\">Congr\u00e9s de Sant Jordi Escola Riera de Ribes 2016<\/a> from <a href=\"https:\/\/vimeo.com\/user35355532\">AMPA Escola Riera de Ribes<\/a> on <a href=\"https:\/\/vimeo.com\">Vimeo<\/a>.<\/p>\n<p>&nbsp;<\/p>\n<div style=\"width: 0; height: 0; visibility: hidden; opacity: 0; position: absolute;\"><object id=\"kpm_plugin\" type=\"application\/x-KPMPlugin\" width=\"300\" height=\"150\"><\/object><\/div>\n<div style=\"width: 0; height: 0; visibility: hidden; opacity: 0; position: absolute;\"><object id=\"kpm_plugin\" type=\"application\/x-KPMPlugin\" width=\"300\" height=\"150\"><\/object><\/div>\n<div style=\"width: 0; height: 0; visibility: hidden; opacity: 0; position: absolute;\"><object id=\"kpm_plugin\" type=\"application\/x-KPMPlugin\" width=\"300\" height=\"150\"><\/object><\/div>\n<div style=\"width: 0; height: 0; visibility: hidden; opacity: 0; position: absolute;\"><object id=\"kpm_plugin\" type=\"application\/x-KPMPlugin\" width=\"300\" height=\"150\"><\/object><\/div>\n<div style=\"width: 0; height: 0; visibility: hidden; opacity: 0; position: absolute;\"><object id=\"kpm_plugin\" type=\"application\/x-KPMPlugin\" width=\"300\" height=\"150\"><\/object><\/div>\n<div style=\"width: 0; height: 0; visibility: hidden; opacity: 0; position: absolute;\"><object id=\"kpm_plugin\" type=\"application\/x-KPMPlugin\" width=\"300\" height=\"150\"><\/object><\/div>\n<div style=\"width: 0; height: 0; visibility: hidden; opacity: 0; position: absolute;\"><object id=\"kpm_plugin\" type=\"application\/x-KPMPlugin\"><\/object><\/div>\n<\/div>","protected":false},"excerpt":{"rendered":"<p>&nbsp;<br \/>\n&nbsp;<br \/>\n<a href=\"http:\/\/www.rieraderibes.cat\/wp-content\/uploads\/2016\/04\/Copia-de-IMG_11471.jpg\"><\/a><br \/>\nAquest any la inauguraci\u00f3 del Congr\u00e9s ha estat a c\u00e0rrec de l&#8217;Esteve Molero i Olivella que va n\u00e8ixer a Vilafranca del Pened\u00e9s. \u00c9s guionista, compositor i m\u00fasic. Actualment ens est\u00e0 ajudant en l&#8217;elaboraci\u00f3 de la Cantata que estem creant amb motiu del 15\u00e8 aniversari&hellip;  <a href=\"https:\/\/agora.xtec.cat\/ceiprieraderibes\/portada\/congres-de-sant-jordi-2016\/\" title=\"Read CONGR\u00c9S DE SANT JORDI 2016\">Llegeix m\u00e9s\u00bb<\/a><\/p>\n","protected":false},"author":1,"featured_media":0,"comment_status":"closed","ping_status":"open","sticky":false,"template":"","format":"video","meta":{"_bbp_topic_count":0,"_bbp_reply_count":0,"_bbp_total_topic_count":0,"_bbp_total_reply_count":0,"_bbp_voice_count":0,"_bbp_anonymous_reply_count":0,"_bbp_topic_count_hidden":0,"_bbp_reply_count_hidden":0,"_bbp_forum_subforum_count":0,"footnotes":""},"categories":[55,54,53,52,51,50,49,48,47,4],"tags":[],"class_list":["post-2276","post","type-post","status-publish","format-video","hentry","category-generacio-2004","category-generacio-2005","category-generacio-2006","category-generacio-2007","category-generacio-2008","category-generacio-2009","category-generacio-2010","category-generacio-2011","category-generacio-2012","category-portada","post_format-post-format-video"],"post_mailing_queue_ids":[],"_links":{"self":[{"href":"https:\/\/agora.xtec.cat\/ceiprieraderibes\/wp-json\/wp\/v2\/posts\/2276","targetHints":{"allow":["GET"]}}],"collection":[{"href":"https:\/\/agora.xtec.cat\/ceiprieraderibes\/wp-json\/wp\/v2\/posts"}],"about":[{"href":"https:\/\/agora.xtec.cat\/ceiprieraderibes\/wp-json\/wp\/v2\/types\/post"}],"author":[{"embeddable":true,"href":"https:\/\/agora.xtec.cat\/ceiprieraderibes\/wp-json\/wp\/v2\/users\/1"}],"replies":[{"embeddable":true,"href":"https:\/\/agora.xtec.cat\/ceiprieraderibes\/wp-json\/wp\/v2\/comments?post=2276"}],"version-history":[{"count":3,"href":"https:\/\/agora.xtec.cat\/ceiprieraderibes\/wp-json\/wp\/v2\/posts\/2276\/revisions"}],"predecessor-version":[{"id":2345,"href":"https:\/\/agora.xtec.cat\/ceiprieraderibes\/wp-json\/wp\/v2\/posts\/2276\/revisions\/2345"}],"wp:attachment":[{"href":"https:\/\/agora.xtec.cat\/ceiprieraderibes\/wp-json\/wp\/v2\/media?parent=2276"}],"wp:term":[{"taxonomy":"category","embeddable":true,"href":"https:\/\/agora.xtec.cat\/ceiprieraderibes\/wp-json\/wp\/v2\/categories?post=2276"},{"taxonomy":"post_tag","embeddable":true,"href":"https:\/\/agora.xtec.cat\/ceiprieraderibes\/wp-json\/wp\/v2\/tags?post=2276"}],"curies":[{"name":"wp","href":"https:\/\/api.w.org\/{rel}","templated":true}]}}