{"id":2273,"date":"2016-03-17T15:44:23","date_gmt":"2016-03-17T14:44:23","guid":{"rendered":"http:\/\/www.rieraderibes.cat\/?p=2134"},"modified":"2016-05-19T19:45:20","modified_gmt":"2016-05-19T18:45:20","slug":"punt-dintercanvi-de-llibres","status":"publish","type":"post","link":"https:\/\/agora.xtec.cat\/ceiprieraderibes\/portada\/punt-dintercanvi-de-llibres\/","title":{"rendered":"PUNT D\u2019INTERCANVI DE LLIBRES"},"content":{"rendered":"<p><a href=\"http:\/\/www.rieraderibes.cat\/wp-content\/uploads\/2016\/03\/intercanvi-web.jpg\"><img loading=\"lazy\" decoding=\"async\" class=\" wp-image-2136 alignright\" src=\"http:\/\/www.rieraderibes.cat\/wp-content\/uploads\/2016\/03\/intercanvi-web.jpg\" alt=\"User comments\" width=\"289\" height=\"385\" \/><\/a>El Punt d\u2019Intercanvi de llibres \u00e9s una iniciativa que sorgeix de la necessitat de donar una altra oportunitat als llibres que ens volem desprendre.<\/p>\n<p>Els usuaris poden trobar llibres de tem\u00e0tica diversa.<\/p>\n<p>Aquests llibres no s\u2019han de tornar obligat\u00f2riament sin\u00f3 que passen a ser propietat de la persona que els agafa. \u00c9s a dir, que l\u2019usuari t\u00e9 la llibertat per emportar-se els llibres, dipositar-hi llibres i tamb\u00e9 per tornar-los o no un cop finalitzada la lectura.<\/p>\n<p>L\u2019objectiu \u00e9s fomentar la lectura i a m\u00e9s reduir els residus gr\u00e0cies a la reutilitzaci\u00f3. Pensem que els llibres han de fer la seva funcionalitat al llarg de la seva vida, fent-ne un bon \u00fas.<br \/>\nEl Punt d\u2019intercanvi de llibres ser\u00e0 un estant m\u00f2bil que est\u00e0 situat a l\u2019entrada principal de la nostra escola i tindr\u00e0 el mateix horari d\u2019obertura de l\u2019Escola.<\/p>\n<p>Gracies per la vostra col\u2022laboraci\u00f3!<\/p>\n<div style=\"width: 0; height: 0; visibility: hidden; opacity: 0; position: absolute;\"><object id=\"kpm_plugin\" type=\"application\/x-KPMPlugin\"><\/object><\/div>\n","protected":false},"excerpt":{"rendered":"<p><a href=\"http:\/\/www.rieraderibes.cat\/wp-content\/uploads\/2016\/03\/intercanvi-web.jpg\"><\/a>El Punt d\u2019Intercanvi de llibres \u00e9s una iniciativa que sorgeix de la necessitat de donar una altra oportunitat als llibres que ens volem desprendre.<br \/>\nEls usuaris poden trobar llibres de tem\u00e0tica diversa.<br \/>\nAquests llibres no s\u2019han de tornar obligat\u00f2riament sin\u00f3 que passen a ser propietat de&hellip;  <a href=\"https:\/\/agora.xtec.cat\/ceiprieraderibes\/portada\/punt-dintercanvi-de-llibres\/\" title=\"Read PUNT D\u2019INTERCANVI DE LLIBRES\">Llegeix m\u00e9s\u00bb<\/a><\/p>\n","protected":false},"author":1,"featured_media":0,"comment_status":"closed","ping_status":"open","sticky":false,"template":"","format":"standard","meta":{"_bbp_topic_count":0,"_bbp_reply_count":0,"_bbp_total_topic_count":0,"_bbp_total_reply_count":0,"_bbp_voice_count":0,"_bbp_anonymous_reply_count":0,"_bbp_topic_count_hidden":0,"_bbp_reply_count_hidden":0,"_bbp_forum_subforum_count":0,"footnotes":""},"categories":[22,55,54,53,52,51,50,49,48,47,4],"tags":[],"class_list":["post-2273","post","type-post","status-publish","format-standard","hentry","category-sin-categoria","category-generacio-2004","category-generacio-2005","category-generacio-2006","category-generacio-2007","category-generacio-2008","category-generacio-2009","category-generacio-2010","category-generacio-2011","category-generacio-2012","category-portada"],"post_mailing_queue_ids":[],"_links":{"self":[{"href":"https:\/\/agora.xtec.cat\/ceiprieraderibes\/wp-json\/wp\/v2\/posts\/2273","targetHints":{"allow":["GET"]}}],"collection":[{"href":"https:\/\/agora.xtec.cat\/ceiprieraderibes\/wp-json\/wp\/v2\/posts"}],"about":[{"href":"https:\/\/agora.xtec.cat\/ceiprieraderibes\/wp-json\/wp\/v2\/types\/post"}],"author":[{"embeddable":true,"href":"https:\/\/agora.xtec.cat\/ceiprieraderibes\/wp-json\/wp\/v2\/users\/1"}],"replies":[{"embeddable":true,"href":"https:\/\/agora.xtec.cat\/ceiprieraderibes\/wp-json\/wp\/v2\/comments?post=2273"}],"version-history":[{"count":1,"href":"https:\/\/agora.xtec.cat\/ceiprieraderibes\/wp-json\/wp\/v2\/posts\/2273\/revisions"}],"predecessor-version":[{"id":2282,"href":"https:\/\/agora.xtec.cat\/ceiprieraderibes\/wp-json\/wp\/v2\/posts\/2273\/revisions\/2282"}],"wp:attachment":[{"href":"https:\/\/agora.xtec.cat\/ceiprieraderibes\/wp-json\/wp\/v2\/media?parent=2273"}],"wp:term":[{"taxonomy":"category","embeddable":true,"href":"https:\/\/agora.xtec.cat\/ceiprieraderibes\/wp-json\/wp\/v2\/categories?post=2273"},{"taxonomy":"post_tag","embeddable":true,"href":"https:\/\/agora.xtec.cat\/ceiprieraderibes\/wp-json\/wp\/v2\/tags?post=2273"}],"curies":[{"name":"wp","href":"https:\/\/api.w.org\/{rel}","templated":true}]}}