{"id":2272,"date":"2016-03-15T15:19:50","date_gmt":"2016-03-15T14:19:50","guid":{"rendered":"http:\/\/www.rieraderibes.cat\/?p=2121"},"modified":"2016-05-19T19:59:19","modified_gmt":"2016-05-19T18:59:19","slug":"les-mestres-escriuren","status":"publish","type":"post","link":"https:\/\/agora.xtec.cat\/ceiprieraderibes\/portada\/les-mestres-escriuren\/","title":{"rendered":"Les mestres escriuren"},"content":{"rendered":"<p>En l<a href=\"http:\/\/www.rieraderibes.cat\/wp-content\/uploads\/2016\/03\/guix4b.jpg\"><img loading=\"lazy\" decoding=\"async\" class=\"  wp-image-2115 alignright\" src=\"http:\/\/www.rieraderibes.cat\/wp-content\/uploads\/2016\/03\/guix4b.jpg\" alt=\"guix4b\" width=\"259\" height=\"194\" \/><\/a>a revista educativa Guix d&#8217;Infantil de mar\u00e7-abril\u00a0 en l&#8217;apartat de Parlem de&#8230; est\u00e0 dedicat a l&#8217;aprenentatge de l&#8217;escriptura i l&#8217;han titulat <em>Comen\u00e7ar a escriure. El tipus de lletra \u00e9s important?.<\/em> \u00c9s un monogr\u00e0fic coordinat per la Montserrat Fons i la Rosa Gil.<\/p>\n<p>Els\u00a0 articles\u00a0 han estat redactats per a membres de l&#8217;equip Aprendre a Llegir i a escriure, de l&#8217;ICE de la UAB. En aquest grup hi ha dues mestres de la nostra escola , s\u00f3n la Gemma Gallofr\u00e9 i la Noem\u00ed Mil\u00e0. El seu article <em>Comen\u00e7ar a escriure<\/em> est\u00e0 incl\u00f2s dins de recursos a la pr\u00e0ctica.<\/p>\n<p>El podeu llegir en el seg\u00fcent enlla\u00e7 <a href=\"http:\/\/www.rieraderibes.cat\/wp-content\/uploads\/2016\/03\/Article-guix-Gemma-i-Noe.pdf\">Article guix n\u00famero 84<\/a><\/p>\n<p>&nbsp;<\/p>\n<div style=\"width: 0; height: 0; visibility: hidden; opacity: 0; position: absolute;\"><object id=\"kpm_plugin\" type=\"application\/x-KPMPlugin\"><\/object><\/div>\n","protected":false},"excerpt":{"rendered":"<p>En l<a href=\"http:\/\/www.rieraderibes.cat\/wp-content\/uploads\/2016\/03\/guix4b.jpg\"><\/a>a revista educativa Guix d&#8217;Infantil de mar\u00e7-abril\u00a0 en l&#8217;apartat de Parlem de&#8230; est\u00e0 dedicat a l&#8217;aprenentatge de l&#8217;escriptura i l&#8217;han titulat Comen\u00e7ar a escriure. El tipus de lletra \u00e9s important?. \u00c9s un monogr\u00e0fic coordinat per la Montserrat Fons i la Rosa Gil.<br \/>\nEls\u00a0 articles\u00a0&hellip;  <a href=\"https:\/\/agora.xtec.cat\/ceiprieraderibes\/portada\/les-mestres-escriuren\/\" title=\"Read Les mestres escriuren\">Llegeix m\u00e9s\u00bb<\/a><\/p>\n","protected":false},"author":1,"featured_media":0,"comment_status":"closed","ping_status":"open","sticky":false,"template":"","format":"standard","meta":{"_bbp_topic_count":0,"_bbp_reply_count":0,"_bbp_total_topic_count":0,"_bbp_total_reply_count":0,"_bbp_voice_count":0,"_bbp_anonymous_reply_count":0,"_bbp_topic_count_hidden":0,"_bbp_reply_count_hidden":0,"_bbp_forum_subforum_count":0,"footnotes":""},"categories":[4],"tags":[],"class_list":["post-2272","post","type-post","status-publish","format-standard","hentry","category-portada"],"post_mailing_queue_ids":[],"_links":{"self":[{"href":"https:\/\/agora.xtec.cat\/ceiprieraderibes\/wp-json\/wp\/v2\/posts\/2272","targetHints":{"allow":["GET"]}}],"collection":[{"href":"https:\/\/agora.xtec.cat\/ceiprieraderibes\/wp-json\/wp\/v2\/posts"}],"about":[{"href":"https:\/\/agora.xtec.cat\/ceiprieraderibes\/wp-json\/wp\/v2\/types\/post"}],"author":[{"embeddable":true,"href":"https:\/\/agora.xtec.cat\/ceiprieraderibes\/wp-json\/wp\/v2\/users\/1"}],"replies":[{"embeddable":true,"href":"https:\/\/agora.xtec.cat\/ceiprieraderibes\/wp-json\/wp\/v2\/comments?post=2272"}],"version-history":[{"count":1,"href":"https:\/\/agora.xtec.cat\/ceiprieraderibes\/wp-json\/wp\/v2\/posts\/2272\/revisions"}],"predecessor-version":[{"id":2287,"href":"https:\/\/agora.xtec.cat\/ceiprieraderibes\/wp-json\/wp\/v2\/posts\/2272\/revisions\/2287"}],"wp:attachment":[{"href":"https:\/\/agora.xtec.cat\/ceiprieraderibes\/wp-json\/wp\/v2\/media?parent=2272"}],"wp:term":[{"taxonomy":"category","embeddable":true,"href":"https:\/\/agora.xtec.cat\/ceiprieraderibes\/wp-json\/wp\/v2\/categories?post=2272"},{"taxonomy":"post_tag","embeddable":true,"href":"https:\/\/agora.xtec.cat\/ceiprieraderibes\/wp-json\/wp\/v2\/tags?post=2272"}],"curies":[{"name":"wp","href":"https:\/\/api.w.org\/{rel}","templated":true}]}}