{"id":2108,"date":"2016-03-14T18:27:56","date_gmt":"2016-03-14T17:27:56","guid":{"rendered":"http:\/\/www.rieraderibes.cat\/?p=2108"},"modified":"2016-05-19T19:59:54","modified_gmt":"2016-05-19T18:59:54","slug":"preinscripcio-i-matricula-2016-17","status":"publish","type":"post","link":"https:\/\/agora.xtec.cat\/ceiprieraderibes\/portada\/preinscripcio-i-matricula-2016-17\/","title":{"rendered":"PREINSCRIPCI\u00d3 I MATR\u00cdCULA 2016-17"},"content":{"rendered":"<p>PER\u00cdODE DE PREINSCRIPCI\u00d3<\/p>\n<p>Del 30 de mar\u00e7 al 7 d&#8217;abril del 2016<\/p>\n<p>Horari d&#8217;atenci\u00f3 al p\u00fablic:\u00a0 Tots els dies de 9 a 13h i de 15 a 16:30h.<\/p>\n<p>DOCUMENTS NECESSARIS PER A LA PREINSCRIPCI\u00d3<\/p>\n<ul>\n<li>Sol.licitud de preinscripci\u00f3<\/li>\n<li>Original i fotoc\u00f2pia de la targeta sanit\u00e0ria<\/li>\n<li>Original i fotoc\u00f2pia del llibre de fam\u00edlia<\/li>\n<li>Original i fotoc\u00f2pia del DNI, passaport o d&#8217;altres documents d&#8217;identitat del pare, la mare i l&#8217;alumne (si en t\u00e9), o tutors legals. L&#8217;adre\u00e7a del DNI ha de coincidir amb l&#8217;adre\u00e7a de la sol\u00b7licitud de preinscripci\u00f3 sin\u00f3 s&#8217;ha de presentar certificat o volant de conviv\u00e8ncia.<\/li>\n<li>Carnet de fam\u00edlia nombrosa o monoparental vigent, si s&#8217;al\u00b7lega aquesta condici\u00f3.<\/li>\n<li>Informe m\u00e8dic, si t\u00e9 alguna malaltia cr\u00f2nica i\/o al\u00b7l\u00e8rgies.<\/li>\n<\/ul>\n<p>&nbsp;<\/p>\n<div style=\"width: 0; height: 0; visibility: hidden; opacity: 0; position: absolute;\"><object id=\"kpm_plugin\" type=\"application\/x-KPMPlugin\" width=\"300\" height=\"150\"><\/object><\/div>\n<div style=\"width: 0; height: 0; visibility: hidden; opacity: 0; position: absolute;\"><object id=\"kpm_plugin\" type=\"application\/x-KPMPlugin\"><\/object><\/div>\n","protected":false},"excerpt":{"rendered":"<p>PER\u00cdODE DE PREINSCRIPCI\u00d3<br \/>\nDel 30 de mar\u00e7 al 7 d&#8217;abril del 2016<br \/>\nHorari d&#8217;atenci\u00f3 al p\u00fablic:\u00a0 Tots els dies de 9 a 13h i de 15 a 16:30h.<br \/>\nDOCUMENTS NECESSARIS PER A LA PREINSCRIPCI\u00d3<\/p>\n<ul>\n<li>Sol.licitud de preinscripci\u00f3<\/li>\n<li>Original i fotoc\u00f2pia de la targeta sanit\u00e0ria<\/li>\n<li>Original i fotoc\u00f2pia del llibre de fam\u00edlia<\/li>\n<li>Original&hellip;  <a href=\"https:\/\/agora.xtec.cat\/ceiprieraderibes\/portada\/preinscripcio-i-matricula-2016-17\/\" title=\"Read PREINSCRIPCI\u00d3 I MATR\u00cdCULA 2016-17\">Llegeix m\u00e9s\u00bb<\/a><br \/>\n","protected":false},"author":175,"featured_media":0,"comment_status":"closed","ping_status":"open","sticky":false,"template":"","format":"standard","meta":{"_bbp_topic_count":0,"_bbp_reply_count":0,"_bbp_total_topic_count":0,"_bbp_total_reply_count":0,"_bbp_voice_count":0,"_bbp_anonymous_reply_count":0,"_bbp_topic_count_hidden":0,"_bbp_reply_count_hidden":0,"_bbp_forum_subforum_count":0,"footnotes":""},"categories":[4],"tags":[],"class_list":["post-2108","post","type-post","status-publish","format-standard","hentry","category-portada"],"post_mailing_queue_ids":[],"_links":{"self":[{"href":"https:\/\/agora.xtec.cat\/ceiprieraderibes\/wp-json\/wp\/v2\/posts\/2108","targetHints":{"allow":["GET"]}}],"collection":[{"href":"https:\/\/agora.xtec.cat\/ceiprieraderibes\/wp-json\/wp\/v2\/posts"}],"about":[{"href":"https:\/\/agora.xtec.cat\/ceiprieraderibes\/wp-json\/wp\/v2\/types\/post"}],"author":[{"embeddable":true,"href":"https:\/\/agora.xtec.cat\/ceiprieraderibes\/wp-json\/wp\/v2\/users\/175"}],"replies":[{"embeddable":true,"href":"https:\/\/agora.xtec.cat\/ceiprieraderibes\/wp-json\/wp\/v2\/comments?post=2108"}],"version-history":[{"count":2,"href":"https:\/\/agora.xtec.cat\/ceiprieraderibes\/wp-json\/wp\/v2\/posts\/2108\/revisions"}],"predecessor-version":[{"id":2288,"href":"https:\/\/agora.xtec.cat\/ceiprieraderibes\/wp-json\/wp\/v2\/posts\/2108\/revisions\/2288"}],"wp:attachment":[{"href":"https:\/\/agora.xtec.cat\/ceiprieraderibes\/wp-json\/wp\/v2\/media?parent=2108"}],"wp:term":[{"taxonomy":"category","embeddable":true,"href":"https:\/\/agora.xtec.cat\/ceiprieraderibes\/wp-json\/wp\/v2\/categories?post=2108"},{"taxonomy":"post_tag","embeddable":true,"href":"https:\/\/agora.xtec.cat\/ceiprieraderibes\/wp-json\/wp\/v2\/tags?post=2108"}],"curies":[{"name":"wp","href":"https:\/\/api.w.org\/{rel}","templated":true}]}}