{"id":2104,"date":"2016-03-08T15:30:09","date_gmt":"2016-03-08T14:30:09","guid":{"rendered":"http:\/\/www.rieraderibes.cat\/?p=2081"},"modified":"2016-05-19T20:00:29","modified_gmt":"2016-05-19T19:00:29","slug":"reunions-daula-2","status":"publish","type":"post","link":"https:\/\/agora.xtec.cat\/ceiprieraderibes\/portada\/reunions-daula-2\/","title":{"rendered":"REUNIONS D&#8217;AULA"},"content":{"rendered":"<p style=\"text-align: justify;\">Benvolgudes fam\u00edlies,<\/p>\n<p style=\"text-align: justify;\">us informem de les dates i l&#8217;hora\u00a0 de les reunions d&#8217;aula. Recordeu que hi haur\u00e0 servei de cangur.<\/p>\n<p><strong>P3 , dimecres 9 de mar\u00e7 a les 17h<\/strong><\/p>\n<p><strong>P4, dimarts 8 de mar\u00e7 a les 17h<\/strong><\/p>\n<p><strong>P5, dijous 10 de mar\u00e7 a les 17h<\/strong><\/p>\n<p><strong>1r, dimecres 16 de mar\u00e7 a les 17h<\/strong><\/p>\n<p><strong>2n, dimarts 15 de mar\u00e7 a les 17h<\/strong><\/p>\n<p><strong>3r, dijous 17 de mar\u00e7 a les 17h<\/strong><\/p>\n<p style=\"text-align: justify;\"><strong>2n Cicle: <\/strong>Viure i veure la globalitat del cicle<br \/>\nL\u2019equip de mestres de 4t, 5\u00e8 i 6\u00e8 , despr\u00e9s de llegir i compartir les demandes de les fam\u00edlies\u00a0 per la reuni\u00f3 d\u2019aula, han vist que la majoria coincidien en la tem\u00e0tica.<br \/>\nPer aix\u00f2, seguint la manera de treballar que s&#8217;ha iniciat aquest curs amb els vostres fills i filles us proposem una trobada on tingueu l\u2019oportunitat de coincidir amb fam\u00edlies de tots els nivells (4t, 5\u00e8 i 6\u00e8) per:<br \/>\n&#8211; Compartir, valorar, parlar sobre els canvis m\u00e9s destacats d\u2019aquest curs.<br \/>\n&#8211; Les especificitats de cada un dels nivells.<br \/>\nAix\u00ed doncs, per poder encabir a totes les fam\u00edlies del 2n cicle, hi haur\u00e0 tres reunions amb el mateix contingut, gestionades per mestres diferents cada dia.<\/p>\n<p style=\"text-align: justify;\">Es portaran a terme els dies:<br \/>\n<strong>&#8211; Dilluns, 4 d\u2019abril<\/strong><br \/>\n<strong>&#8211; Dimecres, 6 d\u2019abril<\/strong><br \/>\n<strong>&#8211; Dijous, 7 d\u2019abril<\/strong><br \/>\nPer tal de facilitar el debat de la trobada, el nombre de fam\u00edlies de cada dia ser\u00e0 d\u2019un m\u00e0xim de 50.<br \/>\nDemanem que us apunteu indicant el curs, el nom vostre i del fill\/a, a la graella que trobareu a la pissarra del capdamunt de l\u2019escala.<br \/>\nPodeu apuntar-vos a partir de divendres 4 de mar\u00e7.<\/p>\n<div style=\"width: 0; height: 0; visibility: hidden; opacity: 0; position: absolute;\"><object id=\"kpm_plugin\" type=\"application\/x-KPMPlugin\" width=\"300\" height=\"150\"><\/object><\/div>\n<div style=\"width: 0; height: 0; visibility: hidden; opacity: 0; position: absolute;\"><object id=\"kpm_plugin\" type=\"application\/x-KPMPlugin\"><\/object><\/div>\n","protected":false},"excerpt":{"rendered":"<p>Benvolgudes fam\u00edlies,<br \/>\nus informem de les dates i l&#8217;hora\u00a0 de les reunions d&#8217;aula. Recordeu que hi haur\u00e0 servei de cangur.<br \/>\nP3 , dimecres 9 de mar\u00e7 a les 17h<br \/>\nP4, dimarts 8 de mar\u00e7 a les 17h<br \/>\nP5, dijous 10 de mar\u00e7 a les 17h<br \/>\n1r, dimecres 16 de mar\u00e7&hellip;  <a href=\"https:\/\/agora.xtec.cat\/ceiprieraderibes\/portada\/reunions-daula-2\/\" title=\"Read REUNIONS D&#8217;AULA\">Llegeix m\u00e9s\u00bb<\/a><\/p>\n","protected":false},"author":175,"featured_media":0,"comment_status":"closed","ping_status":"open","sticky":false,"template":"","format":"standard","meta":{"_bbp_topic_count":0,"_bbp_reply_count":0,"_bbp_total_topic_count":0,"_bbp_total_reply_count":0,"_bbp_voice_count":0,"_bbp_anonymous_reply_count":0,"_bbp_topic_count_hidden":0,"_bbp_reply_count_hidden":0,"_bbp_forum_subforum_count":0,"footnotes":""},"categories":[4],"tags":[],"class_list":["post-2104","post","type-post","status-publish","format-standard","hentry","category-portada"],"post_mailing_queue_ids":[],"_links":{"self":[{"href":"https:\/\/agora.xtec.cat\/ceiprieraderibes\/wp-json\/wp\/v2\/posts\/2104","targetHints":{"allow":["GET"]}}],"collection":[{"href":"https:\/\/agora.xtec.cat\/ceiprieraderibes\/wp-json\/wp\/v2\/posts"}],"about":[{"href":"https:\/\/agora.xtec.cat\/ceiprieraderibes\/wp-json\/wp\/v2\/types\/post"}],"author":[{"embeddable":true,"href":"https:\/\/agora.xtec.cat\/ceiprieraderibes\/wp-json\/wp\/v2\/users\/175"}],"replies":[{"embeddable":true,"href":"https:\/\/agora.xtec.cat\/ceiprieraderibes\/wp-json\/wp\/v2\/comments?post=2104"}],"version-history":[{"count":2,"href":"https:\/\/agora.xtec.cat\/ceiprieraderibes\/wp-json\/wp\/v2\/posts\/2104\/revisions"}],"predecessor-version":[{"id":2289,"href":"https:\/\/agora.xtec.cat\/ceiprieraderibes\/wp-json\/wp\/v2\/posts\/2104\/revisions\/2289"}],"wp:attachment":[{"href":"https:\/\/agora.xtec.cat\/ceiprieraderibes\/wp-json\/wp\/v2\/media?parent=2104"}],"wp:term":[{"taxonomy":"category","embeddable":true,"href":"https:\/\/agora.xtec.cat\/ceiprieraderibes\/wp-json\/wp\/v2\/categories?post=2104"},{"taxonomy":"post_tag","embeddable":true,"href":"https:\/\/agora.xtec.cat\/ceiprieraderibes\/wp-json\/wp\/v2\/tags?post=2104"}],"curies":[{"name":"wp","href":"https:\/\/api.w.org\/{rel}","templated":true}]}}