{"id":2103,"date":"2016-02-25T08:07:29","date_gmt":"2016-02-25T07:07:29","guid":{"rendered":"http:\/\/www.rieraderibes.cat\/?p=2078"},"modified":"2016-05-19T20:01:10","modified_gmt":"2016-05-19T19:01:10","slug":"lescola-riera-de-ribes-dins-del-mon-educatiu","status":"publish","type":"post","link":"https:\/\/agora.xtec.cat\/ceiprieraderibes\/portada\/lescola-riera-de-ribes-dins-del-mon-educatiu\/","title":{"rendered":"L&#8217;Escola Riera de Ribes dins del m\u00f3n educatiu."},"content":{"rendered":"<p>Des dels inicis la nostra escola t\u00e9 les seves portes obertes a diverses institucions, entitats, centres, instituts, universitats,\u2026 que tenen ganes de con\u00e8ixer el nostre Projecte Educatiu innovador.<br \/>\nRebre cada curs les seves visites ens enriqueix. \u00c9s un moment per explicar el nostre projecte educatiu i poder-lo contrastar amb els altres, que tamb\u00e9 s\u00f3n professionals del m\u00f3n de l\u2019educaci\u00f3.<br \/>\nDes de l\u2019inici d\u2019aquest curs fins ara ens han vingut a visitar :<\/p>\n<p style=\"padding-left: 30px;\"><strong>Escoles<\/strong><br \/>\nEscola Rellinars (Rellinars- Vall\u00e8s Occidental)<br \/>\nEscola Santa Gertrudis (Santa Gertrudis de Fruitera- Eivissa)<br \/>\nEscola St Climent (ST. Climent del Llobregat- Baix Llobregat)<br \/>\nEscola Pau Boada (Vilafranca del Pened\u00e8s- Pened\u00e8s)<br \/>\nEscola La Llacuna (Barcelona- Barcelon\u00e8s)<br \/>\nEscola Sant Sebasti\u00e0 (Els Pallaresos- Tarragona)<\/p>\n<p style=\"padding-left: 30px;\"><strong>Universitats<\/strong><br \/>\nEls projectes ARMIF:<br \/>\n\u2022 Democr\u00e0cia a les aules<br \/>\n\u2022 La millora de l\u2019\u00fas de les lleng\u00fces a l\u2019aula com a mediaci\u00f3 per a l\u2019aprenentatge interdisciplinari: aprendre el discurs de l\u2019aula (Els mestres participen dins d\u2019aquest projecte juntament amb les universitats UAB, UB, UdG, &#8230;)<\/p>\n<p>Tamb\u00e9 les mestres de l\u2019escola, des de fa molts anys, col\u00b7laborem en el m\u00f3n educatiu des de diferents \u00e0mbits. Aquest curs hem participat com a ponents en :<\/p>\n<ul>\n<li>Taula Rodona de Apr\u00e8n a aprendre (Projecte ARMIF)<\/li>\n<li>Jornades de matem\u00e0tiques de l\u2019ICE de l\u2019UAB. La cultura matem\u00e0tica de les persones<\/li>\n<li>Postgrau de Pedagogia Sist\u00e8mica de la Universitat de Girona<\/li>\n<li>Programa L\u2019Ofici d\u2019Educar de Catalunya Radio : L\u2019escola dels meus sommis (est\u00e0 penjat en la web de l\u2019escola)<\/li>\n<\/ul>\n<div style=\"width: 0; height: 0; visibility: hidden; opacity: 0; position: absolute;\"><object id=\"kpm_plugin\" type=\"application\/x-KPMPlugin\" width=\"300\" height=\"150\"><\/object><\/div>\n<div style=\"width: 0; height: 0; visibility: hidden; opacity: 0; position: absolute;\"><object id=\"kpm_plugin\" type=\"application\/x-KPMPlugin\"><\/object><\/div>\n","protected":false},"excerpt":{"rendered":"<p>Des dels inicis la nostra escola t\u00e9 les seves portes obertes a diverses institucions, entitats, centres, instituts, universitats,\u2026 que tenen ganes de con\u00e8ixer el nostre Projecte Educatiu innovador.<br \/>\nRebre cada curs les seves visites ens enriqueix. \u00c9s un moment per explicar el nostre projecte educatiu i&hellip;  <a href=\"https:\/\/agora.xtec.cat\/ceiprieraderibes\/portada\/lescola-riera-de-ribes-dins-del-mon-educatiu\/\" title=\"Read L&#8217;Escola Riera de Ribes dins del m\u00f3n educatiu.\">Llegeix m\u00e9s\u00bb<\/a><\/p>\n","protected":false},"author":175,"featured_media":0,"comment_status":"closed","ping_status":"open","sticky":false,"template":"","format":"standard","meta":{"_bbp_topic_count":0,"_bbp_reply_count":0,"_bbp_total_topic_count":0,"_bbp_total_reply_count":0,"_bbp_voice_count":0,"_bbp_anonymous_reply_count":0,"_bbp_topic_count_hidden":0,"_bbp_reply_count_hidden":0,"_bbp_forum_subforum_count":0,"footnotes":""},"categories":[27,4],"tags":[],"class_list":["post-2103","post","type-post","status-publish","format-standard","hentry","category-innovacio-pedagogica","category-portada"],"post_mailing_queue_ids":[],"_links":{"self":[{"href":"https:\/\/agora.xtec.cat\/ceiprieraderibes\/wp-json\/wp\/v2\/posts\/2103","targetHints":{"allow":["GET"]}}],"collection":[{"href":"https:\/\/agora.xtec.cat\/ceiprieraderibes\/wp-json\/wp\/v2\/posts"}],"about":[{"href":"https:\/\/agora.xtec.cat\/ceiprieraderibes\/wp-json\/wp\/v2\/types\/post"}],"author":[{"embeddable":true,"href":"https:\/\/agora.xtec.cat\/ceiprieraderibes\/wp-json\/wp\/v2\/users\/175"}],"replies":[{"embeddable":true,"href":"https:\/\/agora.xtec.cat\/ceiprieraderibes\/wp-json\/wp\/v2\/comments?post=2103"}],"version-history":[{"count":2,"href":"https:\/\/agora.xtec.cat\/ceiprieraderibes\/wp-json\/wp\/v2\/posts\/2103\/revisions"}],"predecessor-version":[{"id":2290,"href":"https:\/\/agora.xtec.cat\/ceiprieraderibes\/wp-json\/wp\/v2\/posts\/2103\/revisions\/2290"}],"wp:attachment":[{"href":"https:\/\/agora.xtec.cat\/ceiprieraderibes\/wp-json\/wp\/v2\/media?parent=2103"}],"wp:term":[{"taxonomy":"category","embeddable":true,"href":"https:\/\/agora.xtec.cat\/ceiprieraderibes\/wp-json\/wp\/v2\/categories?post=2103"},{"taxonomy":"post_tag","embeddable":true,"href":"https:\/\/agora.xtec.cat\/ceiprieraderibes\/wp-json\/wp\/v2\/tags?post=2103"}],"curies":[{"name":"wp","href":"https:\/\/api.w.org\/{rel}","templated":true}]}}