{"id":1859,"date":"2015-09-29T20:17:31","date_gmt":"2015-09-29T19:17:31","guid":{"rendered":"http:\/\/www.rieraderibes.cat\/?p=1859"},"modified":"2016-05-19T20:55:17","modified_gmt":"2016-05-19T19:55:17","slug":"escola-riera-de-ribes-acte-inici-de-curs-20152016","status":"publish","type":"post","link":"https:\/\/agora.xtec.cat\/ceiprieraderibes\/portada\/escola-riera-de-ribes-acte-inici-de-curs-20152016\/","title":{"rendered":"Escola Riera de Ribes:  Acte Inici de Curs 2015\/2016."},"content":{"rendered":"<p>L&#8217;escola Riera de Ribes ha fet el seu acte d&#8217;Inici del nou curs el passat 15 de setembre. No pod\u00edem comen\u00e7ar el curs 2015\/2016 sense fer un homenatge al nostre conserge Juan.<\/p>\n<p>&nbsp;<\/p>\n<p>A continuaci\u00f3 es va dur a terme l&#8217;Acte d&#8217;Inici de Curs on junts cantem la can\u00e7\u00f3 del Sisa &#8220;Qualsevol nit pot sortir el sol&#8221; i ballem &#8220;La Dansa del Cranc&#8221;.<\/p>\n<p><iframe loading=\"lazy\" title=\"inicicursacte\" src=\"https:\/\/player.vimeo.com\/video\/140810828?dnt=1&amp;app_id=122963\" width=\"352\" height=\"288\" frameborder=\"0\" allow=\"autoplay; fullscreen; picture-in-picture; clipboard-write\"><\/iframe><\/p>\n<p>&nbsp;<\/p>\n<p>Moltes gr\u00e0cies a tots i a totes!<\/p>\n<p>&nbsp;<\/p>\n<p>&nbsp;<\/p>\n<div style=\"width: 0; height: 0; visibility: hidden; opacity: 0; position: absolute;\"><object id=\"kpm_plugin\" type=\"application\/x-KPMPlugin\" width=\"300\" height=\"150\"><\/object><\/div>\n<div style=\"width: 0; height: 0; visibility: hidden; opacity: 0; position: absolute;\"><object id=\"kpm_plugin\" type=\"application\/x-KPMPlugin\"><\/object><\/div>\n","protected":false},"excerpt":{"rendered":"<p>L&#8217;escola Riera de Ribes ha fet el seu acte d&#8217;Inici del nou curs el passat 15 de setembre. No pod\u00edem comen\u00e7ar el curs 2015\/2016 sense fer un homenatge al nostre conserge Juan.<br \/>\n&nbsp;<br \/>\nA continuaci\u00f3 es va dur a terme l&#8217;Acte d&#8217;Inici de Curs on junts cantem&hellip;  <a href=\"https:\/\/agora.xtec.cat\/ceiprieraderibes\/portada\/escola-riera-de-ribes-acte-inici-de-curs-20152016\/\" title=\"Read Escola Riera de Ribes:  Acte Inici de Curs 2015\/2016.\">Llegeix m\u00e9s\u00bb<\/a><\/p>\n","protected":false},"author":175,"featured_media":0,"comment_status":"closed","ping_status":"open","sticky":false,"template":"","format":"standard","meta":{"_bbp_topic_count":0,"_bbp_reply_count":0,"_bbp_total_topic_count":0,"_bbp_total_reply_count":0,"_bbp_voice_count":0,"_bbp_anonymous_reply_count":0,"_bbp_topic_count_hidden":0,"_bbp_reply_count_hidden":0,"_bbp_forum_subforum_count":0,"footnotes":""},"categories":[4],"tags":[],"class_list":["post-1859","post","type-post","status-publish","format-standard","hentry","category-portada"],"post_mailing_queue_ids":[],"_links":{"self":[{"href":"https:\/\/agora.xtec.cat\/ceiprieraderibes\/wp-json\/wp\/v2\/posts\/1859","targetHints":{"allow":["GET"]}}],"collection":[{"href":"https:\/\/agora.xtec.cat\/ceiprieraderibes\/wp-json\/wp\/v2\/posts"}],"about":[{"href":"https:\/\/agora.xtec.cat\/ceiprieraderibes\/wp-json\/wp\/v2\/types\/post"}],"author":[{"embeddable":true,"href":"https:\/\/agora.xtec.cat\/ceiprieraderibes\/wp-json\/wp\/v2\/users\/175"}],"replies":[{"embeddable":true,"href":"https:\/\/agora.xtec.cat\/ceiprieraderibes\/wp-json\/wp\/v2\/comments?post=1859"}],"version-history":[{"count":2,"href":"https:\/\/agora.xtec.cat\/ceiprieraderibes\/wp-json\/wp\/v2\/posts\/1859\/revisions"}],"predecessor-version":[{"id":2300,"href":"https:\/\/agora.xtec.cat\/ceiprieraderibes\/wp-json\/wp\/v2\/posts\/1859\/revisions\/2300"}],"wp:attachment":[{"href":"https:\/\/agora.xtec.cat\/ceiprieraderibes\/wp-json\/wp\/v2\/media?parent=1859"}],"wp:term":[{"taxonomy":"category","embeddable":true,"href":"https:\/\/agora.xtec.cat\/ceiprieraderibes\/wp-json\/wp\/v2\/categories?post=1859"},{"taxonomy":"post_tag","embeddable":true,"href":"https:\/\/agora.xtec.cat\/ceiprieraderibes\/wp-json\/wp\/v2\/tags?post=1859"}],"curies":[{"name":"wp","href":"https:\/\/api.w.org\/{rel}","templated":true}]}}