{"id":1674,"date":"2015-06-15T09:09:11","date_gmt":"2015-06-15T08:09:11","guid":{"rendered":"http:\/\/www.rieraderibes.cat\/?p=1674"},"modified":"2016-05-19T21:32:58","modified_gmt":"2016-05-19T20:32:58","slug":"cantania-2014-2015-al-bell-mig-de-la-terra","status":"publish","type":"post","link":"https:\/\/agora.xtec.cat\/ceiprieraderibes\/generacio-2004\/cantania-2014-2015-al-bell-mig-de-la-terra\/","title":{"rendered":"Cant\u00e0nia 2014-2015 &#8220;Al bell mig de la terra&#8221;"},"content":{"rendered":"<p>&nbsp;<\/p>\n<p>El passat dimecres, 6\u00a0 de maig de 2015, els alumnes de 5\u00e8 de l&#8217;escola van participar de l&#8217;activitat que cada any l&#8217;Auditori de Barcelona ofereix als centres educatius de prim\u00e0ria.\u00a0 La cantata d&#8217;enguany es titula &#8220;<em>Al bell mig de la terra<\/em>&#8221; i ha estat creada pel compositor Xavier Pag\u00e8s Corella i l&#8217;escriptora\u00a0 Carlota Subir\u00f3s.<\/p>\n<p>Aqu\u00ed us deixem un v\u00eddeo on es mostra els dies previs del concert i tamb\u00e9 l&#8217;experi\u00e8ncia viscuda durant tot el mateix dia d&#8217;aquest.<\/p>\n<p><iframe loading=\"lazy\" title=\"Cant\u00e0nia 2014- 2015 &quot;Al bell mig de la terra&quot;\" src=\"https:\/\/player.vimeo.com\/video\/130524531?dnt=1&amp;app_id=122963\" width=\"500\" height=\"281\" frameborder=\"0\" allow=\"autoplay; fullscreen; picture-in-picture; clipboard-write\"><\/iframe><\/p>\n<div style=\"width: 0; height: 0; visibility: hidden; opacity: 0; position: absolute;\"><object id=\"kpm_plugin\" type=\"application\/x-KPMPlugin\" width=\"300\" height=\"150\"><\/object><\/div>\n<div style=\"width: 0; height: 0; visibility: hidden; opacity: 0; position: absolute;\"><object id=\"kpm_plugin\" type=\"application\/x-KPMPlugin\"><\/object><\/div>\n","protected":false},"excerpt":{"rendered":"<p>&nbsp;<br \/>\nEl passat dimecres, 6\u00a0 de maig de 2015, els alumnes de 5\u00e8 de l&#8217;escola van participar de l&#8217;activitat que cada any l&#8217;Auditori de Barcelona ofereix als centres educatius de prim\u00e0ria.\u00a0 La cantata d&#8217;enguany es titula &#8220;Al bell mig de la terra&#8221; i ha estat creada&hellip;  <a href=\"https:\/\/agora.xtec.cat\/ceiprieraderibes\/generacio-2004\/cantania-2014-2015-al-bell-mig-de-la-terra\/\" title=\"Read Cant\u00e0nia 2014-2015 &#8220;Al bell mig de la terra&#8221;\">Llegeix m\u00e9s\u00bb<\/a><\/p>\n","protected":false},"author":1,"featured_media":1677,"comment_status":"closed","ping_status":"open","sticky":false,"template":"","format":"standard","meta":{"_bbp_topic_count":0,"_bbp_reply_count":0,"_bbp_total_topic_count":0,"_bbp_total_reply_count":0,"_bbp_voice_count":0,"_bbp_anonymous_reply_count":0,"_bbp_topic_count_hidden":0,"_bbp_reply_count_hidden":0,"_bbp_forum_subforum_count":0,"footnotes":""},"categories":[55],"tags":[],"class_list":["post-1674","post","type-post","status-publish","format-standard","has-post-thumbnail","hentry","category-generacio-2004"],"post_mailing_queue_ids":[],"_links":{"self":[{"href":"https:\/\/agora.xtec.cat\/ceiprieraderibes\/wp-json\/wp\/v2\/posts\/1674","targetHints":{"allow":["GET"]}}],"collection":[{"href":"https:\/\/agora.xtec.cat\/ceiprieraderibes\/wp-json\/wp\/v2\/posts"}],"about":[{"href":"https:\/\/agora.xtec.cat\/ceiprieraderibes\/wp-json\/wp\/v2\/types\/post"}],"author":[{"embeddable":true,"href":"https:\/\/agora.xtec.cat\/ceiprieraderibes\/wp-json\/wp\/v2\/users\/1"}],"replies":[{"embeddable":true,"href":"https:\/\/agora.xtec.cat\/ceiprieraderibes\/wp-json\/wp\/v2\/comments?post=1674"}],"version-history":[{"count":2,"href":"https:\/\/agora.xtec.cat\/ceiprieraderibes\/wp-json\/wp\/v2\/posts\/1674\/revisions"}],"predecessor-version":[{"id":2322,"href":"https:\/\/agora.xtec.cat\/ceiprieraderibes\/wp-json\/wp\/v2\/posts\/1674\/revisions\/2322"}],"wp:featuredmedia":[{"embeddable":true,"href":"https:\/\/agora.xtec.cat\/ceiprieraderibes\/wp-json\/wp\/v2\/media\/1677"}],"wp:attachment":[{"href":"https:\/\/agora.xtec.cat\/ceiprieraderibes\/wp-json\/wp\/v2\/media?parent=1674"}],"wp:term":[{"taxonomy":"category","embeddable":true,"href":"https:\/\/agora.xtec.cat\/ceiprieraderibes\/wp-json\/wp\/v2\/categories?post=1674"},{"taxonomy":"post_tag","embeddable":true,"href":"https:\/\/agora.xtec.cat\/ceiprieraderibes\/wp-json\/wp\/v2\/tags?post=1674"}],"curies":[{"name":"wp","href":"https:\/\/api.w.org\/{rel}","templated":true}]}}