{"id":1504,"date":"2015-04-20T16:08:20","date_gmt":"2015-04-20T15:08:20","guid":{"rendered":"http:\/\/www.rieraderibes.cat\/?p=1504"},"modified":"2016-05-19T21:37:02","modified_gmt":"2016-05-19T20:37:02","slug":"xavier-pages-corella-compositor-de-cantania-2015-a-lescola","status":"publish","type":"post","link":"https:\/\/agora.xtec.cat\/ceiprieraderibes\/generacio-2012\/xavier-pages-corella-compositor-de-cantania-2015-a-lescola\/","title":{"rendered":"Xavier Pag\u00e8s Corella, compositor de Cant\u00e0nia 2015, a l&#8217;escola!"},"content":{"rendered":"<p>El compositor de la Cant\u00e0nia, Xavier Pag\u00e8s Corella, va venir el passat dijous 16 d&#8217;abril a l&#8217;escola.<\/p>\n<p>Cant\u00e0nia \u00e9s una activitat que organitza l&#8217;Auditori de Barcelona des de fa 25 anys. \u00a0L&#8217;escola fa 8 anys que participa d&#8217;aquest projecte i enguany hem tingut la oportunitat i l&#8217;honor de qu\u00e8 ens visit\u00e9s el compositor. \u00a0En Xavier Pag\u00e8s va iniciar els seus estudis musicals a Ribes. Va acceptar sense cap mena de inconvenient venir a fer una visita als alumnes de 5\u00e8 que estan preparant la Cantata que ell ha creat &#8220;<em>Al bell mig de la Terra&#8221;.<\/em><\/p>\n<p>Va ser una trobada molt distesa on ens va poder explicar moments m\u00e9s personals sobre la cantata i ens va donar consells per millorar-la.<\/p>\n<p><iframe loading=\"lazy\" title=\"Ens visita el compositor de Cant\u00e0nia 2015\" src=\"https:\/\/player.vimeo.com\/video\/125468744?dnt=1&amp;app_id=122963\" width=\"500\" height=\"281\" frameborder=\"0\" allow=\"autoplay; fullscreen; picture-in-picture; clipboard-write\"><\/iframe><\/p>\n<p>&nbsp;<\/p>\n<div style=\"width: 0; height: 0; visibility: hidden; opacity: 0; position: absolute;\"><object id=\"kpm_plugin\" type=\"application\/x-KPMPlugin\" width=\"300\" height=\"150\"><\/object><\/div>\n<div style=\"width: 0; height: 0; visibility: hidden; opacity: 0; position: absolute;\"><object id=\"kpm_plugin\" type=\"application\/x-KPMPlugin\"><\/object><\/div>\n","protected":false},"excerpt":{"rendered":"<p>El compositor de la Cant\u00e0nia, Xavier Pag\u00e8s Corella, va venir el passat dijous 16 d&#8217;abril a l&#8217;escola.<br \/>\nCant\u00e0nia \u00e9s una activitat que organitza l&#8217;Auditori de Barcelona des de fa 25 anys. \u00a0L&#8217;escola fa 8 anys que participa d&#8217;aquest projecte i enguany hem tingut la oportunitat i&hellip;  <a href=\"https:\/\/agora.xtec.cat\/ceiprieraderibes\/generacio-2012\/xavier-pages-corella-compositor-de-cantania-2015-a-lescola\/\" title=\"Read Xavier Pag\u00e8s Corella, compositor de Cant\u00e0nia 2015, a l&#8217;escola!\">Llegeix m\u00e9s\u00bb<\/a><\/p>\n","protected":false},"author":1,"featured_media":1505,"comment_status":"closed","ping_status":"open","sticky":false,"template":"","format":"standard","meta":{"_bbp_topic_count":0,"_bbp_reply_count":0,"_bbp_total_topic_count":0,"_bbp_total_reply_count":0,"_bbp_voice_count":0,"_bbp_anonymous_reply_count":0,"_bbp_topic_count_hidden":0,"_bbp_reply_count_hidden":0,"_bbp_forum_subforum_count":0,"footnotes":""},"categories":[55,54,53,52,51,50,49,48,47],"tags":[33],"class_list":["post-1504","post","type-post","status-publish","format-standard","has-post-thumbnail","hentry","category-generacio-2004","category-generacio-2005","category-generacio-2006","category-generacio-2007","category-generacio-2008","category-generacio-2009","category-generacio-2010","category-generacio-2011","category-generacio-2012","tag-especialitats"],"post_mailing_queue_ids":[],"_links":{"self":[{"href":"https:\/\/agora.xtec.cat\/ceiprieraderibes\/wp-json\/wp\/v2\/posts\/1504","targetHints":{"allow":["GET"]}}],"collection":[{"href":"https:\/\/agora.xtec.cat\/ceiprieraderibes\/wp-json\/wp\/v2\/posts"}],"about":[{"href":"https:\/\/agora.xtec.cat\/ceiprieraderibes\/wp-json\/wp\/v2\/types\/post"}],"author":[{"embeddable":true,"href":"https:\/\/agora.xtec.cat\/ceiprieraderibes\/wp-json\/wp\/v2\/users\/1"}],"replies":[{"embeddable":true,"href":"https:\/\/agora.xtec.cat\/ceiprieraderibes\/wp-json\/wp\/v2\/comments?post=1504"}],"version-history":[{"count":2,"href":"https:\/\/agora.xtec.cat\/ceiprieraderibes\/wp-json\/wp\/v2\/posts\/1504\/revisions"}],"predecessor-version":[{"id":2327,"href":"https:\/\/agora.xtec.cat\/ceiprieraderibes\/wp-json\/wp\/v2\/posts\/1504\/revisions\/2327"}],"wp:featuredmedia":[{"embeddable":true,"href":"https:\/\/agora.xtec.cat\/ceiprieraderibes\/wp-json\/wp\/v2\/media\/1505"}],"wp:attachment":[{"href":"https:\/\/agora.xtec.cat\/ceiprieraderibes\/wp-json\/wp\/v2\/media?parent=1504"}],"wp:term":[{"taxonomy":"category","embeddable":true,"href":"https:\/\/agora.xtec.cat\/ceiprieraderibes\/wp-json\/wp\/v2\/categories?post=1504"},{"taxonomy":"post_tag","embeddable":true,"href":"https:\/\/agora.xtec.cat\/ceiprieraderibes\/wp-json\/wp\/v2\/tags?post=1504"}],"curies":[{"name":"wp","href":"https:\/\/api.w.org\/{rel}","templated":true}]}}