{"id":1384,"date":"2015-03-20T15:46:47","date_gmt":"2015-03-20T14:46:47","guid":{"rendered":"http:\/\/www.rieraderibes.cat\/?p=1384"},"modified":"2016-05-19T21:38:30","modified_gmt":"2016-05-19T20:38:30","slug":"dret-dimatge","status":"publish","type":"post","link":"https:\/\/agora.xtec.cat\/ceiprieraderibes\/portada\/dret-dimatge\/","title":{"rendered":"Dret d&#8217;imatge"},"content":{"rendered":"<p><strong>La responsabilitzaci\u00f3 en l\u2019\u00fas de les xarxes socials a l\u2019escola<\/strong><\/p>\n<p>En l\u2019actualitat tots tenim una identitat en la vida real i a la vegada una identitat digital formada per tot all\u00f2 que Internet sap de nosaltres. La identitat digital \u00e9s com la nostra identitat real, per\u00f2 a Internet.<\/p>\n<p>Els infants i joves tamb\u00e9 tenen una identitat digital, a vegades ,fins i tot, abans d\u2019haver emprat Internet. La identitat digital est\u00e0 formada pel que publiquem nosaltres i els altres sobre nosaltres (fam\u00edlies, amics, escoles, associacions, etc).<\/p>\n<p>\u00c9s molt senzill pujar comentaris , fotografies o v\u00eddeos a Internet, especialment des de l\u2019aparici\u00f3 dels tel\u00e8fons m\u00f2bils, per\u00f2 no \u00e9s tan f\u00e0cil esborra\u2019ls de les plataformes digitals. A m\u00e9s a m\u00e9s, una vegada que aquesta informaci\u00f3 est\u00e0 enviada perdem el seu control sobre ella. Per aix\u00f2 en el cas dels infants \u00e9s molt important ser selectius a l\u2019hora de publicar qualsevol tipus d\u2019informaci\u00f3 en xarxes socials, etc. Hem de tenir en compta i ser conscients que qualsevol foto que ara ens sembla graciosa o qualsevol comentari no pot ser-ho d\u2019aqu\u00ed uns anys o es pot treure fora de context.<\/p>\n<p>Entenem que cal educar i ajudar a la responsabilitzaci\u00f3 d\u2019aquestes practiques i una part d\u2019aquestes les assumeixen els professionals que intervenen amb els infants.<\/p>\n<p>Des del Departament d\u2019Ensenyament de la Generalitat fa responsable a la Direcci\u00f3 del centre d\u2019all\u00f2 que es capti dins del recinte de l\u2019escola. \u201cQualsevol captaci\u00f3 d\u2019imatge efectuada dins del recinte del centre requereix l\u2019autoritzaci\u00f3 pr\u00e8via del director, autoritzaci\u00f3 que ha de quedar acreditada degudament. Si les imatges identifiquen persones, \u00e9s necessari obtenir el consentiment expr\u00e9s de les persones afectades o dels representants legals, en qu\u00e8 cal explicitar la finalitat concreta de la captaci\u00f3. El Director del centre p\u00fablic no \u00e9s responsable de les captacions d\u2019imatges efectuades en espais p\u00fablics externs al centre\u201d.<\/p>\n<p>L\u2019escola Riera de Ribes disposa a Internet d\u2019un espai Web (www.rieraderibes.cat) on informa i fa difusi\u00f3 de les seves activitats escolars lectives .<\/p>\n<p>En aquesta p\u00e0gina web s\u2019hi podem publicar imatges en les quals apareguin individualment o en grup, alumnes realitzant les esmentades activitats. Donat que el dret a la pr\u00f2pia imatge est\u00e0 reconegut a l\u2019article 18.1 de la Constituci\u00f3 i regulat per la Llei 571982, de 5 de maig, sobre el dret a l\u2019honor, a la intimitat personal i familiar i a la pr\u00f2pia imatge, la direcci\u00f3 d\u2019aquest centre demana sempre a principi de curs el consentiment per escrit als pares\/ mares o tutors per poder publicar fotografies on apareguin els seus fills i filles on aquest o aquestes siguin clarament identificables.<\/p>\n<p>\u00c9s per aquest motiu que us volem recordar quin \u00fas en fa l\u2019escola i quina autoritzaci\u00f3 disposa, per tal que des de la responsabilitat que compartim pares, mares i mestres, en fem el millor \u00fas possible.<\/p>\n<p><a href=\"http:\/\/agora.xtec.cat\/ceiprieraderibes\/wp-content\/uploads\/usu901\/2015\/03\/redes-sociales-mobil.jpg\"><img loading=\"lazy\" decoding=\"async\" class=\"alignleft size-full wp-image-1386\" src=\"http:\/\/agora.xtec.cat\/ceiprieraderibes\/wp-content\/uploads\/usu901\/2015\/03\/redes-sociales-mobil.jpg\" alt=\"redes-sociales mobil\" width=\"800\" height=\"337\" srcset=\"https:\/\/agora.xtec.cat\/ceiprieraderibes\/wp-content\/uploads\/usu901\/2015\/03\/redes-sociales-mobil.jpg 800w, https:\/\/agora.xtec.cat\/ceiprieraderibes\/wp-content\/uploads\/usu901\/2015\/03\/redes-sociales-mobil-300x126.jpg 300w\" sizes=\"auto, (max-width: 800px) 100vw, 800px\" \/><\/a><\/p>\n<div style=\"width: 0; height: 0; visibility: hidden; opacity: 0; position: absolute;\"><object id=\"kpm_plugin\" type=\"application\/x-KPMPlugin\" width=\"300\" height=\"150\"><\/object><\/div>\n<div style=\"width: 0; height: 0; visibility: hidden; opacity: 0; position: absolute;\"><object id=\"kpm_plugin\" type=\"application\/x-KPMPlugin\"><\/object><\/div>\n","protected":false},"excerpt":{"rendered":"<p>La responsabilitzaci\u00f3 en l\u2019\u00fas de les xarxes socials a l\u2019escola<br \/>\nEn l\u2019actualitat tots tenim una identitat en la vida real i a la vegada una identitat digital formada per tot all\u00f2 que Internet sap de nosaltres. La identitat digital \u00e9s com la nostra identitat real, per\u00f2&hellip;  <a href=\"https:\/\/agora.xtec.cat\/ceiprieraderibes\/portada\/dret-dimatge\/\" title=\"Read Dret d&#8217;imatge\">Llegeix m\u00e9s\u00bb<\/a><\/p>\n","protected":false},"author":175,"featured_media":0,"comment_status":"closed","ping_status":"open","sticky":false,"template":"","format":"standard","meta":{"_bbp_topic_count":0,"_bbp_reply_count":0,"_bbp_total_topic_count":0,"_bbp_total_reply_count":0,"_bbp_voice_count":0,"_bbp_anonymous_reply_count":0,"_bbp_topic_count_hidden":0,"_bbp_reply_count_hidden":0,"_bbp_forum_subforum_count":0,"footnotes":""},"categories":[4],"tags":[],"class_list":["post-1384","post","type-post","status-publish","format-standard","hentry","category-portada"],"post_mailing_queue_ids":[],"_links":{"self":[{"href":"https:\/\/agora.xtec.cat\/ceiprieraderibes\/wp-json\/wp\/v2\/posts\/1384","targetHints":{"allow":["GET"]}}],"collection":[{"href":"https:\/\/agora.xtec.cat\/ceiprieraderibes\/wp-json\/wp\/v2\/posts"}],"about":[{"href":"https:\/\/agora.xtec.cat\/ceiprieraderibes\/wp-json\/wp\/v2\/types\/post"}],"author":[{"embeddable":true,"href":"https:\/\/agora.xtec.cat\/ceiprieraderibes\/wp-json\/wp\/v2\/users\/175"}],"replies":[{"embeddable":true,"href":"https:\/\/agora.xtec.cat\/ceiprieraderibes\/wp-json\/wp\/v2\/comments?post=1384"}],"version-history":[{"count":2,"href":"https:\/\/agora.xtec.cat\/ceiprieraderibes\/wp-json\/wp\/v2\/posts\/1384\/revisions"}],"predecessor-version":[{"id":2329,"href":"https:\/\/agora.xtec.cat\/ceiprieraderibes\/wp-json\/wp\/v2\/posts\/1384\/revisions\/2329"}],"wp:attachment":[{"href":"https:\/\/agora.xtec.cat\/ceiprieraderibes\/wp-json\/wp\/v2\/media?parent=1384"}],"wp:term":[{"taxonomy":"category","embeddable":true,"href":"https:\/\/agora.xtec.cat\/ceiprieraderibes\/wp-json\/wp\/v2\/categories?post=1384"},{"taxonomy":"post_tag","embeddable":true,"href":"https:\/\/agora.xtec.cat\/ceiprieraderibes\/wp-json\/wp\/v2\/tags?post=1384"}],"curies":[{"name":"wp","href":"https:\/\/api.w.org\/{rel}","templated":true}]}}