{"id":13103,"date":"2023-07-02T11:16:57","date_gmt":"2023-07-02T09:16:57","guid":{"rendered":"https:\/\/agora.xtec.cat\/ceiprieraderibes\/?p=13103"},"modified":"2023-07-20T11:59:21","modified_gmt":"2023-07-20T09:59:21","slug":"pregunta-interessant-cinema-en-curs","status":"publish","type":"post","link":"https:\/\/agora.xtec.cat\/ceiprieraderibes\/general\/pregunta-interessant-cinema-en-curs\/","title":{"rendered":"Pregunta Interessant Cinema en Curs"},"content":{"rendered":"<p align=\"justify\"><span style=\"color: #000000;\"><span style=\"font-family: Calibri, sans-serif;\"><span style=\"font-size: small;\"><b>Una m\u00e0 d\u2019artesans<\/b><\/span><\/span><\/span><\/p>\n<p align=\"justify\"><span style=\"color: #000000;\"><span style=\"font-family: Calibri, sans-serif;\"><span style=\"font-size: small;\">Som un dels grups de la Indagaci\u00f3 de la Pregunta Interessant de la Comunitat de Grans. Aquest curs i despr\u00e9s d&#8217;un any, hem recuperat el projecte de Cinema en Curs. Aquesta vegada la nostra tasca ha estat la d\u2019elaborar un curt documental, basat en oficis artesans de Ribes. Aquest inter\u00e8s sorgeix despr\u00e9s de veure uns films documentals al Cinema Ribes dos eren del Cineasta Vittorio de Setta \u00ab<i>Un giorno in Barbagia\u00bb <\/i><i>i \u00abPastori di Orgosolo\u00bb<\/i> on retrata la vida quotidiana dels pobles d\u2019aquella \u00e8poca i d\u2019aquella regi\u00f3. I, tamb\u00e9 vam veure el film <i>\u201cLa bufadora de vidre\u201d<\/i> del cineasta Alain Cavalier. Aquests films van despertar-nos la curiositat de saber quins oficis artesans i antics quedaven en el nostre poble.<\/span><\/span><\/span><\/p>\n<p align=\"justify\"><span style=\"color: #000000;\"><span style=\"font-family: Calibri, sans-serif;\"><span style=\"font-size: small;\">Aprofitant el lligam de la nostra escola amb el projecte de cinema en curs per a les escoles i instituts vam tenir l\u2019oportunitat d\u2019endinsar-nos en el m\u00f3n del cinema i comen\u00e7ar a investigar dins del marc de l\u2019estrat\u00e8gia d\u2019aprenentatge de les indagacions i, en aquest cas, en el marc de la Pregunta Interessant. <\/span><\/span><\/span><\/p>\n<p align=\"justify\"><span style=\"color: #000000;\"><span style=\"font-family: Calibri, sans-serif;\"><span style=\"font-size: small;\">Una cosa ten\u00edem totes i tots en com\u00fa i \u00e9s que vam escollir formar part del projecte per diferents motius:\u00a0 poder filmar millor i m\u00e9s professionalment, editar i muntar plans, per con\u00e8ixer millor el m\u00f3n del cinema i de la fotografia&#8230; pensar, consensuar i escriure el gui\u00f3 del nostre propi documental i la investigaci\u00f3. Aquesta parta ens agradava molt. <\/span><\/span><\/span><\/p>\n<p align=\"justify\"><span style=\"color: #000000;\"><span style=\"font-family: Calibri, sans-serif;\"><span style=\"font-size: small;\">Abans de les vacances de nadal, vam visionar a l\u2019escola filmacions de pocs minuts de durada de diferents cineastes destacats com David Perlov, Chantal Akerman, Jonas Mekas, Jose Lu\u00eds Guerin&#8230;, Paral\u00b7lelament vam fer una sortida al nostre entorn i, m\u00e9s concretament pels voltants del Castell de Ribes per filmar els nostres primers Plans del m\u00f3n a la manera dels cineastes que hav\u00edem estat visionant. Tamb\u00e9 vam filmar des de casa, des de la nostra finestra, els nostres balcons&#8230;<\/span><\/span><\/span><\/p>\n<p align=\"justify\"><span style=\"color: #000000;\"><span style=\"font-family: Calibri, sans-serif;\"><span style=\"font-size: small;\">Aquest any el nostre objectiu era realitzar un curt sobre diferents treballs artesans que encara es duen a terme en el nostre poble. Amb aquesta premissa vam iniciar una investigaci\u00f3 en petits grups per con\u00e8ixer de primera m\u00e0 quins oficis encara es fan al nostre poble. En aquesta investigaci\u00f3 ens van ajudar familiars i mestres. Tamb\u00e9 hem pogut con\u00e8ixer persones molt arrelades al nostre municipi que ens han explicat moltes curiositat interessants. <\/span><\/span><\/span><\/p>\n<p align=\"justify\"><span style=\"color: #000000;\"><span style=\"font-family: Calibri, sans-serif;\"><span style=\"font-size: small;\">A l\u2019aula, despr\u00e9s d&#8217;haver proposat oficis artesans, vam escollir-ne vuit. En petits grups vam passar a l\u2019acci\u00f3 i vam sortir al carrer a filmar i documentar cadascun dels oficis que hav\u00edem proposat. Una vegada\u00a0 a classe vam mirar tots els plans i fotografies que hav\u00edem fet, dels vuit oficis filmats en vam escollit cinc: fuster, pag\u00e8s, forner, ceramista i modista. <\/span><\/span><\/span><\/p>\n<p align=\"justify\"><span style=\"color: #000000;\"><span style=\"font-family: Calibri, sans-serif;\"><span style=\"font-size: small;\">El resultat ha estat fant\u00e0stic, estem molt orgullosos i satisfets de tot el que hem apr\u00e8s aquest curs, ens emportem una viv\u00e8ncia \u00fanica i molts aprenentatges tant del proc\u00e9s de creaci\u00f3 com dels proc\u00e9s d&#8217;edici\u00f3. Una de les coses que hem apr\u00e8s ha estat el resultat tan positiu que d\u00f3na el fet d\u2019haver de posar-nos d\u2019acord pel b\u00e9 del film, deixant de banda els aspectes m\u00e9s personals i individuals. Hem apr\u00e9s a cedir pel b\u00e9 com\u00fa. <\/span><\/span><\/span><\/p>\n<p align=\"justify\"><span style=\"color: #000000;\"><span style=\"font-family: Calibri, sans-serif;\"><span style=\"font-size: small;\">Aqu\u00ed us deixem l\u2019enlla\u00e7 del nostre film que no \u00e9s res m\u00e9s que el resultat de tot el llarg proc\u00e9s.<\/span><\/span><\/span><\/p>\n<p align=\"justify\"><iframe loading=\"lazy\" src=\"https:\/\/player.vimeo.com\/video\/838640010?h=7e86d428a9&amp;color=0f72c1&amp;title=0&amp;byline=0&amp;portrait=0\" width=\"640\" height=\"360\" frameborder=\"0\" allowfullscreen=\"allowfullscreen\"><\/iframe><\/p>\n<p><a href=\"https:\/\/vimeo.com\/838640010\">Una m\u00e0 d&#8217;artesans, Escola Riera de Ribes (Sant Pere de Ribes). Cinema en curs 2022-2023<\/a> from <a href=\"https:\/\/vimeo.com\/cinemaencurs\">Cinema en curs<\/a> on <a href=\"https:\/\/vimeo.com\">Vimeo<\/a>.<\/p>\n<p align=\"justify\"><span style=\"font-family: Calibri, sans-serif;\"><span style=\"font-size: small;\"><span style=\"color: #000000;\">Alumnes pregunta interessant: <\/span><\/span><\/span><span style=\"font-size: small;\"><b>Quins artesans queden a Ribes?<\/b><\/span><\/p>\n<p align=\"justify\"><span style=\"color: #000000;\"><span style=\"font-family: Calibri, sans-serif;\"><span style=\"font-size: small;\">Un filme de:<br \/>\n<\/span><\/span><\/span><span style=\"color: #000000;\"><span style=\"font-family: Calibri, sans-serif;\"><span style=\"font-size: small;\">Chlo\u00e9 Alonso, Tanit Amig\u00f3, \u00c8lia Brugu\u00e9, Ona Callao, Mart\u00ed Cerv\u00f3s, Mark Cirera, Nina de Santis, Queralt Galan, Pau Garcia, Olivia Gen\u00e9, Mart\u00ed Guijarro, Berta Guillaumes, Aleix Juliachs, Delfina Koen, Rita Lucchetti, Oriol Miret, Bet Pascual, Cl\u00e0udia Pradanas, Zoe Rama, Camila Ric\u00f3n, Merc\u00e8 Rovira, Nil Sangen\u00eds, Eliana Van, Eloi Vidal\u00a0<\/span><\/span><\/span><\/p>\n<p align=\"justify\"><span style=\"font-family: Calibri, sans-serif;\"><span style=\"font-size: small;\"><span style=\"color: #000000;\">Comunitat de Grans<\/span><\/span><\/span><\/p>\n<p align=\"justify\">\n<p align=\"justify\"><img loading=\"lazy\" decoding=\"async\" class=\"alignleft wp-image-13105\" src=\"https:\/\/agora.xtec.cat\/ceiprieraderibes\/wp-content\/uploads\/usu901\/2023\/07\/cinema-en-curs.jpeg\" alt=\"\" width=\"593\" height=\"395\" srcset=\"https:\/\/agora.xtec.cat\/ceiprieraderibes\/wp-content\/uploads\/usu901\/2023\/07\/cinema-en-curs.jpeg 1200w, https:\/\/agora.xtec.cat\/ceiprieraderibes\/wp-content\/uploads\/usu901\/2023\/07\/cinema-en-curs-300x200.jpeg 300w, https:\/\/agora.xtec.cat\/ceiprieraderibes\/wp-content\/uploads\/usu901\/2023\/07\/cinema-en-curs-1024x683.jpeg 1024w, https:\/\/agora.xtec.cat\/ceiprieraderibes\/wp-content\/uploads\/usu901\/2023\/07\/cinema-en-curs-768x512.jpeg 768w\" sizes=\"auto, (max-width: 593px) 100vw, 593px\" \/><\/p>\n","protected":false},"excerpt":{"rendered":"<p>Una m\u00e0 d\u2019artesans<br \/>\nSom un dels grups de la Indagaci\u00f3 de la Pregunta Interessant de la Comunitat de Grans. Aquest curs i despr\u00e9s d&#8217;un any, hem recuperat el projecte de Cinema en Curs. Aquesta vegada la nostra tasca ha estat la d\u2019elaborar un curt documental, basat&hellip;  <a href=\"https:\/\/agora.xtec.cat\/ceiprieraderibes\/general\/pregunta-interessant-cinema-en-curs\/\" title=\"Read Pregunta Interessant Cinema en Curs\">Llegeix m\u00e9s\u00bb<\/a><\/p>\n","protected":false},"author":175,"featured_media":13105,"comment_status":"open","ping_status":"closed","sticky":false,"template":"","format":"standard","meta":{"_bbp_topic_count":0,"_bbp_reply_count":0,"_bbp_total_topic_count":0,"_bbp_total_reply_count":0,"_bbp_voice_count":0,"_bbp_anonymous_reply_count":0,"_bbp_topic_count_hidden":0,"_bbp_reply_count_hidden":0,"_bbp_forum_subforum_count":0,"footnotes":""},"categories":[48,47,1,4],"tags":[],"class_list":["post-13103","post","type-post","status-publish","format-standard","has-post-thumbnail","hentry","category-generacio-2011","category-generacio-2012","category-general","category-portada"],"post_mailing_queue_ids":[],"_links":{"self":[{"href":"https:\/\/agora.xtec.cat\/ceiprieraderibes\/wp-json\/wp\/v2\/posts\/13103","targetHints":{"allow":["GET"]}}],"collection":[{"href":"https:\/\/agora.xtec.cat\/ceiprieraderibes\/wp-json\/wp\/v2\/posts"}],"about":[{"href":"https:\/\/agora.xtec.cat\/ceiprieraderibes\/wp-json\/wp\/v2\/types\/post"}],"author":[{"embeddable":true,"href":"https:\/\/agora.xtec.cat\/ceiprieraderibes\/wp-json\/wp\/v2\/users\/175"}],"replies":[{"embeddable":true,"href":"https:\/\/agora.xtec.cat\/ceiprieraderibes\/wp-json\/wp\/v2\/comments?post=13103"}],"version-history":[{"count":3,"href":"https:\/\/agora.xtec.cat\/ceiprieraderibes\/wp-json\/wp\/v2\/posts\/13103\/revisions"}],"predecessor-version":[{"id":13108,"href":"https:\/\/agora.xtec.cat\/ceiprieraderibes\/wp-json\/wp\/v2\/posts\/13103\/revisions\/13108"}],"wp:featuredmedia":[{"embeddable":true,"href":"https:\/\/agora.xtec.cat\/ceiprieraderibes\/wp-json\/wp\/v2\/media\/13105"}],"wp:attachment":[{"href":"https:\/\/agora.xtec.cat\/ceiprieraderibes\/wp-json\/wp\/v2\/media?parent=13103"}],"wp:term":[{"taxonomy":"category","embeddable":true,"href":"https:\/\/agora.xtec.cat\/ceiprieraderibes\/wp-json\/wp\/v2\/categories?post=13103"},{"taxonomy":"post_tag","embeddable":true,"href":"https:\/\/agora.xtec.cat\/ceiprieraderibes\/wp-json\/wp\/v2\/tags?post=13103"}],"curies":[{"name":"wp","href":"https:\/\/api.w.org\/{rel}","templated":true}]}}