{"id":13081,"date":"2023-07-01T11:43:38","date_gmt":"2023-07-01T09:43:38","guid":{"rendered":"https:\/\/agora.xtec.cat\/ceiprieraderibes\/?p=13081"},"modified":"2023-07-01T11:43:38","modified_gmt":"2023-07-01T09:43:38","slug":"comunicacio-de-la-pregunta-interessant-a-les-families","status":"publish","type":"post","link":"https:\/\/agora.xtec.cat\/ceiprieraderibes\/general\/comunicacio-de-la-pregunta-interessant-a-les-families\/","title":{"rendered":"COMUNICACI\u00d3 DE LA PREGUNTA INTERESSANT A LES FAM\u00cdLIES"},"content":{"rendered":"<p><span style=\"font-weight: 400\">Un cop treballats els continguts que es volien englobar en les Preguntes Interessants, cada classe de la Comunitat de Petits va comen\u00e7ar a preparar la comunicaci\u00f3 a les fam\u00edlies. Aquesta activitat consisteix en convidar als familiars dels alumnes a assistir una tarda a l\u2019escola i que tinguin l\u2019oportunitat de descobrir el complex proc\u00e9s que ha seguit l\u2019alumnat per donar resposta a totes aquelles preguntes i inquietuds que es van fer a l\u2019inici. Recordem que les Preguntes Interessants eren les seg\u00fcents:<\/span><\/p>\n<ul>\n<li style=\"font-weight: 400\"><span style=\"font-weight: 400\">ON S\u00d3N LES OBRES D\u2019ART DE LES DONES? (Petits 1)<\/span><\/li>\n<li style=\"font-weight: 400\"><span style=\"font-weight: 400\">COM ES VA CREAR RIBES? (Petits 2)<\/span><\/li>\n<li style=\"font-weight: 400\"><span style=\"font-weight: 400\">COM SOM PER DINS? (Petits 3)<\/span><\/li>\n<li style=\"font-weight: 400\"><span style=\"font-weight: 400\">COM HAN EVOLUCIONAT ELS OFICIS? (Petits 4)<\/span><\/li>\n<li style=\"font-weight: 400\"><span style=\"font-weight: 400\">COM ES CREA UNA LLAVOR? (Petits 5)<\/span><\/li>\n<\/ul>\n<p><span style=\"font-weight: 400\">Quan es van resoldre aquestes preguntes, cada classe va elaborar el seu producte final. Un producte final \u00e9s una creaci\u00f3 (tangible o intangible) on els alumnes expressen d\u2019una manera creativa all\u00f2 que han investigat i apr\u00e8s. Aquest producte final es va realitzar a l\u2019aula i era la sorpresa que els alumnes ensenyarien a les fam\u00edlies el dia de la comunicaci\u00f3.\u00a0<\/span><\/p>\n<p><span style=\"font-weight: 400\">Aix\u00ed doncs, l\u2019estructura general de la tarda amb les fam\u00edlies seria primerament mostrar a mode de resum i a trets generals els processos i les activitats que havia fet l\u2019alumnat durant els mesos de Pregunta Interessant. Seguidament, s\u2019explicaria i es mostraria el producte final. Cada grup li va donar el seu toc especial i va afegir altres sorpreses.<\/span><\/p>\n<p><span style=\"font-weight: 400\">La classe de Petits 1 va comen\u00e7ar la comunicaci\u00f3 amb un q\u00fcestionari fet amb l\u2019aplicaci\u00f3 \u201cPlickers\u201d, on les fam\u00edlies havien de respondre preguntes sobre l\u2019art i la perspectiva de g\u00e8nere. La idea era comen\u00e7ar reflexionant sobre el fet que coneixem molts artistes masculins per\u00f2 molt poques artistes femenines. A partir d\u2019aqu\u00ed, van comen\u00e7ar a explicar tot el progr\u00e9s amb la seva pregunta i finalment van mostrar-los el producte final. Aquest, es tracta d\u2019una escultura que representa la igualtat entre totes les persones. El van col\u00b7locar tapat a l\u2019entrada i van despla\u00e7ar-se tots i totes cap all\u00e0. La directora del centre va inaugurar-la i la va destapar. L\u2019escultura est\u00e0 creada pel s\u00edmbol mascul\u00ed i el s\u00edmbol femen\u00ed, units pel cercle. Est\u00e0 pintat a ratlles de tots colors i porta dues balances que representen la igualtat. En una balan\u00e7a hi ha les fotografies de les nenes de la classe i a l\u2019altra balan\u00e7a, els nens.<\/span><\/p>\n<p><span style=\"font-weight: 400\">La classe de Petits 2 va comen\u00e7ar explicant les diferents activitats i investigacions que es van realitzar durant la Pregunta Interessant. Un cop acabada la presentaci\u00f3, van destapar el seu producte final. Aquest, es tracta de tres diorames de Sant Pere de Ribes: un de l\u2019Edat Mitjana, un de l\u2019Edat Moderna i un de l\u2019Edat Contempor\u00e0nia. La idea era que a trav\u00e9s d\u2019aquests diorames es pogu\u00e9s veure l\u2019evoluci\u00f3 del poble des de l\u2019inici fins a l\u2019edat actual. Les figures es van enganxar en uns bastons de fusta i velcro, per tal que es poguessin posar i treure. Per parelles, van anar sortint i van anar explicant cada figura (des de quan est\u00e0 al poble, quina funci\u00f3 tenia\u2026). Per acabar la comunicaci\u00f3, les fam\u00edlies van fer un Kahoot per veure qu\u00e8 havien apr\u00e8s sobre la hist\u00f2ria de Ribes.\u00a0<\/span><\/p>\n<p><span style=\"font-weight: 400\">A Petits 3 els infants es van vestir com uns aut\u00e8ntics doctors i doctores. Van anar explicant els processos que havien seguit i alhora anaven introduint conceptes te\u00f2rics mostrant-ho amb el seu producte final. Aquest va ser unes siluetes humanes fetes amb cartr\u00f3 i dins de cada silueta hi havia un aparell del cos hum\u00e0. Per tant, hi havia sis \u201cpersonetes\u201d: l\u2019aparell locomotor, l\u2019aparell respiratori, l\u2019aparell reproductor, l\u2019aparell excretor, l\u2019aparell digestiu i l\u2019aparell circulatori. Un cop feta l\u2019explicaci\u00f3, les fam\u00edlies van realitzar un Kahoot per veure si havien adquirit nous coneixements.\u00a0<\/span><\/p>\n<p><span style=\"font-weight: 400\">Al grup de Petits 4, primerament van explicar les diferents activitats, sortides i investigacions que havien anat realitzant durant aquests mesos, com si fos un diari. Un cop presentat a les fam\u00edlies, els i les alumnes van demanar a les fam\u00edlies que es desplacessin al gimn\u00e0s per veure el producte final. El que es van trobar all\u00e0 va ser molt sorprenent, emocionant i divertit. El que van fer va ser preparar sis petites obres de teatre on cada una d\u2019elles representava un ofici del futur. Les fam\u00edlies tenien un full amb una graella i havien d\u2019intentar endevinar de quin ofici es tractava.\u00a0<\/span><\/p>\n<p><span style=\"font-weight: 400\">Finalment, a Petits 5 es va fer tamb\u00e9 la presentaci\u00f3 corresponent amb el \u201cCanva\u201d, on s\u2019explicava tot el proc\u00e9s de la pregunta i a continuaci\u00f3 van fer despla\u00e7ar a les fam\u00edlies a la sala de mestres. All\u00e0, es van trobar amb unes taules plenes de receptes saludables amb els seus cartellets corresponents, per gaudir d\u2019un fant\u00e0stic berenar saludable. Hi havia una gran varietat de plats i receptes que van elaborar els alumnes: calcular la quantitat de litres o grams d\u2019algun l\u00edquid o aliment per elaborar un batut, pensar els ingredients i quina quantitat n\u2019havien de comprar, etc.\u00a0<\/span><\/p>\n<p><span style=\"font-weight: 400\">Al final de totes les comunicacions es va fer una activitat amb les fam\u00edlies, que consistia en escriure en una targeta una paraula que defin\u00eds el que els havia transm\u00e8s la jornada. Un cop escrita, l\u2019havien de lligar a una branca. Actualment, a cada aula hi ha penjada la branca amb les diverses paraules.\u00a0<\/span><\/p>\n<p><span style=\"font-weight: 400\">Tot l\u2019esfor\u00e7 dedicat a la Pregunta Interessant i a la comunicaci\u00f3 va donar els seus fruits. La conclusi\u00f3 general de totes les tutores \u00e9s que va ser un gran \u00e8xit i les fam\u00edlies van sortir molt contentes, orgulloses i emocionades.\u00a0<\/span><\/p>\n<p><a href=\"https:\/\/agora.xtec.cat\/ceiprieraderibes\/wp-content\/uploads\/usu901\/2023\/07\/IMG-20230701-WA0012.jpg\"><img loading=\"lazy\" decoding=\"async\" class=\"alignnone size-large wp-image-13082\" src=\"https:\/\/agora.xtec.cat\/ceiprieraderibes\/wp-content\/uploads\/usu901\/2023\/07\/IMG-20230701-WA0012-1024x576.jpg\" alt=\"\" width=\"1024\" height=\"576\" srcset=\"https:\/\/agora.xtec.cat\/ceiprieraderibes\/wp-content\/uploads\/usu901\/2023\/07\/IMG-20230701-WA0012-1024x576.jpg 1024w, https:\/\/agora.xtec.cat\/ceiprieraderibes\/wp-content\/uploads\/usu901\/2023\/07\/IMG-20230701-WA0012-300x169.jpg 300w, https:\/\/agora.xtec.cat\/ceiprieraderibes\/wp-content\/uploads\/usu901\/2023\/07\/IMG-20230701-WA0012-768x432.jpg 768w, https:\/\/agora.xtec.cat\/ceiprieraderibes\/wp-content\/uploads\/usu901\/2023\/07\/IMG-20230701-WA0012-1536x864.jpg 1536w, https:\/\/agora.xtec.cat\/ceiprieraderibes\/wp-content\/uploads\/usu901\/2023\/07\/IMG-20230701-WA0012.jpg 2048w\" sizes=\"auto, (max-width: 1024px) 100vw, 1024px\" \/><\/a> <a href=\"https:\/\/agora.xtec.cat\/ceiprieraderibes\/wp-content\/uploads\/usu901\/2023\/07\/IMG-20230701-WA0010.jpg\"><img loading=\"lazy\" decoding=\"async\" class=\"alignnone size-large wp-image-13083\" src=\"https:\/\/agora.xtec.cat\/ceiprieraderibes\/wp-content\/uploads\/usu901\/2023\/07\/IMG-20230701-WA0010-1024x461.jpg\" alt=\"\" width=\"1024\" height=\"461\" srcset=\"https:\/\/agora.xtec.cat\/ceiprieraderibes\/wp-content\/uploads\/usu901\/2023\/07\/IMG-20230701-WA0010-1024x461.jpg 1024w, https:\/\/agora.xtec.cat\/ceiprieraderibes\/wp-content\/uploads\/usu901\/2023\/07\/IMG-20230701-WA0010-300x135.jpg 300w, https:\/\/agora.xtec.cat\/ceiprieraderibes\/wp-content\/uploads\/usu901\/2023\/07\/IMG-20230701-WA0010-768x346.jpg 768w, https:\/\/agora.xtec.cat\/ceiprieraderibes\/wp-content\/uploads\/usu901\/2023\/07\/IMG-20230701-WA0010-1536x691.jpg 1536w, https:\/\/agora.xtec.cat\/ceiprieraderibes\/wp-content\/uploads\/usu901\/2023\/07\/IMG-20230701-WA0010.jpg 1600w\" sizes=\"auto, (max-width: 1024px) 100vw, 1024px\" \/><\/a> <a href=\"https:\/\/agora.xtec.cat\/ceiprieraderibes\/wp-content\/uploads\/usu901\/2023\/07\/IMG-20230701-WA0009.jpg\"><img loading=\"lazy\" decoding=\"async\" class=\"alignnone size-large wp-image-13084\" src=\"https:\/\/agora.xtec.cat\/ceiprieraderibes\/wp-content\/uploads\/usu901\/2023\/07\/IMG-20230701-WA0009-1024x501.jpg\" alt=\"\" width=\"1024\" height=\"501\" srcset=\"https:\/\/agora.xtec.cat\/ceiprieraderibes\/wp-content\/uploads\/usu901\/2023\/07\/IMG-20230701-WA0009-1024x501.jpg 1024w, https:\/\/agora.xtec.cat\/ceiprieraderibes\/wp-content\/uploads\/usu901\/2023\/07\/IMG-20230701-WA0009-300x147.jpg 300w, https:\/\/agora.xtec.cat\/ceiprieraderibes\/wp-content\/uploads\/usu901\/2023\/07\/IMG-20230701-WA0009-768x376.jpg 768w, https:\/\/agora.xtec.cat\/ceiprieraderibes\/wp-content\/uploads\/usu901\/2023\/07\/IMG-20230701-WA0009.jpg 1524w\" sizes=\"auto, (max-width: 1024px) 100vw, 1024px\" \/><\/a> <a href=\"https:\/\/agora.xtec.cat\/ceiprieraderibes\/wp-content\/uploads\/usu901\/2023\/07\/IMG-20230701-WA0013.jpg\"><img loading=\"lazy\" decoding=\"async\" class=\"alignnone size-large wp-image-13085\" src=\"https:\/\/agora.xtec.cat\/ceiprieraderibes\/wp-content\/uploads\/usu901\/2023\/07\/IMG-20230701-WA0013-1024x768.jpg\" alt=\"\" width=\"1024\" height=\"768\" srcset=\"https:\/\/agora.xtec.cat\/ceiprieraderibes\/wp-content\/uploads\/usu901\/2023\/07\/IMG-20230701-WA0013-1024x768.jpg 1024w, https:\/\/agora.xtec.cat\/ceiprieraderibes\/wp-content\/uploads\/usu901\/2023\/07\/IMG-20230701-WA0013-300x225.jpg 300w, https:\/\/agora.xtec.cat\/ceiprieraderibes\/wp-content\/uploads\/usu901\/2023\/07\/IMG-20230701-WA0013-768x576.jpg 768w, https:\/\/agora.xtec.cat\/ceiprieraderibes\/wp-content\/uploads\/usu901\/2023\/07\/IMG-20230701-WA0013-1536x1152.jpg 1536w, https:\/\/agora.xtec.cat\/ceiprieraderibes\/wp-content\/uploads\/usu901\/2023\/07\/IMG-20230701-WA0013-200x150.jpg 200w, https:\/\/agora.xtec.cat\/ceiprieraderibes\/wp-content\/uploads\/usu901\/2023\/07\/IMG-20230701-WA0013.jpg 2048w\" sizes=\"auto, (max-width: 1024px) 100vw, 1024px\" \/><\/a> <a href=\"https:\/\/agora.xtec.cat\/ceiprieraderibes\/wp-content\/uploads\/usu901\/2023\/07\/IMG-20230701-WA0011.jpg\"><img loading=\"lazy\" decoding=\"async\" class=\"alignnone size-large wp-image-13086\" src=\"https:\/\/agora.xtec.cat\/ceiprieraderibes\/wp-content\/uploads\/usu901\/2023\/07\/IMG-20230701-WA0011-1024x768.jpg\" alt=\"\" width=\"1024\" height=\"768\" srcset=\"https:\/\/agora.xtec.cat\/ceiprieraderibes\/wp-content\/uploads\/usu901\/2023\/07\/IMG-20230701-WA0011-1024x768.jpg 1024w, https:\/\/agora.xtec.cat\/ceiprieraderibes\/wp-content\/uploads\/usu901\/2023\/07\/IMG-20230701-WA0011-300x225.jpg 300w, https:\/\/agora.xtec.cat\/ceiprieraderibes\/wp-content\/uploads\/usu901\/2023\/07\/IMG-20230701-WA0011-768x576.jpg 768w, https:\/\/agora.xtec.cat\/ceiprieraderibes\/wp-content\/uploads\/usu901\/2023\/07\/IMG-20230701-WA0011-1536x1152.jpg 1536w, https:\/\/agora.xtec.cat\/ceiprieraderibes\/wp-content\/uploads\/usu901\/2023\/07\/IMG-20230701-WA0011-200x150.jpg 200w, https:\/\/agora.xtec.cat\/ceiprieraderibes\/wp-content\/uploads\/usu901\/2023\/07\/IMG-20230701-WA0011.jpg 1600w\" sizes=\"auto, (max-width: 1024px) 100vw, 1024px\" \/><\/a><\/p>\n<p>&nbsp;<\/p>\n<p>&nbsp;<\/p>\n<p>&nbsp;<\/p>\n","protected":false},"excerpt":{"rendered":"<p>Un cop treballats els continguts que es volien englobar en les Preguntes Interessants, cada classe de la Comunitat de Petits va comen\u00e7ar a preparar la comunicaci\u00f3 a les fam\u00edlies. Aquesta activitat consisteix en convidar als familiars dels alumnes a assistir una tarda a l\u2019escola i&hellip;  <a href=\"https:\/\/agora.xtec.cat\/ceiprieraderibes\/general\/comunicacio-de-la-pregunta-interessant-a-les-families\/\" title=\"Read COMUNICACI\u00d3 DE LA PREGUNTA INTERESSANT A LES FAM\u00cdLIES\">Llegeix m\u00e9s\u00bb<\/a><\/p>\n","protected":false},"author":359,"featured_media":13085,"comment_status":"open","ping_status":"closed","sticky":false,"template":"","format":"standard","meta":{"_bbp_topic_count":0,"_bbp_reply_count":0,"_bbp_total_topic_count":0,"_bbp_total_reply_count":0,"_bbp_voice_count":0,"_bbp_anonymous_reply_count":0,"_bbp_topic_count_hidden":0,"_bbp_reply_count_hidden":0,"_bbp_forum_subforum_count":0,"footnotes":""},"categories":[1,4],"tags":[],"class_list":["post-13081","post","type-post","status-publish","format-standard","has-post-thumbnail","hentry","category-general","category-portada"],"post_mailing_queue_ids":[],"_links":{"self":[{"href":"https:\/\/agora.xtec.cat\/ceiprieraderibes\/wp-json\/wp\/v2\/posts\/13081","targetHints":{"allow":["GET"]}}],"collection":[{"href":"https:\/\/agora.xtec.cat\/ceiprieraderibes\/wp-json\/wp\/v2\/posts"}],"about":[{"href":"https:\/\/agora.xtec.cat\/ceiprieraderibes\/wp-json\/wp\/v2\/types\/post"}],"author":[{"embeddable":true,"href":"https:\/\/agora.xtec.cat\/ceiprieraderibes\/wp-json\/wp\/v2\/users\/359"}],"replies":[{"embeddable":true,"href":"https:\/\/agora.xtec.cat\/ceiprieraderibes\/wp-json\/wp\/v2\/comments?post=13081"}],"version-history":[{"count":2,"href":"https:\/\/agora.xtec.cat\/ceiprieraderibes\/wp-json\/wp\/v2\/posts\/13081\/revisions"}],"predecessor-version":[{"id":13088,"href":"https:\/\/agora.xtec.cat\/ceiprieraderibes\/wp-json\/wp\/v2\/posts\/13081\/revisions\/13088"}],"wp:featuredmedia":[{"embeddable":true,"href":"https:\/\/agora.xtec.cat\/ceiprieraderibes\/wp-json\/wp\/v2\/media\/13085"}],"wp:attachment":[{"href":"https:\/\/agora.xtec.cat\/ceiprieraderibes\/wp-json\/wp\/v2\/media?parent=13081"}],"wp:term":[{"taxonomy":"category","embeddable":true,"href":"https:\/\/agora.xtec.cat\/ceiprieraderibes\/wp-json\/wp\/v2\/categories?post=13081"},{"taxonomy":"post_tag","embeddable":true,"href":"https:\/\/agora.xtec.cat\/ceiprieraderibes\/wp-json\/wp\/v2\/tags?post=13081"}],"curies":[{"name":"wp","href":"https:\/\/api.w.org\/{rel}","templated":true}]}}