{"id":13043,"date":"2023-05-29T20:35:45","date_gmt":"2023-05-29T18:35:45","guid":{"rendered":"https:\/\/agora.xtec.cat\/ceiprieraderibes\/?p=13043"},"modified":"2023-05-29T20:35:45","modified_gmt":"2023-05-29T18:35:45","slug":"leducacio-fisica-22-23-i-una-cursa-dorientacio-comunitat-de-grans","status":"publish","type":"post","link":"https:\/\/agora.xtec.cat\/ceiprieraderibes\/portada\/leducacio-fisica-22-23-i-una-cursa-dorientacio-comunitat-de-grans\/","title":{"rendered":"L\u2019educaci\u00f3 f\u00edsica 22-23 i una Cursa d\u2019Orientaci\u00f3. Comunitat de Grans."},"content":{"rendered":"<p><i>L\u2019educaci\u00f3 f\u00edsica\u00a0<\/i><i>ens ajuda a\u00a0 resoldre situacions motrius de forma efica\u00e7 en la pr\u00e0ctica d\u2019activitats f\u00edsiques.<\/i><\/p>\n<p><i>Practicant i experimentant tota classe de jocs: populars, de cooperaci\u00f3, pre-esportius\u2026 aprenem a recon\u00e8ixer traject\u00f2ries, velocitats, direccions, sentits \u2026 i ens ajuda\u00a0<\/i><i>en el coneixement de si mateix, l\u2019autoestima, la capacitat de triar i personalitzar el nostre progr\u00e9s.\u00a0<\/i><i>Participant en el joc col\u00b7lectiu de manera activa mostrant-nos respectuosos amb les normes i els\/les companys\/es.<\/i><\/p>\n<p><i>Hem recuperat aquest curs la Cursa d\u2019orientaci\u00f3 a l\u2019escola acompanyada de les fam\u00edlies. Amb l\u2019objectiu de crear inter\u00e8s, situar-nos en nocions d\u2019orientaci\u00f3 espacial, llegir i interpretar mapes, despla\u00e7ar-nos pel medi natural, adaptar el ritme de la cursa al ritme del grup, respectar la natura i l\u2019entorn, l\u2019\u00fas de la br\u00faixola \u2026 i sobretot el treball en equip.<\/i><\/p>\n<p><i>Hem aprofitat per dissenyar i construir objectes tecnol\u00f2gics o aplicacions senzilles que resolguin un problema o recullin el desenvolupament d\u2019una proposta i avaluar la idone\u00eftat del resultat i ha sorgit l\u2019aplicaci\u00f3 Cursa d\u2019orientaci\u00f3 que la mestra d\u2019educaci\u00f3 f\u00edsica ha creat i penjat a google per facilitar les curses dels cursos vinents. Dins de l\u2019escola tamb\u00e9 la provarem abans d\u2019acabar el curs amb tauletes resoldrem una cursa interior.<\/i><\/p>\n<p>D\u2019aquesta forma hem potenciat el desenvolupament d\u2019habilitats i compet\u00e8ncies, el treball cooperatiu, l\u2019assaig i error, la confian\u00e7a, la gesti\u00f3 de la frustraci\u00f3,\u00a0el paper de la tecnologia a educaci\u00f3 f\u00edsica (V\u00eddeos, apps \u2026). Anem m\u00e9s enll\u00e0 del que \u00e9s motriu i aprofitem tot el potencial educatiu del cos i el moviment per incorporar aprenentatges que han de perdurar al llarg de la vida (h\u00e0bits saludables, habilitats socials, etc.). i sobretot\u00a0el fet de compartir i ajudar-nos de les fam\u00edlies (persones amigues de seguretat) per poder sortir de l\u2019escola i gaudir del voltant per desenvolupar la cursa \u00e9s genial!. Ho vam passar molt b\u00e9 totes i tots junts i us deixem unes imatges!!! Moltes gr\u00e0cies fam\u00edlies!!!! Mireu, mireu \u2026<\/p>\n<p><iframe loading=\"lazy\" title=\"vimeo-player\" src=\"https:\/\/player.vimeo.com\/video\/831263674?h=b27a9218ee\" width=\"640\" height=\"360\" frameborder=\"0\"><\/iframe><\/p>\n<p>&nbsp;<\/p>\n<p>&nbsp;<\/p>\n","protected":false},"excerpt":{"rendered":"<p>Hem recuperat aquest curs la Cursa d\u2019orientaci\u00f3 a l\u2019escola acompanyada de les fam\u00edlies. Amb l\u2019objectiu de crear inter\u00e8s, situar-nos en nocions d\u2019orientaci\u00f3 espacial, llegir i interpretar mapes, despla\u00e7ar-nos pel medi natural, adaptar el ritme de la cursa al ritme del grup, respectar la natura i l\u2019entorn, l\u2019\u00fas de la br\u00faixola \u2026 i sobretot el treball en equip. Gr\u00e0cies Fam\u00edlies!!!&hellip;  <a href=\"https:\/\/agora.xtec.cat\/ceiprieraderibes\/portada\/leducacio-fisica-22-23-i-una-cursa-dorientacio-comunitat-de-grans\/\" title=\"Read L\u2019educaci\u00f3 f\u00edsica 22-23 i una Cursa d\u2019Orientaci\u00f3. Comunitat de Grans.\">Llegeix m\u00e9s\u00bb<\/a><\/p>\n","protected":false},"author":360,"featured_media":13034,"comment_status":"open","ping_status":"closed","sticky":false,"template":"","format":"standard","meta":{"_bbp_topic_count":0,"_bbp_reply_count":0,"_bbp_total_topic_count":0,"_bbp_total_reply_count":0,"_bbp_voice_count":0,"_bbp_anonymous_reply_count":0,"_bbp_topic_count_hidden":0,"_bbp_reply_count_hidden":0,"_bbp_forum_subforum_count":0,"footnotes":""},"categories":[22,48,47,157,177,196,201,4],"tags":[],"class_list":["post-13043","post","type-post","status-publish","format-standard","has-post-thumbnail","hentry","category-sin-categoria","category-generacio-2011","category-generacio-2012","category-generacio-2013","category-generacio-2014","category-generacio-2015","category-generacio-2016","category-portada"],"post_mailing_queue_ids":[],"_links":{"self":[{"href":"https:\/\/agora.xtec.cat\/ceiprieraderibes\/wp-json\/wp\/v2\/posts\/13043","targetHints":{"allow":["GET"]}}],"collection":[{"href":"https:\/\/agora.xtec.cat\/ceiprieraderibes\/wp-json\/wp\/v2\/posts"}],"about":[{"href":"https:\/\/agora.xtec.cat\/ceiprieraderibes\/wp-json\/wp\/v2\/types\/post"}],"author":[{"embeddable":true,"href":"https:\/\/agora.xtec.cat\/ceiprieraderibes\/wp-json\/wp\/v2\/users\/360"}],"replies":[{"embeddable":true,"href":"https:\/\/agora.xtec.cat\/ceiprieraderibes\/wp-json\/wp\/v2\/comments?post=13043"}],"version-history":[{"count":1,"href":"https:\/\/agora.xtec.cat\/ceiprieraderibes\/wp-json\/wp\/v2\/posts\/13043\/revisions"}],"predecessor-version":[{"id":13044,"href":"https:\/\/agora.xtec.cat\/ceiprieraderibes\/wp-json\/wp\/v2\/posts\/13043\/revisions\/13044"}],"wp:featuredmedia":[{"embeddable":true,"href":"https:\/\/agora.xtec.cat\/ceiprieraderibes\/wp-json\/wp\/v2\/media\/13034"}],"wp:attachment":[{"href":"https:\/\/agora.xtec.cat\/ceiprieraderibes\/wp-json\/wp\/v2\/media?parent=13043"}],"wp:term":[{"taxonomy":"category","embeddable":true,"href":"https:\/\/agora.xtec.cat\/ceiprieraderibes\/wp-json\/wp\/v2\/categories?post=13043"},{"taxonomy":"post_tag","embeddable":true,"href":"https:\/\/agora.xtec.cat\/ceiprieraderibes\/wp-json\/wp\/v2\/tags?post=13043"}],"curies":[{"name":"wp","href":"https:\/\/api.w.org\/{rel}","templated":true}]}}