{"id":13040,"date":"2023-05-29T20:34:56","date_gmt":"2023-05-29T18:34:56","guid":{"rendered":"https:\/\/agora.xtec.cat\/ceiprieraderibes\/?p=13040"},"modified":"2023-05-29T20:34:56","modified_gmt":"2023-05-29T18:34:56","slug":"leducacio-fisica-22-23-i-el-projecte-dansa-ara-comunitat-de-mitjans","status":"publish","type":"post","link":"https:\/\/agora.xtec.cat\/ceiprieraderibes\/portada\/leducacio-fisica-22-23-i-el-projecte-dansa-ara-comunitat-de-mitjans\/","title":{"rendered":"L\u2019educaci\u00f3 f\u00edsica 22-23 i el projecte Dansa Ara. Comunitat de Mitjans."},"content":{"rendered":"<p><i>L\u2019educaci\u00f3 f\u00edsica t\u00e9 com a principal finalitat el coneixement del propi cos, la reflexi\u00f3 sobre el sentit i els efectes de l\u2019activitat motriu, el desenvolupament d\u2019h\u00e0bits saludables, sentir-se b\u00e9 amb el propi cos, cosa que millora l\u2019autoconcepte i l\u2019autoestima.\u00a0<\/i><\/p>\n<p><i>Aquest curs a la comunitat de Mitjans hem treballat les nostres habilitats motrius b\u00e0siques: salts, equilibris, punteries, despla\u00e7aments, girs\u2026 ; el control i la consci\u00e8ncia corporal; l\u2019\u00fas de diferents tipus de jocs: els jocs cooperatius, els populars \u2026 i diferents iniciacions esportives i ens hem fet propostes de millora dels nostres h\u00e0bits: posturals, d\u2019alimentaci\u00f3, d\u2019hidrataci\u00f3, d\u2019higiene, d\u2019\u00fas de la tecnologia.<\/i><\/p>\n<p>L\u2019educaci\u00f3 f\u00edsica va m\u00e9s enll\u00e0 del que \u00e9s motriu i ha d\u2019aprofitar tot el potencial educatiu del cos i el moviment per incorporar aprenentatges que han de perdurar al llarg de la vida (h\u00e0bits saludables, habilitats socials, etc.).\u00a0<i>Mostrar h\u00e0bits saludables en la pr\u00e0ctica d\u2019activitats f\u00edsiques i en la vida quotidiana. Valorar la pr\u00e0ctica habitual de l\u2019activitat f\u00edsica com a factor benefici\u00f3s per a la salut.<\/i><\/p>\n<p><i>L\u2019educaci\u00f3 f\u00edsica amb els balls i les danses, tant individuals com col\u00b7lectius, contribueix a la presa de consci\u00e8ncia del propi cos, que facilita l\u2019autoconeixement a partir de com \u00e9s percebuda pels altres la nostra imatge.\u00a0<\/i>El cos i el moviment s\u00f3n considerats com a elements fonamentals per a la formaci\u00f3 integral de l\u2019alumnat.<\/p>\n<p>Els nens i les nenes de la Comunitat de Mitjans aquest curs 2022-2023 han participat del projecte Dansa Ara. \u00c9s un projecte de dansa contempor\u00e0nia per a promocionar l\u2019aprenentatge de les habilitats r\u00edtmiques i art\u00edstiques dels infants d\u2019una manera l\u00fadica i creativa. Despr\u00e9s d\u2019aprendre un repertori de danses amb la mestra d\u2019educaci\u00f3 f\u00edsica a l\u2019escola l\u2019alumnat va participar en aquesta gran jornada en la qual van ser protagonistes d\u2019un espectacle de dansa contempor\u00e0nia. A l\u2019escola vam fer l\u2019assaig general per tots els nens i les nenes de l\u2019escola la qual cosa ens va ajudar a simular l\u2019actuaci\u00f3 abans de marxar cap al pavell\u00f3 de Cubelles. All\u00e0 ens vam trobar amb m\u00e9s escoles del Garraf i vam compartir pista per Ballar. Les fam\u00edlies com a p\u00fablic vau poder gaudir i participar de la ballada conjunta d\u2019escoles.<\/p>\n<p>Aprofitem per felicitar a tots els nens i les nenes perqu\u00e8 ho van fer espectacular!!!! Moltes gr\u00e0cies a tots i a totes!!!!<\/p>\n<p>Us deixem moments per gaudir!!!! Mireu, mireu \u2026<\/p>\n<p><iframe loading=\"lazy\" title=\"vimeo-player\" src=\"https:\/\/player.vimeo.com\/video\/831260375?h=149aeb059f\" width=\"640\" height=\"360\" frameborder=\"0\"><\/iframe><\/p>\n","protected":false},"excerpt":{"rendered":"<p>L\u2019educaci\u00f3 f\u00edsica amb els balls i les danses, tant individuals com col\u00b7lectius, contribueix a la presa de consci\u00e8ncia del propi cos, que facilita l\u2019autoconeixement a partir de com \u00e9s percebuda pels altres la nostra imatge.\u00a0El cos i el moviment s\u00f3n considerats com a elements fonamentals per a la formaci\u00f3 integral de l\u2019alumnat.<\/p>\n<p>Els nens i les nenes de la Comunitat de Mitjans aquest curs 2022-2023 han participat del projecte Dansa Ara. \u00c9s un projecte de dansa contempor\u00e0nia per a promocionar l\u2019aprenentatge de les habilitats r\u00edtmiques i art\u00edstiques dels infants d\u2019una manera l\u00fadica i creativa.&hellip;  <a href=\"https:\/\/agora.xtec.cat\/ceiprieraderibes\/portada\/leducacio-fisica-22-23-i-el-projecte-dansa-ara-comunitat-de-mitjans\/\" title=\"Read L\u2019educaci\u00f3 f\u00edsica 22-23 i el projecte Dansa Ara. Comunitat de Mitjans.\">Llegeix m\u00e9s\u00bb<\/a><\/p>\n","protected":false},"author":359,"featured_media":13030,"comment_status":"open","ping_status":"closed","sticky":false,"template":"","format":"standard","meta":{"_bbp_topic_count":0,"_bbp_reply_count":0,"_bbp_total_topic_count":0,"_bbp_total_reply_count":0,"_bbp_voice_count":0,"_bbp_anonymous_reply_count":0,"_bbp_topic_count_hidden":0,"_bbp_reply_count_hidden":0,"_bbp_forum_subforum_count":0,"footnotes":""},"categories":[22,48,47,157,177,196,201,4],"tags":[],"class_list":["post-13040","post","type-post","status-publish","format-standard","has-post-thumbnail","hentry","category-sin-categoria","category-generacio-2011","category-generacio-2012","category-generacio-2013","category-generacio-2014","category-generacio-2015","category-generacio-2016","category-portada"],"post_mailing_queue_ids":[],"_links":{"self":[{"href":"https:\/\/agora.xtec.cat\/ceiprieraderibes\/wp-json\/wp\/v2\/posts\/13040","targetHints":{"allow":["GET"]}}],"collection":[{"href":"https:\/\/agora.xtec.cat\/ceiprieraderibes\/wp-json\/wp\/v2\/posts"}],"about":[{"href":"https:\/\/agora.xtec.cat\/ceiprieraderibes\/wp-json\/wp\/v2\/types\/post"}],"author":[{"embeddable":true,"href":"https:\/\/agora.xtec.cat\/ceiprieraderibes\/wp-json\/wp\/v2\/users\/359"}],"replies":[{"embeddable":true,"href":"https:\/\/agora.xtec.cat\/ceiprieraderibes\/wp-json\/wp\/v2\/comments?post=13040"}],"version-history":[{"count":2,"href":"https:\/\/agora.xtec.cat\/ceiprieraderibes\/wp-json\/wp\/v2\/posts\/13040\/revisions"}],"predecessor-version":[{"id":13042,"href":"https:\/\/agora.xtec.cat\/ceiprieraderibes\/wp-json\/wp\/v2\/posts\/13040\/revisions\/13042"}],"wp:featuredmedia":[{"embeddable":true,"href":"https:\/\/agora.xtec.cat\/ceiprieraderibes\/wp-json\/wp\/v2\/media\/13030"}],"wp:attachment":[{"href":"https:\/\/agora.xtec.cat\/ceiprieraderibes\/wp-json\/wp\/v2\/media?parent=13040"}],"wp:term":[{"taxonomy":"category","embeddable":true,"href":"https:\/\/agora.xtec.cat\/ceiprieraderibes\/wp-json\/wp\/v2\/categories?post=13040"},{"taxonomy":"post_tag","embeddable":true,"href":"https:\/\/agora.xtec.cat\/ceiprieraderibes\/wp-json\/wp\/v2\/tags?post=13040"}],"curies":[{"name":"wp","href":"https:\/\/api.w.org\/{rel}","templated":true}]}}