{"id":13013,"date":"2023-05-22T10:07:12","date_gmt":"2023-05-22T08:07:12","guid":{"rendered":"https:\/\/agora.xtec.cat\/ceiprieraderibes\/?p=13013"},"modified":"2023-05-22T10:07:59","modified_gmt":"2023-05-22T08:07:59","slug":"experiencies-de-cinema-en-curs-comunitat-de-grans","status":"publish","type":"post","link":"https:\/\/agora.xtec.cat\/ceiprieraderibes\/general\/experiencies-de-cinema-en-curs-comunitat-de-grans\/","title":{"rendered":"EXPERI\u00c8NCIES DE CINEMA EN CURS- Comunitat de Grans"},"content":{"rendered":"<p>Ens presentem!<\/p>\n<p>Som els alumnes de la comunitat de grans de l&#8217;escola Riera de Ribes, despr\u00e9s d&#8217;un any hem recuperat el projecte de Cinema en Curs. Aquesta vegada la<br \/>\nnostra tasca consistir\u00e0 en elaborar un curt documental, basat en oficis artesans de Ribes.<\/p>\n<p>Aprofitant el lligam de la nostra escola amb el projecte de cinema en curs per a les escoles i instituts tenim l\u2019oportunitat d\u2019endinsar-nos en el m\u00f3n del cinema.<\/p>\n<p>Hem escollit formar part del projecte per diferents motius:\u00a0 poder filmar millor i m\u00e9s professionalment, editar i muntar plans, per con\u00e8ixer millor el m\u00f3n del cinema i de la fotografia\u2026<\/p>\n<p>Abans de les vacances de Nadal, vam comen\u00e7ar el nostre primer contacte amb el projecte Cinema en curs visionant a l\u2019escola filmacions d\u2019un minut de durada de diferents cineastes destacats.\u00a0 Paral\u00b7lelament vam fer una sortida a l\u2019espai del castell de Ribes per filmar els nostres primers Plans del m\u00f3n.<\/p>\n<p>Aquest any el nostre objectiu \u00e9s realitzar un curt sobre diferents treballs artesans que encara es duen a terme en el nostre poble.\u00a0 Com a font d\u2019inspiraci\u00f3 i d\u2019exemple\u00a0 vam anar al cinema de Ribes a fer el visionat de tres documentals que tracten sobre la vida quotidiana d\u2019oficis antics. Hem hagut de pensar amb diferents persones que coneixem del poble i establir-hi una cordial relaci\u00f3. Alguns han estat familiars, altres amics, coneguts\u2026<\/p>\n<p>A l\u2019aula, despr\u00e9s d&#8217;haver proposat oficis artesans, vam escollir-ne vuit. En petits grups vam passar a l\u2019acci\u00f3 i vam sortir al carrer a filmar i documentar cadascun dels oficis que hav\u00edem proposat. Una vegada\u00a0 a classe vam mirar tots els plans i fotografies que hav\u00edem fet, dels vuit oficis filmats en vam escollit cinc: fuster, pag\u00e8s, forner, ceramista i modista. Amb aquests oficis concebrem, filmarem i muntarem una pe\u00e7a documental.<\/p>\n<p>A continuaci\u00f3, us compartim dos articles m\u00e9s que vam escriure sobre dues experi\u00e8ncies m\u00e9s d&#8217;aquest projecte.<\/p>\n<p><a href=\"https:\/\/www.cinemaencurs.org\/ca\/post-diari\/el-nostre-espai-de-cinema-riera-ribes-23\" target=\"_blank\" rel=\"noopener\">El nostre espai de cinema<\/a><\/p>\n<p><a href=\"https:\/\/www.cinemaencurs.org\/ca\/post-diari\/documentem-i-fotografiem-retrats-artesans-del-poble\" target=\"_blank\" rel=\"noopener\">Documentem i fotografiem retrats artesans del poble<\/a><\/p>\n<p><img loading=\"lazy\" decoding=\"async\" class=\"aligncenter wp-image-13014 size-large\" src=\"https:\/\/agora.xtec.cat\/ceiprieraderibes\/wp-content\/uploads\/usu901\/2023\/05\/cinema-en-curs-1024x683.jpeg\" alt=\"\" width=\"1024\" height=\"683\" srcset=\"https:\/\/agora.xtec.cat\/ceiprieraderibes\/wp-content\/uploads\/usu901\/2023\/05\/cinema-en-curs-1024x683.jpeg 1024w, https:\/\/agora.xtec.cat\/ceiprieraderibes\/wp-content\/uploads\/usu901\/2023\/05\/cinema-en-curs-300x200.jpeg 300w, https:\/\/agora.xtec.cat\/ceiprieraderibes\/wp-content\/uploads\/usu901\/2023\/05\/cinema-en-curs-768x512.jpeg 768w, https:\/\/agora.xtec.cat\/ceiprieraderibes\/wp-content\/uploads\/usu901\/2023\/05\/cinema-en-curs.jpeg 1200w\" sizes=\"auto, (max-width: 1024px) 100vw, 1024px\" \/><\/p>\n","protected":false},"excerpt":{"rendered":"<p>Ens presentem!<br \/>\nSom els alumnes de la comunitat de grans de l&#8217;escola Riera de Ribes, despr\u00e9s d&#8217;un any hem recuperat el projecte de Cinema en Curs. Aquesta vegada la<br \/>\nnostra tasca consistir\u00e0 en elaborar un curt documental, basat en oficis artesans de Ribes.<br \/>\nAprofitant el lligam de la&hellip;  <a href=\"https:\/\/agora.xtec.cat\/ceiprieraderibes\/general\/experiencies-de-cinema-en-curs-comunitat-de-grans\/\" title=\"Read EXPERI\u00c8NCIES DE CINEMA EN CURS- Comunitat de Grans\">Llegeix m\u00e9s\u00bb<\/a><\/p>\n","protected":false},"author":175,"featured_media":13014,"comment_status":"open","ping_status":"closed","sticky":false,"template":"","format":"standard","meta":{"_bbp_topic_count":0,"_bbp_reply_count":0,"_bbp_total_topic_count":0,"_bbp_total_reply_count":0,"_bbp_voice_count":0,"_bbp_anonymous_reply_count":0,"_bbp_topic_count_hidden":0,"_bbp_reply_count_hidden":0,"_bbp_forum_subforum_count":0,"footnotes":""},"categories":[48,47,1,4],"tags":[],"class_list":["post-13013","post","type-post","status-publish","format-standard","has-post-thumbnail","hentry","category-generacio-2011","category-generacio-2012","category-general","category-portada"],"post_mailing_queue_ids":[],"_links":{"self":[{"href":"https:\/\/agora.xtec.cat\/ceiprieraderibes\/wp-json\/wp\/v2\/posts\/13013","targetHints":{"allow":["GET"]}}],"collection":[{"href":"https:\/\/agora.xtec.cat\/ceiprieraderibes\/wp-json\/wp\/v2\/posts"}],"about":[{"href":"https:\/\/agora.xtec.cat\/ceiprieraderibes\/wp-json\/wp\/v2\/types\/post"}],"author":[{"embeddable":true,"href":"https:\/\/agora.xtec.cat\/ceiprieraderibes\/wp-json\/wp\/v2\/users\/175"}],"replies":[{"embeddable":true,"href":"https:\/\/agora.xtec.cat\/ceiprieraderibes\/wp-json\/wp\/v2\/comments?post=13013"}],"version-history":[{"count":2,"href":"https:\/\/agora.xtec.cat\/ceiprieraderibes\/wp-json\/wp\/v2\/posts\/13013\/revisions"}],"predecessor-version":[{"id":13016,"href":"https:\/\/agora.xtec.cat\/ceiprieraderibes\/wp-json\/wp\/v2\/posts\/13013\/revisions\/13016"}],"wp:featuredmedia":[{"embeddable":true,"href":"https:\/\/agora.xtec.cat\/ceiprieraderibes\/wp-json\/wp\/v2\/media\/13014"}],"wp:attachment":[{"href":"https:\/\/agora.xtec.cat\/ceiprieraderibes\/wp-json\/wp\/v2\/media?parent=13013"}],"wp:term":[{"taxonomy":"category","embeddable":true,"href":"https:\/\/agora.xtec.cat\/ceiprieraderibes\/wp-json\/wp\/v2\/categories?post=13013"},{"taxonomy":"post_tag","embeddable":true,"href":"https:\/\/agora.xtec.cat\/ceiprieraderibes\/wp-json\/wp\/v2\/tags?post=13013"}],"curies":[{"name":"wp","href":"https:\/\/api.w.org\/{rel}","templated":true}]}}