{"id":12990,"date":"2023-05-08T10:21:35","date_gmt":"2023-05-08T08:21:35","guid":{"rendered":"https:\/\/agora.xtec.cat\/ceiprieraderibes\/?p=12990"},"modified":"2023-05-08T10:31:31","modified_gmt":"2023-05-08T08:31:31","slug":"com-es-treballar-fent-preguntes-interessants-comunitat-de-petits","status":"publish","type":"post","link":"https:\/\/agora.xtec.cat\/ceiprieraderibes\/portada\/com-es-treballar-fent-preguntes-interessants-comunitat-de-petits\/","title":{"rendered":"COM \u00c9S TREBALLAR FENT PREGUNTES INTERESSANTS? &#8211; Comunitat de Petits"},"content":{"rendered":"<p style=\"text-align: justify;\"><span style=\"font-weight: 400;\">Les <\/span><i><span style=\"font-weight: 400;\">Preguntes Interessants<\/span><\/i><span style=\"font-weight: 400;\"> s\u00f3n una estrat\u00e8gia d&#8217;aprenentatge molt nostra; molt Riera. A continuaci\u00f3 trobareu desenvolupat tot el proc\u00e9s i podreu veure com ho fem pas a pas.\u00a0<\/span><\/p>\n<p style=\"text-align: justify;\"><span style=\"font-weight: 400;\">Per poder pensar i seleccionar <\/span><i><span style=\"font-weight: 400;\">Preguntes Interessants<\/span><\/i><span style=\"font-weight: 400;\"> sempre comencem per<\/span><b> generar i remoure<\/b><span style=\"font-weight: 400;\"> nous interessos, interrogants, inquietuds a partir de sortides (pensades per l\u2019equip de mestres de la Comunitat a partir dels diferents \u00e0mbits del curr\u00edculum) confer\u00e8ncies o moments d\u2019aula entre d\u2019altres&#8230; poden sortir en qualsevol moment de la vida escolar .\u00a0<\/span><\/p>\n<p style=\"text-align: justify;\"><span style=\"font-weight: 400;\">Les <\/span><i><span style=\"font-weight: 400;\">preguntes<\/span><\/i><span style=\"font-weight: 400;\"> resultants d\u2019aquestes experi\u00e8ncies les recollim en un <\/span><b>sac de preguntes<\/b><span style=\"font-weight: 400;\"> per classe i despr\u00e9s les compartim en un <\/span><b>plenari<\/b><span style=\"font-weight: 400;\">. \u00c9s un moment on es trobem tota la Comunitat per explicar-nos totes <\/span><i><span style=\"font-weight: 400;\">les Preguntes<\/span><\/i><span style=\"font-weight: 400;\"> i saber d\u2019on han sortit. L\u2019equip de mestres de la Comunitat seleccionem les <\/span><i><span style=\"font-weight: 400;\">Preguntes Interessants<\/span><\/i><span style=\"font-weight: 400;\"> tenint en compte que hi hagi diferents tem\u00e0tiques per poder diversificar al m\u00e0xim el curr\u00edculum i que puguin quedar representats els diferents interessos de l\u2019alumnat.<\/span><\/p>\n<p style=\"text-align: justify;\"><span style=\"font-weight: 400;\">Nosaltres vam seleccionar aquestes i amb aquestes mirades:\u00a0<\/span><\/p>\n<ul style=\"text-align: justify;\">\n<li aria-level=\"1\"><b>PER QU\u00c8 CANVIEN LES ESTACIONS DE L\u2019ANY? <\/b><span style=\"font-weight: 400;\">(Mirada medi natural)<\/span><\/li>\n<\/ul>\n<ul style=\"text-align: justify;\">\n<li aria-level=\"1\"><b>COM SOM PER DINS? <\/b><span style=\"font-weight: 400;\">(Mirada medi natural)<\/span><\/li>\n<\/ul>\n<ul style=\"text-align: justify;\">\n<li aria-level=\"1\"><b>COM ES VA CREAR\u00a0 RIBES?<\/b><span style=\"font-weight: 400;\"> (Pregunta de l\u2019entorn)<\/span><\/li>\n<\/ul>\n<ul style=\"text-align: justify;\">\n<li aria-level=\"1\"><b>COM ES CREA UNA LLAVOR?<\/b><span style=\"font-weight: 400;\"> (Mirada cient\u00edfica)<\/span><\/li>\n<\/ul>\n<ul style=\"text-align: justify;\">\n<li aria-level=\"1\"><b>ON S\u00d3N LES OBRES D\u2019ART\u00a0 DE LES DONES? <\/b><span style=\"font-weight: 400;\">(Mirada social i art\u00edstica)<\/span><\/li>\n<\/ul>\n<ul style=\"text-align: justify;\">\n<li aria-level=\"1\"><b>COM HAN EVOLUCIONAT ELS OFICIS? <\/b><span style=\"font-weight: 400;\">(Mirada hist\u00f2rica)<\/span><\/li>\n<\/ul>\n<p style=\"text-align: justify;\"><span style=\"font-weight: 400;\">Una vegada explicades totes les <\/span><i><span style=\"font-weight: 400;\">Preguntes<\/span><\/i><span style=\"font-weight: 400;\"> arriba el moment en qu\u00e8 l\u2019alumnat fa la <\/span><b>tria argumentada\u00a0 <\/b><span style=\"font-weight: 400;\">per ordre de prioritats de quines s\u00f3n les <\/span><i><span style=\"font-weight: 400;\">Preguntes<\/span><\/i><span style=\"font-weight: 400;\"> que vol desenvolupar<\/span><b>. <\/b><span style=\"font-weight: 400;\">\u00a0A la Comunitat de Petits no ens barregem i\u00a0 per tant despr\u00e9s hem d\u2019arribar a un consens de quina <\/span><i><span style=\"font-weight: 400;\">Pregunta<\/span><\/i><span style=\"font-weight: 400;\"> fer entre tot el grup.\u00a0<\/span><\/p>\n<p style=\"text-align: justify;\"><span style=\"font-weight: 400;\">El desenvolupament de la <\/span><i><span style=\"font-weight: 400;\">Pregunta Interessant<\/span><\/i><span style=\"font-weight: 400;\"> es produeix durant 2 mesos i durant aquest per\u00edode es va <\/span><b>construint coneixement de manera conjunta<\/b><span style=\"font-weight: 400;\">. Hi ha moments de converses d\u2019aula, de llegir llibres, mirar v\u00eddeos, fer experiments, de fer c\u00e0lculs, de contrastar opinions, de reflexionar, de contactar amb persones expertes, de fer sortides, de comunicar,&#8230; amb activitats grupals, per grups cooperatius, per parelles o de manera individual. Sempre treballant de manera globalitzada..\u00a0<\/span><\/p>\n<p style=\"text-align: justify;\"><span style=\"font-weight: 400;\">De cada <\/span><i><span style=\"font-weight: 400;\">Pregunta<\/span><\/i><span style=\"font-weight: 400;\"> hi ha un <\/span><b>producte final <\/b><span style=\"font-weight: 400;\">(obra de teatre, maqueta, diorama, obra d\u2019art, mural, v\u00eddeo, \u2026) molt variat que \u00e9s una mostra del proc\u00e9s d\u2019aprenentatge. A m\u00e9s a m\u00e9s preparem i fem la\u00a0 <\/span><b>comunicaci\u00f3 a les fam\u00edlies<\/b><span style=\"font-weight: 400;\"> per\u00a0 donar a con\u00e8ixer tot el que hem anat aprenent al llarg de la indagaci\u00f3. Aquestes comunicacions van a c\u00e0rrec de l\u2019alumnat de cada <\/span><i><span style=\"font-weight: 400;\">Pregunta<\/span><\/i><span style=\"font-weight: 400;\"> i els dies 30 i 31 de maig, les fam\u00edlies de la Comunitat de Petits podreu venir a veure quines sorpreses us estem preparant!\u00a0<\/span><\/p>\n<p style=\"text-align: justify;\">\r\n\t<div class=\"slideshow_container slideshow_container_style-light\" style=\"height: 400px; \" data-slideshow-id=\"12993\" data-style-name=\"style-light\" data-style-version=\"2.3.1\" >\r\n\r\n\t\t\t\t\t<div class=\"slideshow_loading_icon\"><\/div>\r\n\t\t\r\n\t\t<div class=\"slideshow_content\" style=\"display: none;\">\r\n\r\n\t\t\t<div class=\"slideshow_view\">\r\n\t\t\t\t<div class=\"slideshow_slide slideshow_slide_image\">\r\n\t\t\t\t\t\t\t\t\t\t\t<img src=\"https:\/\/agora.xtec.cat\/ceiprieraderibes\/wp-content\/uploads\/usu901\/2023\/05\/VISITA-AL-MUSEU-D_AQUEOLOGIA-DE-CATALUNYA.jpg\" alt=\"VISITA AL MUSEU D_AQUEOLOGIA DE CATALUNYA\" width=\"765\" height=\"1023\" \/>\r\n\t\t\t\t\t\t\t\t\t\t<div class=\"slideshow_description_box slideshow_transparent\">\r\n\t\t\t\t\t\t\t\t\t\t\t\t<div class=\"slideshow_description\">VISITA AL MUSEU D_AQUEOLOGIA DE CATALUNYA<\/div>\t\t\t\t\t<\/div>\r\n\t\t\t\t<\/div>\r\n\r\n\t\t\t\t\t\t<div style=\"clear: both;\"><\/div><\/div><div class=\"slideshow_view\">\r\n\t\t\t\t<div class=\"slideshow_slide slideshow_slide_image\">\r\n\t\t\t\t\t\t\t\t\t\t\t<img src=\"https:\/\/agora.xtec.cat\/ceiprieraderibes\/wp-content\/uploads\/usu901\/2023\/05\/TALLER-DE-PINTURES-RUPRESTRES.jpg\" alt=\"TALLER DE PINTURES RUPRESTRES\" width=\"766\" height=\"1024\" \/>\r\n\t\t\t\t\t\t\t\t\t\t<div class=\"slideshow_description_box slideshow_transparent\">\r\n\t\t\t\t\t\t\t\t\t\t\t\t<div class=\"slideshow_description\">TALLER DE PINTURES RUPRESTRES<\/div>\t\t\t\t\t<\/div>\r\n\t\t\t\t<\/div>\r\n\r\n\t\t\t\t\t\t<div style=\"clear: both;\"><\/div><\/div><div class=\"slideshow_view\">\r\n\t\t\t\t<div class=\"slideshow_slide slideshow_slide_image\">\r\n\t\t\t\t\t\t\t\t\t\t\t<img src=\"https:\/\/agora.xtec.cat\/ceiprieraderibes\/wp-content\/uploads\/usu901\/2023\/05\/VISITA-AL-MUSEU-CAU-FERRAT.jpg\" alt=\"VISITA AL MUSEU CAU FERRAT\" width=\"921\" height=\"2048\" \/>\r\n\t\t\t\t\t\t\t\t\t\t<div class=\"slideshow_description_box slideshow_transparent\">\r\n\t\t\t\t\t\t\t\t\t\t\t\t<div class=\"slideshow_description\">VISITA AL MUSEU CAU FERRAT<\/div>\t\t\t\t\t<\/div>\r\n\t\t\t\t<\/div>\r\n\r\n\t\t\t\t\t\t<div style=\"clear: both;\"><\/div><\/div><div class=\"slideshow_view\">\r\n\t\t\t\t<div class=\"slideshow_slide slideshow_slide_image\">\r\n\t\t\t\t\t\t\t\t\t\t\t<img src=\"https:\/\/agora.xtec.cat\/ceiprieraderibes\/wp-content\/uploads\/usu901\/2023\/05\/VISITA-AL-MNACTEC.jpg\" alt=\"VISITA AL MNACTEC\" width=\"1201\" height=\"1600\" \/>\r\n\t\t\t\t\t\t\t\t\t\t<div class=\"slideshow_description_box slideshow_transparent\">\r\n\t\t\t\t\t\t\t\t\t\t\t\t<div class=\"slideshow_description\">VISITA AL MNACTEC<\/div>\t\t\t\t\t<\/div>\r\n\t\t\t\t<\/div>\r\n\r\n\t\t\t\t\t\t<div style=\"clear: both;\"><\/div><\/div><div class=\"slideshow_view\">\r\n\t\t\t\t<div class=\"slideshow_slide slideshow_slide_image\">\r\n\t\t\t\t\t\t\t\t\t\t\t<img src=\"https:\/\/agora.xtec.cat\/ceiprieraderibes\/wp-content\/uploads\/usu901\/2023\/05\/VISITA-AL-CASTELL-DE-RIBES.jpg\" alt=\"VISITA AL CASTELL DE RIBES\" width=\"2048\" height=\"1536\" \/>\r\n\t\t\t\t\t\t\t\t\t\t<div class=\"slideshow_description_box slideshow_transparent\">\r\n\t\t\t\t\t\t\t\t\t\t\t\t<div class=\"slideshow_description\">VISITA AL CASTELL DE RIBES<\/div>\t\t\t\t\t<\/div>\r\n\t\t\t\t<\/div>\r\n\r\n\t\t\t\t\t\t<div style=\"clear: both;\"><\/div><\/div><div class=\"slideshow_view\">\r\n\t\t\t\t<div class=\"slideshow_slide slideshow_slide_image\">\r\n\t\t\t\t\t\t\t\t\t\t\t<img src=\"https:\/\/agora.xtec.cat\/ceiprieraderibes\/wp-content\/uploads\/usu901\/2023\/05\/TALLER-CUINA-PLANTES-SILVESTRES-1-e1683534569245.jpg\" alt=\"TALLER CUINA PLANTES SILVESTRES\" width=\"900\" height=\"1204\" \/>\r\n\t\t\t\t\t\t\t\t\t\t<div class=\"slideshow_description_box slideshow_transparent\">\r\n\t\t\t\t\t\t\t\t\t\t\t\t<div class=\"slideshow_description\">TALLER CUINA PLANTES SILVESTRES<\/div>\t\t\t\t\t<\/div>\r\n\t\t\t\t<\/div>\r\n\r\n\t\t\t\t\t\t<div style=\"clear: both;\"><\/div><\/div><div class=\"slideshow_view\">\r\n\t\t\t\t<div class=\"slideshow_slide slideshow_slide_image\">\r\n\t\t\t\t\t\t\t\t\t\t\t<img src=\"https:\/\/agora.xtec.cat\/ceiprieraderibes\/wp-content\/uploads\/usu901\/2023\/05\/Sense-titol.jpg\" alt=\"Sense t\u00edtol\" width=\"611\" height=\"594\" \/>\r\n\t\t\t\t\t\t\t\t\t\t<div class=\"slideshow_description_box slideshow_transparent\">\r\n\t\t\t\t\t\t\t\t\t\t\t\t<div class=\"slideshow_description\">BOSSA DE PREGUNTES<\/div>\t\t\t\t\t<\/div>\r\n\t\t\t\t<\/div>\r\n\r\n\t\t\t\t\t\t<div style=\"clear: both;\"><\/div><\/div><div class=\"slideshow_view\">\r\n\t\t\t\t<div class=\"slideshow_slide slideshow_slide_image\">\r\n\t\t\t\t\t\t\t\t\t\t\t<img src=\"https:\/\/agora.xtec.cat\/ceiprieraderibes\/wp-content\/uploads\/usu901\/2023\/05\/INDAGACIO-A-L_AULA.jpg\" alt=\"INDAGACI\u00d3 A L_AULA\" width=\"2048\" height=\"921\" \/>\r\n\t\t\t\t\t\t\t\t\t\t<div class=\"slideshow_description_box slideshow_transparent\">\r\n\t\t\t\t\t\t\t\t\t\t\t\t<div class=\"slideshow_description\">INDAGACI\u00d3 A L_AULA<\/div>\t\t\t\t\t<\/div>\r\n\t\t\t\t<\/div>\r\n\r\n\t\t\t\t\t\t<div style=\"clear: both;\"><\/div><\/div><div class=\"slideshow_view\">\r\n\t\t\t\t<div class=\"slideshow_slide slideshow_slide_image\">\r\n\t\t\t\t\t\t\t\t\t\t\t<img src=\"https:\/\/agora.xtec.cat\/ceiprieraderibes\/wp-content\/uploads\/usu901\/2023\/05\/EXPERIMENTACIO-APARELL-DIGESTIU.jpg\" alt=\"EXPERIMENTACI\u00d3 APARELL DIGESTIU\" width=\"1536\" height=\"2040\" \/>\r\n\t\t\t\t\t\t\t\t\t\t<div class=\"slideshow_description_box slideshow_transparent\">\r\n\t\t\t\t\t\t\t\t\t\t\t\t<div class=\"slideshow_description\">EXPERIMENTACI\u00d3 APARELL DIGESTIU<\/div>\t\t\t\t\t<\/div>\r\n\t\t\t\t<\/div>\r\n\r\n\t\t\t\t\t\t<div style=\"clear: both;\"><\/div><\/div><div class=\"slideshow_view\">\r\n\t\t\t\t<div class=\"slideshow_slide slideshow_slide_image\">\r\n\t\t\t\t\t\t\t\t\t\t\t<img src=\"https:\/\/agora.xtec.cat\/ceiprieraderibes\/wp-content\/uploads\/usu901\/2023\/05\/EIX-CRONOLOGIC.jpg\" alt=\"EIX CRONOL\u00d2GIC\" width=\"1536\" height=\"2048\" \/>\r\n\t\t\t\t\t\t\t\t\t\t<div class=\"slideshow_description_box slideshow_transparent\">\r\n\t\t\t\t\t\t\t\t\t\t\t\t<div class=\"slideshow_description\">EIX CRONOL\u00d2GIC<\/div>\t\t\t\t\t<\/div>\r\n\t\t\t\t<\/div>\r\n\r\n\t\t\t\t\t\t<div style=\"clear: both;\"><\/div><\/div><div class=\"slideshow_view\">\r\n\t\t\t\t<div class=\"slideshow_slide slideshow_slide_image\">\r\n\t\t\t\t\t\t\t\t\t\t\t<img src=\"https:\/\/agora.xtec.cat\/ceiprieraderibes\/wp-content\/uploads\/usu901\/2023\/05\/DIARI-D_OBSERVACIO-D_UNA-PLANTA.jpg\" alt=\"DIARI D_OBSERVACI\u00d3 D_UNA PLANTA\" width=\"1152\" height=\"2048\" \/>\r\n\t\t\t\t\t\t\t\t\t\t<div class=\"slideshow_description_box slideshow_transparent\">\r\n\t\t\t\t\t\t\t\t\t\t\t\t<div class=\"slideshow_description\">DIARI D_OBSERVACI\u00d3 D_UNA PLANTA<\/div>\t\t\t\t\t<\/div>\r\n\t\t\t\t<\/div>\r\n\r\n\t\t\t\t\t\t<div style=\"clear: both;\"><\/div><\/div>\r\n\t\t<\/div>\r\n\r\n\t\t<div class=\"slideshow_controlPanel slideshow_transparent\" style=\"display: none;\"><ul><li class=\"slideshow_togglePlay\" data-play-text=\"Visualitza\" data-pause-text=\"Pausa\"><\/li><\/ul><\/div>\r\n\r\n\t\t<div class=\"slideshow_button slideshow_previous slideshow_transparent\" role=\"button\" data-previous-text=\"Anterior\" style=\"display: none;\"><\/div>\r\n\t\t<div class=\"slideshow_button slideshow_next slideshow_transparent\" role=\"button\" data-next-text=\"Seg\u00fcent\" style=\"display: none;\"><\/div>\r\n\r\n\t\t<div class=\"slideshow_pagination\" style=\"display: none;\" data-go-to-text=\"V\u00e9s a la diapositiva\"><div class=\"slideshow_pagination_center\"><\/div><\/div>\r\n\r\n\t\t<!-- WordPress Slideshow Version 2.3.1 -->\r\n\r\n\t\t\t<\/div>\r\n\r\n<\/p>\n<p>&nbsp;<\/p>\n<p>&nbsp;<\/p>\n","protected":false},"excerpt":{"rendered":"<p>Les Preguntes Interessants s\u00f3n una estrat\u00e8gia d&#8217;aprenentatge molt nostra; molt Riera. A continuaci\u00f3 trobareu desenvolupat tot el proc\u00e9s i podreu veure com ho fem pas a pas.\u00a0<br \/>\nPer poder pensar i seleccionar Preguntes Interessants sempre comencem per generar i remoure nous interessos, interrogants, inquietuds a partir&hellip;  <a href=\"https:\/\/agora.xtec.cat\/ceiprieraderibes\/portada\/com-es-treballar-fent-preguntes-interessants-comunitat-de-petits\/\" title=\"Read COM \u00c9S TREBALLAR FENT PREGUNTES INTERESSANTS? &#8211; Comunitat de Petits\">Llegeix m\u00e9s\u00bb<\/a><\/p>\n","protected":false},"author":175,"featured_media":13009,"comment_status":"open","ping_status":"closed","sticky":false,"template":"","format":"standard","meta":{"_bbp_topic_count":0,"_bbp_reply_count":0,"_bbp_total_topic_count":0,"_bbp_total_reply_count":0,"_bbp_voice_count":0,"_bbp_anonymous_reply_count":0,"_bbp_topic_count_hidden":0,"_bbp_reply_count_hidden":0,"_bbp_forum_subforum_count":0,"footnotes":""},"categories":[196,201,4],"tags":[],"class_list":["post-12990","post","type-post","status-publish","format-standard","has-post-thumbnail","hentry","category-generacio-2015","category-generacio-2016","category-portada"],"post_mailing_queue_ids":[],"_links":{"self":[{"href":"https:\/\/agora.xtec.cat\/ceiprieraderibes\/wp-json\/wp\/v2\/posts\/12990","targetHints":{"allow":["GET"]}}],"collection":[{"href":"https:\/\/agora.xtec.cat\/ceiprieraderibes\/wp-json\/wp\/v2\/posts"}],"about":[{"href":"https:\/\/agora.xtec.cat\/ceiprieraderibes\/wp-json\/wp\/v2\/types\/post"}],"author":[{"embeddable":true,"href":"https:\/\/agora.xtec.cat\/ceiprieraderibes\/wp-json\/wp\/v2\/users\/175"}],"replies":[{"embeddable":true,"href":"https:\/\/agora.xtec.cat\/ceiprieraderibes\/wp-json\/wp\/v2\/comments?post=12990"}],"version-history":[{"count":4,"href":"https:\/\/agora.xtec.cat\/ceiprieraderibes\/wp-json\/wp\/v2\/posts\/12990\/revisions"}],"predecessor-version":[{"id":13008,"href":"https:\/\/agora.xtec.cat\/ceiprieraderibes\/wp-json\/wp\/v2\/posts\/12990\/revisions\/13008"}],"wp:featuredmedia":[{"embeddable":true,"href":"https:\/\/agora.xtec.cat\/ceiprieraderibes\/wp-json\/wp\/v2\/media\/13009"}],"wp:attachment":[{"href":"https:\/\/agora.xtec.cat\/ceiprieraderibes\/wp-json\/wp\/v2\/media?parent=12990"}],"wp:term":[{"taxonomy":"category","embeddable":true,"href":"https:\/\/agora.xtec.cat\/ceiprieraderibes\/wp-json\/wp\/v2\/categories?post=12990"},{"taxonomy":"post_tag","embeddable":true,"href":"https:\/\/agora.xtec.cat\/ceiprieraderibes\/wp-json\/wp\/v2\/tags?post=12990"}],"curies":[{"name":"wp","href":"https:\/\/api.w.org\/{rel}","templated":true}]}}