{"id":12976,"date":"2023-05-01T22:07:38","date_gmt":"2023-05-01T20:07:38","guid":{"rendered":"https:\/\/agora.xtec.cat\/ceiprieraderibes\/?p=12976"},"modified":"2023-05-01T22:07:38","modified_gmt":"2023-05-01T20:07:38","slug":"baules-daules","status":"publish","type":"post","link":"https:\/\/agora.xtec.cat\/ceiprieraderibes\/general\/baules-daules\/","title":{"rendered":"Baules d&#8217;aules"},"content":{"rendered":"<p><b>Qu\u00e8 vol dir ser baula d\u2019aula<\/b><b>?<\/b><\/p>\n<p><span style=\"font-weight: 400;\">El baula de la classe representa a les fam\u00edlies del seu curs i mant\u00e9 un contacte freq\u00fcent amb elles, donant\u00a0 informaci\u00f3.\u00a0\u00a0<\/span><\/p>\n<p><span style=\"font-weight: 400;\">Com a representant de les fam\u00edlies del nivell, en cas d\u2019una q\u00fcesti\u00f3 col\u00b7lectiva, el baula fa de pont entre els cotutors i les fam\u00edlies.\u00a0<\/span><\/p>\n<p><b>Funcions del baula d\u2019aula?<\/b><\/p>\n<ul>\n<li style=\"font-weight: 400;\"><span style=\"font-weight: 400;\">\u00a0Traspassa la informaci\u00f3 per una bona comunicaci\u00f3<\/span><\/li>\n<li style=\"font-weight: 400;\"><span style=\"font-weight: 400;\">\u00a0Potencia la participaci\u00f3 i la integraci\u00f3 en la din\u00e0mica del centre.<\/span><\/li>\n<li style=\"font-weight: 400;\"><span style=\"font-weight: 400;\">Trasllada propostes\/necessitats a la Junta<\/span><\/li>\n<li style=\"font-weight: 400;\"><span style=\"font-weight: 400;\">Col\u00b7labora per donar suport a les activitats que es vagin planificant.<\/span><\/li>\n<li style=\"font-weight: 400;\"><span style=\"font-weight: 400;\">Acull a les fam\u00edlies nouvingudes informant-les del\u00a0 funcionament de l\u2019App<\/span><\/li>\n<\/ul>\n<p><span style=\"font-weight: 400;\">\u00a0<\/span><span style=\"font-weight: 400;\">LA FIGURA DELS BAULES \u00c9S CLAU PER GARANTIR UNA BONA COMUNICACI\u00d3.<\/span><\/p>\n<p><b>Amb els altres baules<\/b><b>:<\/b><\/p>\n<p><span style=\"font-weight: 400;\">Un cop a inici de curs es troben per posar en com\u00fa les funcions a dur a terme\u00a0 i un cop a final de curs es troben per fer valoracions i proposar aspectes de millora.<\/span><\/p>\n<p><b>Qu\u00e8 no fa un baula d\u2019aula<\/b><b>?<\/b><\/p>\n<p><span style=\"font-weight: 400;\">No ha d\u2019intervenir entre la relaci\u00f3 personal d\u2019un alumne i els seus pares, amb el tutor\/a\u00a0 o la direcci\u00f3 del centre.<\/span><\/p>\n<p><span style=\"font-weight: 400;\">No interv\u00e9 en q\u00fcestions pedag\u00f2giques dels Mestres, recomanar\u00e0 sempre a les fam\u00edlies dirigir-se directament als\/les mestres tutors\/tutores .<\/span><\/p>\n<p><span style=\"font-weight: 400;\">En grups no oficials de m\u00f2bil, intervindr\u00e0 per canalitzar les problem\u00e0tiques per les vies oficials.<\/span><\/p>\n<p><span style=\"font-weight: 400;\">\u00a0<\/span><\/p>\n<p><b><i>La figura del baula d<\/i><\/b><b><i>\u2019<\/i><\/b><b><i>aula no esta pensada per <\/i><\/b><b><i>\u2018\u2019<\/i><\/b><b><i>obrir fronts d<\/i><\/b><b><i>\u2019<\/i><\/b><b><i>atac <\/i><\/b><b><i>\u2018\u2019<\/i><\/b><b><i> sin<\/i><\/b><b><i>\u00f3<\/i><\/b><b><i> per <\/i><\/b><b><i>\u2018\u2019<\/i><\/b><b><i>construir ponts d<\/i><\/b><b><i>\u2019<\/i><\/b><b><i>uni<\/i><\/b><b><i>\u00f3\u2019\u2019<\/i><\/b><\/p>\n<p>&nbsp;<\/p>\n","protected":false},"excerpt":{"rendered":"<p>Qu\u00e8 vol dir ser baula d\u2019aula?<br \/>\nEl baula de la classe representa a les fam\u00edlies del seu curs i mant\u00e9 un contacte freq\u00fcent amb elles, donant\u00a0 informaci\u00f3.\u00a0\u00a0<br \/>\nCom a representant de les fam\u00edlies del nivell, en cas d\u2019una q\u00fcesti\u00f3 col\u00b7lectiva, el baula fa de pont entre els&hellip;  <a href=\"https:\/\/agora.xtec.cat\/ceiprieraderibes\/general\/baules-daules\/\" title=\"Read Baules d&#8217;aules\">Llegeix m\u00e9s\u00bb<\/a><\/p>\n","protected":false},"author":175,"featured_media":0,"comment_status":"open","ping_status":"closed","sticky":false,"template":"","format":"standard","meta":{"_bbp_topic_count":0,"_bbp_reply_count":0,"_bbp_total_topic_count":0,"_bbp_total_reply_count":0,"_bbp_voice_count":0,"_bbp_anonymous_reply_count":0,"_bbp_topic_count_hidden":0,"_bbp_reply_count_hidden":0,"_bbp_forum_subforum_count":0,"footnotes":""},"categories":[1],"tags":[],"class_list":["post-12976","post","type-post","status-publish","format-standard","hentry","category-general"],"post_mailing_queue_ids":[],"_links":{"self":[{"href":"https:\/\/agora.xtec.cat\/ceiprieraderibes\/wp-json\/wp\/v2\/posts\/12976","targetHints":{"allow":["GET"]}}],"collection":[{"href":"https:\/\/agora.xtec.cat\/ceiprieraderibes\/wp-json\/wp\/v2\/posts"}],"about":[{"href":"https:\/\/agora.xtec.cat\/ceiprieraderibes\/wp-json\/wp\/v2\/types\/post"}],"author":[{"embeddable":true,"href":"https:\/\/agora.xtec.cat\/ceiprieraderibes\/wp-json\/wp\/v2\/users\/175"}],"replies":[{"embeddable":true,"href":"https:\/\/agora.xtec.cat\/ceiprieraderibes\/wp-json\/wp\/v2\/comments?post=12976"}],"version-history":[{"count":1,"href":"https:\/\/agora.xtec.cat\/ceiprieraderibes\/wp-json\/wp\/v2\/posts\/12976\/revisions"}],"predecessor-version":[{"id":12977,"href":"https:\/\/agora.xtec.cat\/ceiprieraderibes\/wp-json\/wp\/v2\/posts\/12976\/revisions\/12977"}],"wp:attachment":[{"href":"https:\/\/agora.xtec.cat\/ceiprieraderibes\/wp-json\/wp\/v2\/media?parent=12976"}],"wp:term":[{"taxonomy":"category","embeddable":true,"href":"https:\/\/agora.xtec.cat\/ceiprieraderibes\/wp-json\/wp\/v2\/categories?post=12976"},{"taxonomy":"post_tag","embeddable":true,"href":"https:\/\/agora.xtec.cat\/ceiprieraderibes\/wp-json\/wp\/v2\/tags?post=12976"}],"curies":[{"name":"wp","href":"https:\/\/api.w.org\/{rel}","templated":true}]}}