{"id":12944,"date":"2023-03-27T10:39:22","date_gmt":"2023-03-27T08:39:22","guid":{"rendered":"https:\/\/agora.xtec.cat\/ceiprieraderibes\/?p=12944"},"modified":"2023-03-27T10:40:21","modified_gmt":"2023-03-27T08:40:21","slug":"per-que-fem-racons-de-lliure-eleccio-comunitats-de-petits-i-mitjans","status":"publish","type":"post","link":"https:\/\/agora.xtec.cat\/ceiprieraderibes\/general\/per-que-fem-racons-de-lliure-eleccio-comunitats-de-petits-i-mitjans\/","title":{"rendered":"PER QU\u00c8 FEM RACONS DE LLIURE ELECCI\u00d3?- Comunitats de Petits i Mitjans"},"content":{"rendered":"<p style=\"text-align: justify;\"><span style=\"font-weight: 400;\">A l\u2019Escola apostem per estrat\u00e8gies d\u2019aprenentatge que donin resposta als diferents interessos i necessitats, ja que no tots els infants aprenen igual ni en el mateix moment. Una d\u2019aquestes estrat\u00e8gies s\u00f3n els racons de lliure elecci\u00f3. S\u00f3n entorns estimulants on els infants es poden moure lliurement, escollir aut\u00f2nomament i desenvolupar-se de forma natural en relaci\u00f3 als seus interessos i motivacions. S\u00f3n espais que respecten la diversitat, que tenen en compte en tot moment el ritme individual de cada un d\u2019ells i elles.<\/span><\/p>\n<p style=\"text-align: justify;\"><span style=\"font-weight: 400;\">Per qu\u00e8 els fem? Un dels principals objectius \u00e9s treballar a partir d\u2019un context inclusiu on puguin n\u00e9ixer noves curiositats, donant resposta a les necessitats de cada edat i on es fomenti la responsabilitat per la cura dels materials i dels espais. Participen conjuntament els infants de petits i mitjans, d\u2019una manera activa, creativa i lliure. En els racons es fomenta la relaci\u00f3, el di\u00e0leg, la cooperaci\u00f3; i quan parlem de relaci\u00f3 ens referim al sentit m\u00e9s ampli de la paraula: amb un mateix o amb una mateixa, amb l\u2019adult o l\u2019adulta acompanyant, amb els aprenentatges, amb la natura, amb la cultura, amb la imaginaci\u00f3 i la creativitat, amb l\u2019emoci\u00f3\u2026en petit grup, en gran grup, de manera personal i \u00edntima o en comunitat.<\/span> <span style=\"font-weight: 400;\">L\u2019agrupament en diferents edats permet personalitzar els aprenentatges, <\/span><span style=\"font-weight: 400;\">els infants poden interaccionar amb d\u2019altres infants d\u2019edats i graus maduratius diferents, enriquint aix\u00ed les seves possibilitats de relaci\u00f3, vincle i col\u00b7laboraci\u00f3, essent el protagonista i constructor del seu propi aprenentatge.<\/span><\/p>\n<p style=\"text-align: justify;\"><span style=\"font-weight: 400;\">Els i les mestres intervenim sense interferir perqu\u00e8 l\u2019infant actu\u00ef, observi, imagini, s\u2019emocioni, inventi, experimenti, construeixi, comparteixi, relacioni\u2026 i interactu\u00ef amb la resta de companys, donant resposta als diferents interessos i necessitats.<\/span><\/p>\n<p style=\"text-align: justify;\"><span style=\"font-weight: 400;\">A cada ambient s\u2019ofereixen un ventall de propostes d\u2019aprenentatge amb diferents materials, potenciant una diversitat de respostes i d\u2019accions per part de l\u2019infant.<\/span><\/p>\n<p style=\"text-align: justify;\"><span style=\"font-weight: 400;\">Actualment fem 10 racons:\u00a0<\/span><\/p>\n<ul style=\"text-align: justify;\">\n<li style=\"font-weight: 400;\" aria-level=\"1\"><span style=\"font-weight: 400;\">Arquitectura: L\u2019ambient de construccions ofereix un espai ric en material no estructurat, que permet l\u2019acci\u00f3 lliure<\/span><b>, <\/b><span style=\"font-weight: 400;\">on l\u2019infant pugui desenvolupar la imaginaci\u00f3, potenciar l\u2019esperit d\u2019equilibri i la concentraci\u00f3, crear curiositat, desenvolupar la capacitat de creaci\u00f3 i construcci\u00f3. On poden transitar per diversos llenguatges, tenir di\u00e0legs \u00edntims\u2026 generant un entorn segur i amb una harmonia global on l\u2019infant pugui tenir infinitat de viv\u00e8ncies i de possibilitats.<\/span><\/li>\n<li style=\"font-weight: 400;\" aria-level=\"1\"><span style=\"font-weight: 400;\">Artista: Les propostes del rac\u00f3 de l\u2019artista estan centrades en permetre que l\u2019alumnat incorpori la llengua anglesa com a mitj\u00e0 de comunicaci\u00f3 per a la creaci\u00f3 i expressi\u00f3 d\u2019idees a trav\u00e9s d\u2019un treball art\u00edstic. D\u2019aquesta manera, s\u2019acostumen a escoltar i posar en pr\u00e0ctica ordres orals, podent demostrar qu\u00e8 han ent\u00e8s.<\/span><\/li>\n<li style=\"font-weight: 400;\" aria-level=\"1\"><span style=\"font-weight: 400;\">Ateneu: \u00c9s un rac\u00f3 on les matem\u00e0tiques s\u00f3n molt presents. Es presenten diferents propostes de joc variades, en el sentit de nivell de dificultat i intenci\u00f3 (geometria, numeraci\u00f3 i c\u00e0lcul, etc.) Al acabar es fa el recompte de punts, acordats pr\u00e8viament, i s\u2019aprofundeix en el c\u00e0lcul en funci\u00f3 del moment de cada infant (difer\u00e8ncia de punts entre els diferents jugadors, multiplicar la quantitat de fitxes pels punts que valen, etc.\u00a0<\/span><\/li>\n<li style=\"font-weight: 400;\" aria-level=\"1\"><span style=\"font-weight: 400;\">Ci\u00e8ncies: S\u2019ofereixen propostes que els porten a trobar respostes a reptes nous, a deixar interrogants sense resoldre, a crear hip\u00f2tesis, obrint aix\u00ed\u00a0 camins nous de coneixement.\u00a0<\/span><\/li>\n<li style=\"font-weight: 400;\" aria-level=\"1\"><span style=\"font-weight: 400;\">Hort i entorn: Rac\u00f3 on la natura \u00e9s la protagonista. A l\u2019escola defensem que aprendre de la natura ha de ser fruit d\u2019una viv\u00e8ncia, on el cos i l\u2019\u00e0nima es posen en contacte amb les plantes, amb els arbres, amb la terra, amb l\u2019aigua, amb la llum, amb la foscor,&#8230; On els infants s\u2019emporten una s\u00e8rie d\u2019experi\u00e8ncies gratificants, enriquidores i \u00faniques, com pot ser cavar, regar, sembrar, observar, etc. adaptades a tots els nivells i interessos dels alumnes.\u00a0<\/span><\/li>\n<li style=\"font-weight: 400;\" aria-level=\"1\"><span style=\"font-weight: 400;\">Mou-te: T\u00e9 com a finalitat principal contribuir al desenvolupament integral de l\u2019infant, i en conseq\u00fc\u00e8ncia a una millora de la qualitat de vida, a trav\u00e9s de la compet\u00e8ncia motriu, entesa com la integraci\u00f3 dels coneixements, els procediments, les actituds i els sentiments vinculats fonamentalment a la conducta motora.<\/span><\/li>\n<li style=\"font-weight: 400;\" aria-level=\"1\"><span style=\"font-weight: 400;\">M\u00fasica: La m\u00fasica forma part de la nostra vida, ens fa sentir, ens fa emocionar-nos, incl\u00fas ens fa pensar i reflexionar, per aix\u00f2 la incloem a diari perqu\u00e8 puguin experimentar amb el cos, veu, ritme, d\u2019una manera espont\u00e0nia i l\u00fadica.<\/span><\/li>\n<li style=\"font-weight: 400;\" aria-level=\"1\"><span style=\"font-weight: 400;\">Tecnologia: Aquest rac\u00f3 <\/span><span style=\"font-weight: 400;\">afavoreix el treball en equip, el pensament creatiu i tecnol\u00f2gic i la compet\u00e8ncia digital a partir de diferents propostes que els ajuden a avan\u00e7ar en les relacions interpersonals.\u00a0<\/span><\/li>\n<li style=\"font-weight: 400;\" aria-level=\"1\"><span style=\"font-weight: 400;\">Petites hist\u00f2ries: <\/span><span style=\"font-weight: 400;\">L&#8217;objectiu d\u2019aquest rac\u00f3 \u00e9s l\u2019utilitzaci\u00f3 del llenguatge com a instrument per interpretar i comprendre la realitat a trav\u00e9s de textos orals i escrits i per comunicar-se de manera oral i escrita. A trav\u00e9s de diferents tipologies de textos, elaborant hist\u00f2ries vives,&#8230; fent de la lectura un plaer compartit.<\/span><\/li>\n<li style=\"font-weight: 400;\" aria-level=\"1\"><span style=\"font-weight: 400;\">Psicomotricitat: Clau per al desenvolupament motriu, cognitiu, comunicatiu i afectiu dels infants, ja que aquests creixen, juguen i aprenen principalment a trav\u00e9s del moviment i de la relaci\u00f3 amb els altres.<\/span><\/li>\n<\/ul>\n<p style=\"text-align: justify;\"><span style=\"font-weight: 400;\">Finalment volem destacar com aquesta estrat\u00e8gia d&#8217;aprenentatge afavoreix l\u2019autonomia, la creativitat i l\u2019autoaprenentatge vinculats als desitjos interns de l\u2019infant i a la possibilitat de l\u2019acci\u00f3 com a eina per afavorir un aprenentatge natural i aut\u00e8ntic. \u00c9s d\u2019aquesta manera com cada nena i cada nen es podr\u00e0 desenvolupar des de les seves compet\u00e8ncies tot desplegant el seu potencial de manera aut\u00f2noma, amb l\u2019acompanyament de la persona adulta.<\/span><\/p>\n<p style=\"text-align: right;\"><strong><em>\u201c\u2026 \u00e9s necessari organitzar des del primer moment un espai i una cultura de l\u2019espai <\/em><em>que afavoreixin tots els processos de comunicaci\u00f3 de l\u2019infant: l\u2019educaci\u00f3 \u00e9s un esdeveniment fet d\u2019interaccions complexes moltes de les quals es produeixen si l\u2019espai hi participa<\/em>.\u201d<\/strong><\/p>\n<p style=\"text-align: right;\"><em><b>Loris Malaguzzi<\/b><\/em><\/p>\n<p style=\"text-align: right;\"><em><span style=\"font-weight: 400;\">Pedagog itali\u00e0 \u2013 Reggio Emilia<\/span><\/em><\/p>\n\r\n\t<div class=\"slideshow_container slideshow_container_style-light\" style=\"height: 500px; \" data-slideshow-id=\"12946\" data-style-name=\"style-light\" data-style-version=\"2.3.1\" >\r\n\r\n\t\t\t\t\t<div class=\"slideshow_loading_icon\"><\/div>\r\n\t\t\r\n\t\t<div class=\"slideshow_content\" style=\"display: none;\">\r\n\r\n\t\t\t<div class=\"slideshow_view\">\r\n\t\t\t\t<div class=\"slideshow_slide slideshow_slide_image\">\r\n\t\t\t\t\t\t\t\t\t\t\t<img src=\"https:\/\/agora.xtec.cat\/ceiprieraderibes\/wp-content\/uploads\/usu901\/2023\/03\/1.4.jpg\" alt=\"1.4\" width=\"1152\" height=\"2048\" \/>\r\n\t\t\t\t\t\t\t\t\t\t<div class=\"slideshow_description_box slideshow_transparent\">\r\n\t\t\t\t\t\t<div class=\"slideshow_title\">1.4<\/div>\t\t\t\t\t\t\t\t\t\t\t<\/div>\r\n\t\t\t\t<\/div>\r\n\r\n\t\t\t\t\t\t<div style=\"clear: both;\"><\/div><\/div><div class=\"slideshow_view\">\r\n\t\t\t\t<div class=\"slideshow_slide slideshow_slide_image\">\r\n\t\t\t\t\t\t\t\t\t\t\t<img src=\"https:\/\/agora.xtec.cat\/ceiprieraderibes\/wp-content\/uploads\/usu901\/2023\/03\/1.jpeg\" alt=\"1\" width=\"1152\" height=\"2048\" \/>\r\n\t\t\t\t\t\t\t\t\t\t<div class=\"slideshow_description_box slideshow_transparent\">\r\n\t\t\t\t\t\t<div class=\"slideshow_title\">1<\/div>\t\t\t\t\t\t\t\t\t\t\t<\/div>\r\n\t\t\t\t<\/div>\r\n\r\n\t\t\t\t\t\t<div style=\"clear: both;\"><\/div><\/div><div class=\"slideshow_view\">\r\n\t\t\t\t<div class=\"slideshow_slide slideshow_slide_image\">\r\n\t\t\t\t\t\t\t\t\t\t\t<img src=\"https:\/\/agora.xtec.cat\/ceiprieraderibes\/wp-content\/uploads\/usu901\/2023\/03\/2.jpeg\" alt=\"2\" width=\"2000\" height=\"1500\" \/>\r\n\t\t\t\t\t\t\t\t\t\t<div class=\"slideshow_description_box slideshow_transparent\">\r\n\t\t\t\t\t\t<div class=\"slideshow_title\">2<\/div>\t\t\t\t\t\t\t\t\t\t\t<\/div>\r\n\t\t\t\t<\/div>\r\n\r\n\t\t\t\t\t\t<div style=\"clear: both;\"><\/div><\/div><div class=\"slideshow_view\">\r\n\t\t\t\t<div class=\"slideshow_slide slideshow_slide_image\">\r\n\t\t\t\t\t\t\t\t\t\t\t<img src=\"https:\/\/agora.xtec.cat\/ceiprieraderibes\/wp-content\/uploads\/usu901\/2023\/03\/3.jpeg\" alt=\"3\" width=\"921\" height=\"2048\" \/>\r\n\t\t\t\t\t\t\t\t\t\t<div class=\"slideshow_description_box slideshow_transparent\">\r\n\t\t\t\t\t\t<div class=\"slideshow_title\">3<\/div>\t\t\t\t\t\t\t\t\t\t\t<\/div>\r\n\t\t\t\t<\/div>\r\n\r\n\t\t\t\t\t\t<div style=\"clear: both;\"><\/div><\/div><div class=\"slideshow_view\">\r\n\t\t\t\t<div class=\"slideshow_slide slideshow_slide_image\">\r\n\t\t\t\t\t\t\t\t\t\t\t<img src=\"https:\/\/agora.xtec.cat\/ceiprieraderibes\/wp-content\/uploads\/usu901\/2023\/03\/4.jpeg\" alt=\"4\" width=\"2000\" height=\"1500\" \/>\r\n\t\t\t\t\t\t\t\t\t\t<div class=\"slideshow_description_box slideshow_transparent\">\r\n\t\t\t\t\t\t<div class=\"slideshow_title\">4<\/div>\t\t\t\t\t\t\t\t\t\t\t<\/div>\r\n\t\t\t\t<\/div>\r\n\r\n\t\t\t\t\t\t<div style=\"clear: both;\"><\/div><\/div><div class=\"slideshow_view\">\r\n\t\t\t\t<div class=\"slideshow_slide slideshow_slide_image\">\r\n\t\t\t\t\t\t\t\t\t\t\t<img src=\"https:\/\/agora.xtec.cat\/ceiprieraderibes\/wp-content\/uploads\/usu901\/2023\/03\/5.jpeg\" alt=\"5\" width=\"908\" height=\"2016\" \/>\r\n\t\t\t\t\t\t\t\t\t\t<div class=\"slideshow_description_box slideshow_transparent\">\r\n\t\t\t\t\t\t<div class=\"slideshow_title\">5<\/div>\t\t\t\t\t\t\t\t\t\t\t<\/div>\r\n\t\t\t\t<\/div>\r\n\r\n\t\t\t\t\t\t<div style=\"clear: both;\"><\/div><\/div><div class=\"slideshow_view\">\r\n\t\t\t\t<div class=\"slideshow_slide slideshow_slide_image\">\r\n\t\t\t\t\t\t\t\t\t\t\t<img src=\"https:\/\/agora.xtec.cat\/ceiprieraderibes\/wp-content\/uploads\/usu901\/2023\/03\/6.jpeg\" alt=\"6\" width=\"908\" height=\"2016\" \/>\r\n\t\t\t\t\t\t\t\t\t\t<div class=\"slideshow_description_box slideshow_transparent\">\r\n\t\t\t\t\t\t<div class=\"slideshow_title\">6<\/div>\t\t\t\t\t\t\t\t\t\t\t<\/div>\r\n\t\t\t\t<\/div>\r\n\r\n\t\t\t\t\t\t<div style=\"clear: both;\"><\/div><\/div><div class=\"slideshow_view\">\r\n\t\t\t\t<div class=\"slideshow_slide slideshow_slide_image\">\r\n\t\t\t\t\t\t\t\t\t\t\t<img src=\"https:\/\/agora.xtec.cat\/ceiprieraderibes\/wp-content\/uploads\/usu901\/2023\/03\/7.jpeg\" alt=\"7\" width=\"1536\" height=\"2040\" \/>\r\n\t\t\t\t\t\t\t\t\t\t<div class=\"slideshow_description_box slideshow_transparent\">\r\n\t\t\t\t\t\t<div class=\"slideshow_title\">7<\/div>\t\t\t\t\t\t\t\t\t\t\t<\/div>\r\n\t\t\t\t<\/div>\r\n\r\n\t\t\t\t\t\t<div style=\"clear: both;\"><\/div><\/div><div class=\"slideshow_view\">\r\n\t\t\t\t<div class=\"slideshow_slide slideshow_slide_image\">\r\n\t\t\t\t\t\t\t\t\t\t\t<img src=\"https:\/\/agora.xtec.cat\/ceiprieraderibes\/wp-content\/uploads\/usu901\/2023\/03\/8.jpeg\" alt=\"8\" width=\"2016\" height=\"1508\" \/>\r\n\t\t\t\t\t\t\t\t\t\t<div class=\"slideshow_description_box slideshow_transparent\">\r\n\t\t\t\t\t\t<div class=\"slideshow_title\">8<\/div>\t\t\t\t\t\t\t\t\t\t\t<\/div>\r\n\t\t\t\t<\/div>\r\n\r\n\t\t\t\t\t\t<div style=\"clear: both;\"><\/div><\/div><div class=\"slideshow_view\">\r\n\t\t\t\t<div class=\"slideshow_slide slideshow_slide_image\">\r\n\t\t\t\t\t\t\t\t\t\t\t<img src=\"https:\/\/agora.xtec.cat\/ceiprieraderibes\/wp-content\/uploads\/usu901\/2023\/03\/9.jpeg\" alt=\"9\" width=\"1512\" height=\"2016\" \/>\r\n\t\t\t\t\t\t\t\t\t\t<div class=\"slideshow_description_box slideshow_transparent\">\r\n\t\t\t\t\t\t<div class=\"slideshow_title\">9<\/div>\t\t\t\t\t\t\t\t\t\t\t<\/div>\r\n\t\t\t\t<\/div>\r\n\r\n\t\t\t\t\t\t<div style=\"clear: both;\"><\/div><\/div><div class=\"slideshow_view\">\r\n\t\t\t\t<div class=\"slideshow_slide slideshow_slide_image\">\r\n\t\t\t\t\t\t\t\t\t\t\t<img src=\"https:\/\/agora.xtec.cat\/ceiprieraderibes\/wp-content\/uploads\/usu901\/2023\/03\/10.jpeg\" alt=\"10\" width=\"768\" height=\"1024\" \/>\r\n\t\t\t\t\t\t\t\t\t\t<div class=\"slideshow_description_box slideshow_transparent\">\r\n\t\t\t\t\t\t<div class=\"slideshow_title\">10<\/div>\t\t\t\t\t\t\t\t\t\t\t<\/div>\r\n\t\t\t\t<\/div>\r\n\r\n\t\t\t\t\t\t<div style=\"clear: both;\"><\/div><\/div>\r\n\t\t<\/div>\r\n\r\n\t\t<div class=\"slideshow_controlPanel slideshow_transparent\" style=\"display: none;\"><ul><li class=\"slideshow_togglePlay\" data-play-text=\"Visualitza\" data-pause-text=\"Pausa\"><\/li><\/ul><\/div>\r\n\r\n\t\t<div class=\"slideshow_button slideshow_previous slideshow_transparent\" role=\"button\" data-previous-text=\"Anterior\" style=\"display: none;\"><\/div>\r\n\t\t<div class=\"slideshow_button slideshow_next slideshow_transparent\" role=\"button\" data-next-text=\"Seg\u00fcent\" style=\"display: none;\"><\/div>\r\n\r\n\t\t<div class=\"slideshow_pagination\" style=\"display: none;\" data-go-to-text=\"V\u00e9s a la diapositiva\"><div class=\"slideshow_pagination_center\"><\/div><\/div>\r\n\r\n\t\t<!-- WordPress Slideshow Version 2.3.1 -->\r\n\r\n\t\t\t<\/div>\r\n\r\n\n","protected":false},"excerpt":{"rendered":"<p>A l\u2019Escola apostem per estrat\u00e8gies d\u2019aprenentatge que donin resposta als diferents interessos i necessitats, ja que no tots els infants aprenen igual ni en el mateix moment. Una d\u2019aquestes estrat\u00e8gies s\u00f3n els racons de lliure elecci\u00f3. S\u00f3n entorns estimulants on els infants es poden moure&hellip;  <a href=\"https:\/\/agora.xtec.cat\/ceiprieraderibes\/general\/per-que-fem-racons-de-lliure-eleccio-comunitats-de-petits-i-mitjans\/\" title=\"Read PER QU\u00c8 FEM RACONS DE LLIURE ELECCI\u00d3?- Comunitats de Petits i Mitjans\">Llegeix m\u00e9s\u00bb<\/a><\/p>\n","protected":false},"author":175,"featured_media":12950,"comment_status":"open","ping_status":"closed","sticky":false,"template":"","format":"standard","meta":{"_bbp_topic_count":0,"_bbp_reply_count":0,"_bbp_total_topic_count":0,"_bbp_total_reply_count":0,"_bbp_voice_count":0,"_bbp_anonymous_reply_count":0,"_bbp_topic_count_hidden":0,"_bbp_reply_count_hidden":0,"_bbp_forum_subforum_count":0,"footnotes":""},"categories":[157,177,196,201,1,4],"tags":[],"class_list":["post-12944","post","type-post","status-publish","format-standard","has-post-thumbnail","hentry","category-generacio-2013","category-generacio-2014","category-generacio-2015","category-generacio-2016","category-general","category-portada"],"post_mailing_queue_ids":[],"_links":{"self":[{"href":"https:\/\/agora.xtec.cat\/ceiprieraderibes\/wp-json\/wp\/v2\/posts\/12944","targetHints":{"allow":["GET"]}}],"collection":[{"href":"https:\/\/agora.xtec.cat\/ceiprieraderibes\/wp-json\/wp\/v2\/posts"}],"about":[{"href":"https:\/\/agora.xtec.cat\/ceiprieraderibes\/wp-json\/wp\/v2\/types\/post"}],"author":[{"embeddable":true,"href":"https:\/\/agora.xtec.cat\/ceiprieraderibes\/wp-json\/wp\/v2\/users\/175"}],"replies":[{"embeddable":true,"href":"https:\/\/agora.xtec.cat\/ceiprieraderibes\/wp-json\/wp\/v2\/comments?post=12944"}],"version-history":[{"count":3,"href":"https:\/\/agora.xtec.cat\/ceiprieraderibes\/wp-json\/wp\/v2\/posts\/12944\/revisions"}],"predecessor-version":[{"id":12958,"href":"https:\/\/agora.xtec.cat\/ceiprieraderibes\/wp-json\/wp\/v2\/posts\/12944\/revisions\/12958"}],"wp:featuredmedia":[{"embeddable":true,"href":"https:\/\/agora.xtec.cat\/ceiprieraderibes\/wp-json\/wp\/v2\/media\/12950"}],"wp:attachment":[{"href":"https:\/\/agora.xtec.cat\/ceiprieraderibes\/wp-json\/wp\/v2\/media?parent=12944"}],"wp:term":[{"taxonomy":"category","embeddable":true,"href":"https:\/\/agora.xtec.cat\/ceiprieraderibes\/wp-json\/wp\/v2\/categories?post=12944"},{"taxonomy":"post_tag","embeddable":true,"href":"https:\/\/agora.xtec.cat\/ceiprieraderibes\/wp-json\/wp\/v2\/tags?post=12944"}],"curies":[{"name":"wp","href":"https:\/\/api.w.org\/{rel}","templated":true}]}}