{"id":12915,"date":"2023-03-25T16:28:08","date_gmt":"2023-03-25T15:28:08","guid":{"rendered":"https:\/\/agora.xtec.cat\/ceiprieraderibes\/?p=12915"},"modified":"2023-03-27T10:17:13","modified_gmt":"2023-03-27T08:17:13","slug":"pregunta-interessant-comunitat-de-xics","status":"publish","type":"post","link":"https:\/\/agora.xtec.cat\/ceiprieraderibes\/general\/pregunta-interessant-comunitat-de-xics\/","title":{"rendered":"PREGUNTA INTERESSANT-Comunitat de Xics"},"content":{"rendered":"<p style=\"text-align: justify;\"><span style=\"font-weight: 400;\">Despr\u00e9s del Carnaval, la comunitat de Xics fem un seguit de sortides per tal de despertar inquietuds i endinsar-nos en un proc\u00e9s d\u2019indagaci\u00f3.\u00a0<\/span><\/p>\n<p style=\"text-align: justify;\"><span style=\"font-weight: 400;\">Les sortides plantejades ajuden als Xics a ampliar perspectives i a desenvolupar la comprensi\u00f3 del m\u00f3n que ens envolta. Tamb\u00e9 provoquen la possibilitat de crear interrogants relacionats amb temes espec\u00edfics, \u00edntimament lligats a cada sortida.<\/span><\/p>\n<p style=\"text-align: justify;\"><span style=\"font-weight: 400;\">Fiquem el focus en estimular la curiositat des d\u2019una manera activa, sent aix\u00ed els infants els protagonistes. Fem dels seus interessos, el punt de partida de l\u2019aprenentatge.<\/span><\/p>\n<p style=\"text-align: justify;\"><span style=\"font-weight: 400;\">Les sortides plantejades aquest curs s\u00f3n les seg\u00fcents:<\/span><\/p>\n<ul style=\"text-align: justify;\">\n<li style=\"font-weight: 400;\"><span style=\"font-weight: 400;\"><em>La natura al nostre abast,<\/em> al Museu de Ci\u00e8ncies Naturals<\/span><\/li>\n<li style=\"font-weight: 400;\"><span style=\"font-weight: 400;\"><em>Menjar i ser menjat,<\/em> al CosmoCaixa<\/span><\/li>\n<li style=\"font-weight: 400;\"><span style=\"font-weight: 400;\">CRARC<\/span><\/li>\n<li style=\"font-weight: 400;\"><span style=\"font-weight: 400;\"><em>Planetari Bombolla,<\/em> al CosmoCaixa<\/span><\/li>\n<li style=\"font-weight: 400;\"><span style=\"font-weight: 400;\">Pel\u00b7l\u00edcula <em>\u201cEl bosc d\u2019Haquivaqui\u201d<\/em>, al cinema de Ribes<\/span><\/li>\n<\/ul>\n<p style=\"text-align: justify;\"><span style=\"font-weight: 400;\">Les mestres som les encarregades d\u2019aportar informaci\u00f3 inicial de cada sortida per tal que cada infant pugui decidir, segons el seu inter\u00e8s, una de totes les ofertes per endinsar els seus coneixements. Ho fem a trav\u00e9s d\u2019ordenar les sortides segons les prioritats de cadasc\u00fa, per despr\u00e9s establir els grups finals.<\/span><\/p>\n<p style=\"text-align: justify;\"><span style=\"font-weight: 400;\">Comencem! Arriba la setmana de descobrir:<\/span><\/p>\n<p style=\"text-align: justify;\"><b><i>La natura al nostre abast <\/i><\/b><span style=\"font-weight: 400;\">fa evident la interrelaci\u00f3 constant entre els \u00e9ssers vius i el seu entorn, com tamb\u00e9 dona valor a les restes i rastres com a pistes per ajudar-nos a interpretar el funcionament de la naturalesa.<\/span><\/p>\n<p><img loading=\"lazy\" decoding=\"async\" class=\"alignleft wp-image-12917 size-thumbnail\" src=\"https:\/\/agora.xtec.cat\/ceiprieraderibes\/wp-content\/uploads\/usu901\/2023\/03\/1677091713651-e1679754634561-150x150.jpg\" alt=\"\" width=\"150\" height=\"150\" \/><img loading=\"lazy\" decoding=\"async\" class=\"wp-image-12918 size-thumbnail alignleft\" src=\"https:\/\/agora.xtec.cat\/ceiprieraderibes\/wp-content\/uploads\/usu901\/2023\/03\/1677135414904-150x150.jpg\" alt=\"\" width=\"150\" height=\"150\" \/><\/p>\n<p><img loading=\"lazy\" decoding=\"async\" class=\"wp-image-12919 size-thumbnail alignleft\" src=\"https:\/\/agora.xtec.cat\/ceiprieraderibes\/wp-content\/uploads\/usu901\/2023\/03\/1677135414940-150x150.jpg\" alt=\"\" width=\"150\" height=\"150\" \/><\/p>\n<p>&nbsp;<\/p>\n<p>&nbsp;<\/p>\n<p>&nbsp;<\/p>\n<p>&nbsp;<\/p>\n<p style=\"text-align: justify;\">Durant la sortida Menjar i no ser menjat, l\u2019alumnat descobreix per qu\u00e8 els animals i les plantes s\u00f3n tan diversos entre si. Recorrem la Sala Univers per observar animals que representen la gran diversitat de formes, colors, mides i comportaments dels \u00e9ssers vius. Despr\u00e9s, reflexionem sobre l\u2019objectiu: menjar i no ser menjar, sobreviure i deixar descend\u00e8ncia.<\/p>\n<p style=\"text-align: justify;\"><i><span style=\"font-weight: 400;\">\u201cCom es mouen els animals que no hi veuen?\u201d <\/span><\/i><span style=\"font-weight: 400;\">S\u2019escolta<\/span><\/p>\n<p><img loading=\"lazy\" decoding=\"async\" class=\"alignleft wp-image-12920 size-thumbnail\" src=\"https:\/\/agora.xtec.cat\/ceiprieraderibes\/wp-content\/uploads\/usu901\/2023\/03\/IMG_20230223_112455-rotated-e1679754912776-150x150.jpg\" alt=\"\" width=\"150\" height=\"150\" \/> <img loading=\"lazy\" decoding=\"async\" class=\"wp-image-12922 size-thumbnail alignleft\" src=\"https:\/\/agora.xtec.cat\/ceiprieraderibes\/wp-content\/uploads\/usu901\/2023\/03\/IMG_20230223_123756-rotated-e1679755008175-150x150.jpg\" alt=\"\" width=\"150\" height=\"150\" \/><img loading=\"lazy\" decoding=\"async\" class=\"alignleft wp-image-12921 size-thumbnail\" src=\"https:\/\/agora.xtec.cat\/ceiprieraderibes\/wp-content\/uploads\/usu901\/2023\/03\/IMG_20230223_113820-rotated-e1679754960462-150x150.jpg\" alt=\"\" width=\"150\" height=\"150\" \/><\/p>\n<p>&nbsp;<\/p>\n<p>&nbsp;<\/p>\n<p>&nbsp;<\/p>\n<p>&nbsp;<\/p>\n<p style=\"text-align: justify;\">CRAC \u00e9s un centre de recuperaci\u00f3 d\u2019amfibis i r\u00e8ptils on els objectius s\u00f3n la investigaci\u00f3, la recuperaci\u00f3 i l\u2019educaci\u00f3 i respecte cap aquests. Els nens i nenes coneixen la import\u00e0ncia d\u2019aquest centre, les caracter\u00edstiques dels r\u00e8ptils que actualment tenen, l\u2019h\u00e0bitat i les condicions on viuen, etc.<\/p>\n<p><img loading=\"lazy\" decoding=\"async\" class=\"wp-image-12924 size-thumbnail alignleft\" src=\"https:\/\/agora.xtec.cat\/ceiprieraderibes\/wp-content\/uploads\/usu901\/2023\/03\/IMG_20230224_122828-150x150.jpg\" alt=\"\" width=\"150\" height=\"150\" \/> <img loading=\"lazy\" decoding=\"async\" class=\"wp-image-12925 size-thumbnail alignleft\" src=\"https:\/\/agora.xtec.cat\/ceiprieraderibes\/wp-content\/uploads\/usu901\/2023\/03\/IMG_20230224_113556-150x150.jpg\" alt=\"\" width=\"150\" height=\"150\" \/> <img loading=\"lazy\" decoding=\"async\" class=\"wp-image-12926 size-thumbnail alignleft\" src=\"https:\/\/agora.xtec.cat\/ceiprieraderibes\/wp-content\/uploads\/usu901\/2023\/03\/IMG_20230224_124046-150x150.jpg\" alt=\"\" width=\"150\" height=\"150\" \/><\/p>\n<p>&nbsp;<\/p>\n<p>&nbsp;<\/p>\n<p>&nbsp;<\/p>\n<p>&nbsp;<\/p>\n<p style=\"text-align: justify;\">El <strong>Planetari Bombolla<\/strong> ens ha perm\u00e8s iniciar-nos en els fonaments de l\u2019astronomia. Ens ha ensenyat les primeres nocions sobre l\u2019univers, mostrant com estan situats els planetes del sistema solar i comprovant com els moviments de la terra provoquen les estacions de l\u2019any. Mirant al sostre tamb\u00e9 hem vist una guia de les estrelles que ens envolten.<\/p>\n<p><img loading=\"lazy\" decoding=\"async\" class=\"wp-image-12928 size-thumbnail alignleft\" src=\"https:\/\/agora.xtec.cat\/ceiprieraderibes\/wp-content\/uploads\/usu901\/2023\/03\/IMG_5870-150x150.jpg\" alt=\"\" width=\"150\" height=\"150\" \/><\/p>\n<p><img loading=\"lazy\" decoding=\"async\" class=\"alignleft wp-image-12929 size-thumbnail\" src=\"https:\/\/agora.xtec.cat\/ceiprieraderibes\/wp-content\/uploads\/usu901\/2023\/03\/IMG_5872-150x150.jpg\" alt=\"\" width=\"150\" height=\"150\" \/><\/p>\n<p><img loading=\"lazy\" decoding=\"async\" class=\"alignleft wp-image-12930 size-thumbnail\" src=\"https:\/\/agora.xtec.cat\/ceiprieraderibes\/wp-content\/uploads\/usu901\/2023\/03\/IMG_5876-150x150.jpg\" alt=\"\" width=\"150\" height=\"150\" \/>\u201cPer qu\u00e8 la lluna t\u00e9 diferents formes?\u201d Pregunta una Merla<\/p>\n<p>&nbsp;<\/p>\n<p>La pel\u00b7l\u00edcula El bosc d\u2019Haquivaqui, ens ha ajudat a reflexionar sobre la cadena tr\u00f2fica, com tamb\u00e9 dels valors del respecte i companyonia en la conviv\u00e8ncia en un mateix espai.<\/p>\n<p><img loading=\"lazy\" decoding=\"async\" class=\"size-full wp-image-12933 alignleft\" src=\"https:\/\/agora.xtec.cat\/ceiprieraderibes\/wp-content\/uploads\/usu901\/2023\/03\/Captura-de-pantalla-2023-03-25-161927.jpg\" alt=\"\" width=\"594\" height=\"259\" srcset=\"https:\/\/agora.xtec.cat\/ceiprieraderibes\/wp-content\/uploads\/usu901\/2023\/03\/Captura-de-pantalla-2023-03-25-161927.jpg 594w, https:\/\/agora.xtec.cat\/ceiprieraderibes\/wp-content\/uploads\/usu901\/2023\/03\/Captura-de-pantalla-2023-03-25-161927-300x131.jpg 300w\" sizes=\"auto, (max-width: 594px) 100vw, 594px\" \/><\/p>\n<p>&nbsp;<\/p>\n<p>&nbsp;<\/p>\n<p>&nbsp;<\/p>\n<p>&nbsp;<\/p>\n<p>&nbsp;<\/p>\n<p>&nbsp;<\/p>\n<p><i><span style=\"font-weight: 400;\">\u201cPer qu\u00e8 els personatges canten?\u201d,<\/span><\/i><i> <\/i><span style=\"font-weight: 400;\">un Xic va preguntar en acabar la pel\u00b7l\u00edcula<\/span><\/p>\n<p style=\"text-align: justify;\"><span style=\"font-weight: 400;\">Realitzades totes les sortides, ens reunim per grups d\u2019aquestes i, entre tots, formulem diverses preguntes d\u2019all\u00f2 en qu\u00e8 volem aprofundir, per tal que es converteixi en una pregunta interessant per investigar i crear coneixements.<\/span><\/p>\n<p style=\"text-align: justify;\"><span style=\"font-weight: 400;\">Fem un plenari tota la Comunitat de Xics i posem en com\u00fa aquestes preguntes. Ens escoltem i prestem atenci\u00f3 perqu\u00e8 cada classe haur\u00e0 de decidir quin interrogant dels presentats vol treballar i investigar.<\/span><\/p>\n<p><img loading=\"lazy\" decoding=\"async\" class=\"alignleft wp-image-12934 size-thumbnail\" src=\"https:\/\/agora.xtec.cat\/ceiprieraderibes\/wp-content\/uploads\/usu901\/2023\/03\/IMG_7842-150x150.jpg\" alt=\"\" width=\"150\" height=\"150\" \/> <img loading=\"lazy\" decoding=\"async\" class=\"alignleft wp-image-12935 size-thumbnail\" src=\"https:\/\/agora.xtec.cat\/ceiprieraderibes\/wp-content\/uploads\/usu901\/2023\/03\/IMG_7847-150x150.jpg\" alt=\"\" width=\"150\" height=\"150\" \/> <img loading=\"lazy\" decoding=\"async\" class=\"alignleft wp-image-12936 size-thumbnail\" src=\"https:\/\/agora.xtec.cat\/ceiprieraderibes\/wp-content\/uploads\/usu901\/2023\/03\/1679259251330-150x150.jpg\" alt=\"\" width=\"150\" height=\"150\" \/><\/p>\n<p>&nbsp;<\/p>\n<p>&nbsp;<\/p>\n<p>&nbsp;<\/p>\n<p>&nbsp;<\/p>\n<p><span style=\"font-weight: 400;\">Durant els seg\u00fcents dies, amb el grup classe, es parla de cada sortida, de les preguntes que s\u2019han formulat respecte a aquestes, es fa una pluja d\u2019idees que podem fer durant el proc\u00e9s de resposta, fins a arribar a un acord de la pregunta interessant que volem treballar a l\u2019aula.<img loading=\"lazy\" decoding=\"async\" class=\"alignleft wp-image-12937 \" src=\"https:\/\/agora.xtec.cat\/ceiprieraderibes\/wp-content\/uploads\/usu901\/2023\/03\/1679259421944-150x150.jpg\" alt=\"\" width=\"168\" height=\"168\" \/> <img loading=\"lazy\" decoding=\"async\" class=\"alignleft wp-image-12938 size-medium\" src=\"https:\/\/agora.xtec.cat\/ceiprieraderibes\/wp-content\/uploads\/usu901\/2023\/03\/1679259421921-300x169.jpg\" alt=\"\" width=\"300\" height=\"169\" srcset=\"https:\/\/agora.xtec.cat\/ceiprieraderibes\/wp-content\/uploads\/usu901\/2023\/03\/1679259421921-300x169.jpg 300w, https:\/\/agora.xtec.cat\/ceiprieraderibes\/wp-content\/uploads\/usu901\/2023\/03\/1679259421921-1024x576.jpg 1024w, https:\/\/agora.xtec.cat\/ceiprieraderibes\/wp-content\/uploads\/usu901\/2023\/03\/1679259421921-768x432.jpg 768w, https:\/\/agora.xtec.cat\/ceiprieraderibes\/wp-content\/uploads\/usu901\/2023\/03\/1679259421921-1536x864.jpg 1536w, https:\/\/agora.xtec.cat\/ceiprieraderibes\/wp-content\/uploads\/usu901\/2023\/03\/1679259421921-2048x1152.jpg 2048w\" sizes=\"auto, (max-width: 300px) 100vw, 300px\" \/><\/span><\/p>\n<p>&nbsp;<\/p>\n","protected":false},"excerpt":{"rendered":"<p>Despr\u00e9s del Carnaval, la comunitat de Xics fem un seguit de sortides per tal de despertar inquietuds i endinsar-nos en un proc\u00e9s d\u2019indagaci\u00f3.\u00a0<br \/>\nLes sortides plantejades ajuden als Xics a ampliar perspectives i a desenvolupar la comprensi\u00f3 del m\u00f3n que ens envolta. Tamb\u00e9 provoquen la possibilitat&hellip;  <a href=\"https:\/\/agora.xtec.cat\/ceiprieraderibes\/general\/pregunta-interessant-comunitat-de-xics\/\" title=\"Read PREGUNTA INTERESSANT-Comunitat de Xics\">Llegeix m\u00e9s\u00bb<\/a><\/p>\n","protected":false},"author":357,"featured_media":12934,"comment_status":"open","ping_status":"closed","sticky":false,"template":"","format":"standard","meta":{"_bbp_topic_count":0,"_bbp_reply_count":0,"_bbp_total_topic_count":0,"_bbp_total_reply_count":0,"_bbp_voice_count":0,"_bbp_anonymous_reply_count":0,"_bbp_topic_count_hidden":0,"_bbp_reply_count_hidden":0,"_bbp_forum_subforum_count":0,"footnotes":""},"categories":[228,232,233,1,4],"tags":[],"class_list":["post-12915","post","type-post","status-publish","format-standard","has-post-thumbnail","hentry","category-generacio-2017","category-generacio-2018","category-generacio-2019","category-general","category-portada"],"post_mailing_queue_ids":[],"_links":{"self":[{"href":"https:\/\/agora.xtec.cat\/ceiprieraderibes\/wp-json\/wp\/v2\/posts\/12915","targetHints":{"allow":["GET"]}}],"collection":[{"href":"https:\/\/agora.xtec.cat\/ceiprieraderibes\/wp-json\/wp\/v2\/posts"}],"about":[{"href":"https:\/\/agora.xtec.cat\/ceiprieraderibes\/wp-json\/wp\/v2\/types\/post"}],"author":[{"embeddable":true,"href":"https:\/\/agora.xtec.cat\/ceiprieraderibes\/wp-json\/wp\/v2\/users\/357"}],"replies":[{"embeddable":true,"href":"https:\/\/agora.xtec.cat\/ceiprieraderibes\/wp-json\/wp\/v2\/comments?post=12915"}],"version-history":[{"count":3,"href":"https:\/\/agora.xtec.cat\/ceiprieraderibes\/wp-json\/wp\/v2\/posts\/12915\/revisions"}],"predecessor-version":[{"id":12942,"href":"https:\/\/agora.xtec.cat\/ceiprieraderibes\/wp-json\/wp\/v2\/posts\/12915\/revisions\/12942"}],"wp:featuredmedia":[{"embeddable":true,"href":"https:\/\/agora.xtec.cat\/ceiprieraderibes\/wp-json\/wp\/v2\/media\/12934"}],"wp:attachment":[{"href":"https:\/\/agora.xtec.cat\/ceiprieraderibes\/wp-json\/wp\/v2\/media?parent=12915"}],"wp:term":[{"taxonomy":"category","embeddable":true,"href":"https:\/\/agora.xtec.cat\/ceiprieraderibes\/wp-json\/wp\/v2\/categories?post=12915"},{"taxonomy":"post_tag","embeddable":true,"href":"https:\/\/agora.xtec.cat\/ceiprieraderibes\/wp-json\/wp\/v2\/tags?post=12915"}],"curies":[{"name":"wp","href":"https:\/\/api.w.org\/{rel}","templated":true}]}}