{"id":12876,"date":"2023-03-15T14:00:29","date_gmt":"2023-03-15T13:00:29","guid":{"rendered":"https:\/\/agora.xtec.cat\/ceiprieraderibes\/?p=12876"},"modified":"2023-03-15T14:00:48","modified_gmt":"2023-03-15T13:00:48","slug":"cada-dia-es-una-disbauxa-comunitat-de-petits","status":"publish","type":"post","link":"https:\/\/agora.xtec.cat\/ceiprieraderibes\/general\/cada-dia-es-una-disbauxa-comunitat-de-petits\/","title":{"rendered":"CADA DIA \u00c9S UNA DISBAUXA- Comunitat de Petits"},"content":{"rendered":"<p><span style=\"font-weight: 400;\">Durant la setmana de Carnaval, la disbauxa i la festa envolten les activitats quotidianes de l\u2019escola, per\u00f2 tamb\u00e9 \u00e9s el moment de calcular, dissenyar, assajar, retallar, investigar&#8230;<\/span><\/p>\n<p><span style=\"font-weight: 400;\"><img loading=\"lazy\" decoding=\"async\" class=\"wp-image-12878 alignleft\" src=\"https:\/\/agora.xtec.cat\/ceiprieraderibes\/wp-content\/uploads\/usu901\/2023\/03\/WhatsApp-Image-2023-03-06-at-15.18.04.jpeg\" alt=\"\" width=\"297\" height=\"222\" srcset=\"https:\/\/agora.xtec.cat\/ceiprieraderibes\/wp-content\/uploads\/usu901\/2023\/03\/WhatsApp-Image-2023-03-06-at-15.18.04.jpeg 2048w, https:\/\/agora.xtec.cat\/ceiprieraderibes\/wp-content\/uploads\/usu901\/2023\/03\/WhatsApp-Image-2023-03-06-at-15.18.04-300x224.jpeg 300w, https:\/\/agora.xtec.cat\/ceiprieraderibes\/wp-content\/uploads\/usu901\/2023\/03\/WhatsApp-Image-2023-03-06-at-15.18.04-1024x766.jpeg 1024w, https:\/\/agora.xtec.cat\/ceiprieraderibes\/wp-content\/uploads\/usu901\/2023\/03\/WhatsApp-Image-2023-03-06-at-15.18.04-768x575.jpeg 768w, https:\/\/agora.xtec.cat\/ceiprieraderibes\/wp-content\/uploads\/usu901\/2023\/03\/WhatsApp-Image-2023-03-06-at-15.18.04-1536x1149.jpeg 1536w, https:\/\/agora.xtec.cat\/ceiprieraderibes\/wp-content\/uploads\/usu901\/2023\/03\/WhatsApp-Image-2023-03-06-at-15.18.04-200x150.jpeg 200w\" sizes=\"auto, (max-width: 297px) 100vw, 297px\" \/><span style=\"font-family: inherit; font-size: 1em;\">Aquest any el tema general eren els Jocs Ol\u00edmpics. L\u2019alumnat de la Comunitat de Petits hem investigat d\u2019on provenen els jocs i amb tota la informaci\u00f3 recollida, hem elaborat un mapa conceptual.<\/span><\/span><\/p>\n<p><span style=\"font-weight: 400;\">Un cop escollida la tem\u00e0tica ens toca posar-nos d\u2019acord i decidir quina ser\u00e0 la nostra disfressa. Aix\u00f2 s\u00ed, tenint en compte els criteris que han sortit a les aules.<\/span><\/p>\n<p><span style=\"font-weight: 400;\">Proposen:<\/span><i><span style=\"font-weight: 400;\"> no utilitzar pl\u00e0stic perqu\u00e8 \u00e9s molt contaminant, pensar en una disfressa que puguem ser el m\u00e0xim d\u2019aut\u00f2noms possible, que sigui c\u00f2moda de portar&#8230;<\/span><\/i><\/p>\n<p><span style=\"font-weight: 400;\">Decidim disfressar-nos de <\/span><b>Skateboards<\/b> <span style=\"font-weight: 400;\">i<\/span> <b>d\u2019Aixecadors i Aixecadores de peses.<\/b><\/p>\n<h3><b>No tot \u00e9s el disseny!!!<\/b><\/h3>\n<p><span style=\"font-weight: 400;\">Calculem quin pes real tenen les peses que aixequen els i les esportistes de veritat.\u00a0<\/span><\/p>\n<p><img loading=\"lazy\" decoding=\"async\" class=\"alignleft wp-image-12880\" src=\"https:\/\/agora.xtec.cat\/ceiprieraderibes\/wp-content\/uploads\/usu901\/2023\/03\/WhatsApp-Image-2023-03-06-at-15.18.03-2.jpeg\" alt=\"\" width=\"279\" height=\"410\" srcset=\"https:\/\/agora.xtec.cat\/ceiprieraderibes\/wp-content\/uploads\/usu901\/2023\/03\/WhatsApp-Image-2023-03-06-at-15.18.03-2.jpeg 963w, https:\/\/agora.xtec.cat\/ceiprieraderibes\/wp-content\/uploads\/usu901\/2023\/03\/WhatsApp-Image-2023-03-06-at-15.18.03-2-204x300.jpeg 204w, https:\/\/agora.xtec.cat\/ceiprieraderibes\/wp-content\/uploads\/usu901\/2023\/03\/WhatsApp-Image-2023-03-06-at-15.18.03-2-695x1024.jpeg 695w, https:\/\/agora.xtec.cat\/ceiprieraderibes\/wp-content\/uploads\/usu901\/2023\/03\/WhatsApp-Image-2023-03-06-at-15.18.03-2-768x1131.jpeg 768w\" sizes=\"auto, (max-width: 279px) 100vw, 279px\" \/> <img loading=\"lazy\" decoding=\"async\" class=\"alignleft wp-image-12879\" src=\"https:\/\/agora.xtec.cat\/ceiprieraderibes\/wp-content\/uploads\/usu901\/2023\/03\/WhatsApp-Image-2023-03-06-at-15.18.03-3.jpeg\" alt=\"\" width=\"292\" height=\"303\" srcset=\"https:\/\/agora.xtec.cat\/ceiprieraderibes\/wp-content\/uploads\/usu901\/2023\/03\/WhatsApp-Image-2023-03-06-at-15.18.03-3.jpeg 1138w, https:\/\/agora.xtec.cat\/ceiprieraderibes\/wp-content\/uploads\/usu901\/2023\/03\/WhatsApp-Image-2023-03-06-at-15.18.03-3-289x300.jpeg 289w, https:\/\/agora.xtec.cat\/ceiprieraderibes\/wp-content\/uploads\/usu901\/2023\/03\/WhatsApp-Image-2023-03-06-at-15.18.03-3-987x1024.jpeg 987w, https:\/\/agora.xtec.cat\/ceiprieraderibes\/wp-content\/uploads\/usu901\/2023\/03\/WhatsApp-Image-2023-03-06-at-15.18.03-3-768x797.jpeg 768w\" sizes=\"auto, (max-width: 292px) 100vw, 292px\" \/><\/p>\n<p><span style=\"font-weight: 400;\">Diferents colors, mides i pesos.<\/span><\/p>\n<p><span style=\"font-weight: 400;\">Amb l\u2019ajuda de les fam\u00edlies fem un disseny de com ser\u00e0 la disfressa i quin material utilitzarem.\u00a0<\/span><\/p>\n<p><span style=\"font-weight: 400;\">Qu\u00e8 necessitarem portar? Quina ser\u00e0 la feina d\u2019aquests dies?.<\/span><\/p>\n<p>&nbsp;<\/p>\n<p>&nbsp;<\/p>\n<p>&nbsp;<\/p>\n<p>&nbsp;<\/p>\n<p>&nbsp;<\/p>\n<p>&nbsp;<\/p>\n<p><img loading=\"lazy\" decoding=\"async\" class=\"alignleft wp-image-12881\" src=\"https:\/\/agora.xtec.cat\/ceiprieraderibes\/wp-content\/uploads\/usu901\/2023\/03\/WhatsApp-Image-2023-03-06-at-15.18.03-1.jpeg\" alt=\"\" width=\"285\" height=\"381\" srcset=\"https:\/\/agora.xtec.cat\/ceiprieraderibes\/wp-content\/uploads\/usu901\/2023\/03\/WhatsApp-Image-2023-03-06-at-15.18.03-1.jpeg 1532w, https:\/\/agora.xtec.cat\/ceiprieraderibes\/wp-content\/uploads\/usu901\/2023\/03\/WhatsApp-Image-2023-03-06-at-15.18.03-1-224x300.jpeg 224w, https:\/\/agora.xtec.cat\/ceiprieraderibes\/wp-content\/uploads\/usu901\/2023\/03\/WhatsApp-Image-2023-03-06-at-15.18.03-1-766x1024.jpeg 766w, https:\/\/agora.xtec.cat\/ceiprieraderibes\/wp-content\/uploads\/usu901\/2023\/03\/WhatsApp-Image-2023-03-06-at-15.18.03-1-768x1027.jpeg 768w, https:\/\/agora.xtec.cat\/ceiprieraderibes\/wp-content\/uploads\/usu901\/2023\/03\/WhatsApp-Image-2023-03-06-at-15.18.03-1-1149x1536.jpeg 1149w\" sizes=\"auto, (max-width: 285px) 100vw, 285px\" \/><\/p>\n<p><span style=\"font-weight: 400;\">Programem les tasques a fer: retallar, enganxar, ballar, escoltar diverses m\u00fasiques, estampar, assajar, fer parelles, registrar&#8230;<\/span><\/p>\n<p>&nbsp;<\/p>\n<p>&nbsp;<\/p>\n<p>&nbsp;<\/p>\n<p>&nbsp;<\/p>\n<p>&nbsp;<\/p>\n<p>&nbsp;<\/p>\n<p>&nbsp;<\/p>\n<p>&nbsp;<\/p>\n<p><span style=\"font-weight: 400;\">Passats uns dies, les disfresses van agafant forma i la dansa cada vegada ens surt millor.<\/span><\/p>\n<p><span style=\"font-weight: 400;\">Volem que divendres a la rua i al ball que fem davant tot l\u2019alumnat de l\u2019escola i de totes les nostres fam\u00edlies sigui un dia per recordar i que tot surti el m\u00e0xim de b\u00e9 possible, i perqu\u00e8 aix\u00ed sigui, necessitem que tots i totes hi posem de la nostra part.\u00a0<\/span><\/p>\n<p><span style=\"font-weight: 400;\">Som un grup, i ens hem d\u2019ajudar els uns als altres perqu\u00e8 surti tot molt i molt b\u00e9.<\/span><\/p>\n<p><span style=\"font-weight: 400;\">Finalment arriba el gran dia.\u00a0<\/span><\/p>\n<p><span style=\"font-weight: 400;\">Portem una setmana anant a l\u2019escola amb pijama, vestits d\u2019un\/a personatge angl\u00e8s, caminant tot el dia amb xancletes i mitjons divertits. Arriba divendres a la tarda i ens posem la disfressa que hem pensat, hem dissenyat, hem investigat, hem gaudit&#8230;\u00a0<\/span><\/p>\n<p><span style=\"font-weight: 400;\">Sortim al carrer perqu\u00e8 tothom vegi com hem treballat.\u00a0<\/span><\/p>\n<p><span style=\"font-weight: 400;\">Arriba el gran moment de fer el ball que tant hem practicat.\u00a0<\/span><\/p>\n<h3><b>La pla\u00e7a ens aplaudeix.<\/b><\/h3>\n\n\t\t<style type=\"text\/css\">\n\t\t\t#gallery-1 {\n\t\t\t\tmargin: auto;\n\t\t\t}\n\t\t\t#gallery-1 .gallery-item {\n\t\t\t\tfloat: left;\n\t\t\t\tmargin-top: 10px;\n\t\t\t\ttext-align: center;\n\t\t\t\twidth: 50%;\n\t\t\t}\n\t\t\t#gallery-1 img {\n\t\t\t\tborder: 2px solid #cfcfcf;\n\t\t\t}\n\t\t\t#gallery-1 .gallery-caption {\n\t\t\t\tmargin-left: 0;\n\t\t\t}\n\t\t\t\/* see gallery_shortcode() in wp-includes\/media.php *\/\n\t\t<\/style>\n\t\t<div id='gallery-1' class='gallery galleryid-12876 gallery-columns-2 gallery-size-large'><dl class='gallery-item'>\n\t\t\t<dt class='gallery-icon landscape'>\n\t\t\t\t<a href='https:\/\/agora.xtec.cat\/ceiprieraderibes\/general\/cada-dia-es-una-disbauxa-comunitat-de-petits\/attachment\/whatsapp-image-2023-03-06-at-15-18-03\/'><img loading=\"lazy\" decoding=\"async\" width=\"1024\" height=\"683\" src=\"https:\/\/agora.xtec.cat\/ceiprieraderibes\/wp-content\/uploads\/usu901\/2023\/03\/WhatsApp-Image-2023-03-06-at-15.18.03-1024x683.jpeg\" class=\"attachment-large size-large\" alt=\"\" srcset=\"https:\/\/agora.xtec.cat\/ceiprieraderibes\/wp-content\/uploads\/usu901\/2023\/03\/WhatsApp-Image-2023-03-06-at-15.18.03-1024x683.jpeg 1024w, https:\/\/agora.xtec.cat\/ceiprieraderibes\/wp-content\/uploads\/usu901\/2023\/03\/WhatsApp-Image-2023-03-06-at-15.18.03-300x200.jpeg 300w, https:\/\/agora.xtec.cat\/ceiprieraderibes\/wp-content\/uploads\/usu901\/2023\/03\/WhatsApp-Image-2023-03-06-at-15.18.03-768x512.jpeg 768w, https:\/\/agora.xtec.cat\/ceiprieraderibes\/wp-content\/uploads\/usu901\/2023\/03\/WhatsApp-Image-2023-03-06-at-15.18.03-1536x1024.jpeg 1536w, https:\/\/agora.xtec.cat\/ceiprieraderibes\/wp-content\/uploads\/usu901\/2023\/03\/WhatsApp-Image-2023-03-06-at-15.18.03.jpeg 1600w\" sizes=\"auto, (max-width: 1024px) 100vw, 1024px\" \/><\/a>\n\t\t\t<\/dt><\/dl><dl class='gallery-item'>\n\t\t\t<dt class='gallery-icon landscape'>\n\t\t\t\t<a href='https:\/\/agora.xtec.cat\/ceiprieraderibes\/general\/cada-dia-es-una-disbauxa-comunitat-de-petits\/attachment\/whatsapp-image-2023-03-06-at-15-18-04-1\/'><img loading=\"lazy\" decoding=\"async\" width=\"1024\" height=\"683\" src=\"https:\/\/agora.xtec.cat\/ceiprieraderibes\/wp-content\/uploads\/usu901\/2023\/03\/WhatsApp-Image-2023-03-06-at-15.18.04-1-1024x683.jpeg\" class=\"attachment-large size-large\" alt=\"\" srcset=\"https:\/\/agora.xtec.cat\/ceiprieraderibes\/wp-content\/uploads\/usu901\/2023\/03\/WhatsApp-Image-2023-03-06-at-15.18.04-1-1024x683.jpeg 1024w, https:\/\/agora.xtec.cat\/ceiprieraderibes\/wp-content\/uploads\/usu901\/2023\/03\/WhatsApp-Image-2023-03-06-at-15.18.04-1-300x200.jpeg 300w, https:\/\/agora.xtec.cat\/ceiprieraderibes\/wp-content\/uploads\/usu901\/2023\/03\/WhatsApp-Image-2023-03-06-at-15.18.04-1-768x512.jpeg 768w, https:\/\/agora.xtec.cat\/ceiprieraderibes\/wp-content\/uploads\/usu901\/2023\/03\/WhatsApp-Image-2023-03-06-at-15.18.04-1-1536x1024.jpeg 1536w, https:\/\/agora.xtec.cat\/ceiprieraderibes\/wp-content\/uploads\/usu901\/2023\/03\/WhatsApp-Image-2023-03-06-at-15.18.04-1.jpeg 1600w\" sizes=\"auto, (max-width: 1024px) 100vw, 1024px\" \/><\/a>\n\t\t\t<\/dt><\/dl><br style=\"clear: both\" \/>\n\t\t<\/div>\n\n","protected":false},"excerpt":{"rendered":"<p>Durant la setmana de Carnaval, la disbauxa i la festa envolten les activitats quotidianes de l\u2019escola, per\u00f2 tamb\u00e9 \u00e9s el moment de calcular, dissenyar, assajar, retallar, investigar&#8230;<br \/>\nAquest any el tema general eren els Jocs Ol\u00edmpics. L\u2019alumnat de la Comunitat de Petits hem investigat d\u2019on provenen&hellip;  <a href=\"https:\/\/agora.xtec.cat\/ceiprieraderibes\/general\/cada-dia-es-una-disbauxa-comunitat-de-petits\/\" title=\"Read CADA DIA \u00c9S UNA DISBAUXA- Comunitat de Petits\">Llegeix m\u00e9s\u00bb<\/a><\/p>\n","protected":false},"author":175,"featured_media":12877,"comment_status":"open","ping_status":"closed","sticky":false,"template":"","format":"standard","meta":{"_bbp_topic_count":0,"_bbp_reply_count":0,"_bbp_total_topic_count":0,"_bbp_total_reply_count":0,"_bbp_voice_count":0,"_bbp_anonymous_reply_count":0,"_bbp_topic_count_hidden":0,"_bbp_reply_count_hidden":0,"_bbp_forum_subforum_count":0,"footnotes":""},"categories":[196,201,1,4],"tags":[],"class_list":["post-12876","post","type-post","status-publish","format-standard","has-post-thumbnail","hentry","category-generacio-2015","category-generacio-2016","category-general","category-portada"],"post_mailing_queue_ids":[],"_links":{"self":[{"href":"https:\/\/agora.xtec.cat\/ceiprieraderibes\/wp-json\/wp\/v2\/posts\/12876","targetHints":{"allow":["GET"]}}],"collection":[{"href":"https:\/\/agora.xtec.cat\/ceiprieraderibes\/wp-json\/wp\/v2\/posts"}],"about":[{"href":"https:\/\/agora.xtec.cat\/ceiprieraderibes\/wp-json\/wp\/v2\/types\/post"}],"author":[{"embeddable":true,"href":"https:\/\/agora.xtec.cat\/ceiprieraderibes\/wp-json\/wp\/v2\/users\/175"}],"replies":[{"embeddable":true,"href":"https:\/\/agora.xtec.cat\/ceiprieraderibes\/wp-json\/wp\/v2\/comments?post=12876"}],"version-history":[{"count":3,"href":"https:\/\/agora.xtec.cat\/ceiprieraderibes\/wp-json\/wp\/v2\/posts\/12876\/revisions"}],"predecessor-version":[{"id":12895,"href":"https:\/\/agora.xtec.cat\/ceiprieraderibes\/wp-json\/wp\/v2\/posts\/12876\/revisions\/12895"}],"wp:featuredmedia":[{"embeddable":true,"href":"https:\/\/agora.xtec.cat\/ceiprieraderibes\/wp-json\/wp\/v2\/media\/12877"}],"wp:attachment":[{"href":"https:\/\/agora.xtec.cat\/ceiprieraderibes\/wp-json\/wp\/v2\/media?parent=12876"}],"wp:term":[{"taxonomy":"category","embeddable":true,"href":"https:\/\/agora.xtec.cat\/ceiprieraderibes\/wp-json\/wp\/v2\/categories?post=12876"},{"taxonomy":"post_tag","embeddable":true,"href":"https:\/\/agora.xtec.cat\/ceiprieraderibes\/wp-json\/wp\/v2\/tags?post=12876"}],"curies":[{"name":"wp","href":"https:\/\/api.w.org\/{rel}","templated":true}]}}