{"id":12840,"date":"2023-01-31T16:01:00","date_gmt":"2023-01-31T15:01:00","guid":{"rendered":"https:\/\/agora.xtec.cat\/ceiprieraderibes\/?p=12840"},"modified":"2023-05-01T22:45:35","modified_gmt":"2023-05-01T20:45:35","slug":"generar-i-remoure","status":"publish","type":"post","link":"https:\/\/agora.xtec.cat\/ceiprieraderibes\/general\/generar-i-remoure\/","title":{"rendered":"GENERAR I REMOURE- Comunitat de Mitjans"},"content":{"rendered":"<p><span style=\"font-weight: 400;\">Cada cop m\u00e9s des de la ci\u00e8ncia i les institucions avalen aprenentatges significatius, actius,\u00a0 que impliquin la interconnexi\u00f3 de sabers per tal de donar resposta a una inquietud o un problema real. <\/span><b>\u201cGenerar i remoure\u201d<\/b><span style=\"font-weight: 400;\"> \u00e9s una provocaci\u00f3 invisible per a trav\u00e9s de viv\u00e8ncies reals,\u00a0 despertar sensibilitat en la curiositat a trav\u00e9s de preguntes.\u00a0<\/span><\/p>\n<p><span style=\"font-weight: 400;\">Per fer-nos bones preguntes ens cal sortir i descobrir contextos diferents del que estem acostumats perqu\u00e8 s\u00f3n oportunitats per generar nous interrogants i remoure algunes inquietuds que tenim. Aquests nous interrogants parteixen d\u2019un context o problema real i que impliquen la interconnexi\u00f3 de sabers per tal de donar-los resposta. Per tant, el <\/span><b>\u201cgenerar i remoure\u201d<\/b><span style=\"font-weight: 400;\"> no \u00e9s m\u00e9s que una<\/span><a href=\"https:\/\/agora.xtec.cat\/ceiprieraderibes\/wp-content\/uploads\/usu901\/2023\/01\/IMG_20230112_112540-scaled.jpg\"><img loading=\"lazy\" decoding=\"async\" class=\"size-medium wp-image-12842 aligncenter\" src=\"https:\/\/agora.xtec.cat\/ceiprieraderibes\/wp-content\/uploads\/usu901\/2023\/01\/IMG_20230112_112540-300x225.jpg\" alt=\"\" width=\"300\" height=\"225\" srcset=\"https:\/\/agora.xtec.cat\/ceiprieraderibes\/wp-content\/uploads\/usu901\/2023\/01\/IMG_20230112_112540-300x225.jpg 300w, https:\/\/agora.xtec.cat\/ceiprieraderibes\/wp-content\/uploads\/usu901\/2023\/01\/IMG_20230112_112540-1024x769.jpg 1024w, https:\/\/agora.xtec.cat\/ceiprieraderibes\/wp-content\/uploads\/usu901\/2023\/01\/IMG_20230112_112540-768x577.jpg 768w, https:\/\/agora.xtec.cat\/ceiprieraderibes\/wp-content\/uploads\/usu901\/2023\/01\/IMG_20230112_112540-1536x1154.jpg 1536w, https:\/\/agora.xtec.cat\/ceiprieraderibes\/wp-content\/uploads\/usu901\/2023\/01\/IMG_20230112_112540-2048x1538.jpg 2048w, https:\/\/agora.xtec.cat\/ceiprieraderibes\/wp-content\/uploads\/usu901\/2023\/01\/IMG_20230112_112540-200x150.jpg 200w\" sizes=\"auto, (max-width: 300px) 100vw, 300px\" \/><\/a><\/p>\n<p><span style=\"font-weight: 400;\">provocaci\u00f3 que a partir de viv\u00e8ncies pret\u00e9n despertar curiositats i motivaci\u00f3 a formular-nos noves q\u00fcestions a resoldre.\u00a0<\/span><\/p>\n<p><span style=\"font-weight: 400;\">Per aquest motiu, obrim aquest nou trimestre amb noves propostes de sortides i aix\u00ed poder triar una bona pregunta interessant per investigarem al llarg del curs. Des de la <\/span><b>Comunitat de Mitjans,<\/b><span style=\"font-weight: 400;\"> hem fet diferents sortides de les quals ens han sortit algunes preguntes a investigar.\u00a0<\/span><\/p>\n<p><span style=\"font-weight: 400;\">La primera sortida va ser una excursi\u00f3 pels Camins de Ribes on vam fer una ruta circular per la riera i camins amb parades a llocs tan emblem\u00e0tics com al Castell de Ribes, la Masieta o Can Zidro, on la Gemma ens va poder explicar algunes curiositats d\u2019aquests. En aquest recorregut vam aprofitar per observar el nostre entorn proper i comprendre\u2019l una mica m\u00e9s. Ens van sortir preguntes tan interessants com \u201c<\/span><b>per qu\u00e8 el pl\u00e0stic contamina i on va a parar?<\/b><span style=\"font-weight: 400;\">\u201d, \u201c<\/span><b>per qu\u00e8 hi ha parets de pedra seca al carrer de les parets fondes?<\/b><span style=\"font-weight: 400;\">\u201d o \u201c<\/span><b>per qu\u00e8 hi ta tantes vinyes a Ribes?<\/b><span style=\"font-weight: 400;\">\u201d. Tamb\u00e9 ens vam trobar una cosa estranya d\u2019un insecte, com una pell transparent i ens vam preguntar \u201c<\/span><b>qu\u00e8 era all\u00f2<\/b><span style=\"font-weight: 400;\">\u201d i \u201c<\/span><b>com se l\u2019havien pogut menjar sense trencar la pell<\/b><span style=\"font-weight: 400;\">\u201d. Tamb\u00e9 el caminar plegats sortien converses que derivaven a preguntes com \u201c<\/span><b>per qu\u00e8 veiem el m\u00f3n amb colors i qui s\u2019ha inventat els seus noms?<\/b><span style=\"font-weight: 400;\">\u201d<\/span><\/p>\n<p><a href=\"https:\/\/agora.xtec.cat\/ceiprieraderibes\/wp-content\/uploads\/usu901\/2023\/01\/IMG_20230110_111927-scaled.jpg\"><img loading=\"lazy\" decoding=\"async\" class=\"size-medium wp-image-12841 aligncenter\" src=\"https:\/\/agora.xtec.cat\/ceiprieraderibes\/wp-content\/uploads\/usu901\/2023\/01\/IMG_20230110_111927-300x225.jpg\" alt=\"\" width=\"300\" height=\"225\" srcset=\"https:\/\/agora.xtec.cat\/ceiprieraderibes\/wp-content\/uploads\/usu901\/2023\/01\/IMG_20230110_111927-300x225.jpg 300w, https:\/\/agora.xtec.cat\/ceiprieraderibes\/wp-content\/uploads\/usu901\/2023\/01\/IMG_20230110_111927-1024x769.jpg 1024w, https:\/\/agora.xtec.cat\/ceiprieraderibes\/wp-content\/uploads\/usu901\/2023\/01\/IMG_20230110_111927-768x577.jpg 768w, https:\/\/agora.xtec.cat\/ceiprieraderibes\/wp-content\/uploads\/usu901\/2023\/01\/IMG_20230110_111927-1536x1154.jpg 1536w, https:\/\/agora.xtec.cat\/ceiprieraderibes\/wp-content\/uploads\/usu901\/2023\/01\/IMG_20230110_111927-2048x1538.jpg 2048w, https:\/\/agora.xtec.cat\/ceiprieraderibes\/wp-content\/uploads\/usu901\/2023\/01\/IMG_20230110_111927-200x150.jpg 200w\" sizes=\"auto, (max-width: 300px) 100vw, 300px\" \/><\/a><\/p>\n<p><span style=\"font-weight: 400;\">La segona sortida que vam fer, la van poder triar els propis nens i nenes d\u2019entre tres propostes. Despr\u00e9s de llegir de qu\u00e8 tractava cadascuna, cada infant va escriure un text argument en quina li agradaria anar i vam fer tres grups en funci\u00f3 dels seus interessos.\u00a0<\/span><\/p>\n<p><span style=\"font-weight: 400;\">La primera sortida va ser a les coves de l\u2019Espluga de Francol\u00ed. En aquesta excursi\u00f3 ens vam endinsar a la Prehist\u00f2ria i vam poder entrar comprendre una mica com vivien els nostres avantpassats a les coves com a n\u00f2mades i despr\u00e9s com a sedentaris. Tamb\u00e9 vam poder dibuixar alguna escena de ca\u00e7a tal i com ho feien antigament. Arrel d\u2019aquesta sortida, ens van sorgir preguntes com \u201c<\/span><b>si no hagu\u00e9s caigut el meteorit, encara hi hauria dinosaures?\u201d <\/b><span style=\"font-weight: 400;\">o b\u00e9 \u201c<\/span><b>per que les persones caminem?\u201d <\/b><span style=\"font-weight: 400;\">i \u201c<\/span><b>per<\/b><\/p>\n<p><b>que les persones pintem i fem obres d\u2019art?\u201d.<\/b><\/p>\n<p>&nbsp;<\/p>\n<p><span style=\"font-weight: 400;\">\u00a0<\/span><a href=\"https:\/\/agora.xtec.cat\/ceiprieraderibes\/wp-content\/uploads\/usu901\/2023\/01\/1673457030444-scaled.jpg\"><img loading=\"lazy\" decoding=\"async\" class=\"size-medium wp-image-12845 aligncenter\" src=\"https:\/\/agora.xtec.cat\/ceiprieraderibes\/wp-content\/uploads\/usu901\/2023\/01\/1673457030444-300x224.jpg\" alt=\"\" width=\"300\" height=\"224\" srcset=\"https:\/\/agora.xtec.cat\/ceiprieraderibes\/wp-content\/uploads\/usu901\/2023\/01\/1673457030444-300x224.jpg 300w, https:\/\/agora.xtec.cat\/ceiprieraderibes\/wp-content\/uploads\/usu901\/2023\/01\/1673457030444-1024x766.jpg 1024w, https:\/\/agora.xtec.cat\/ceiprieraderibes\/wp-content\/uploads\/usu901\/2023\/01\/1673457030444-768x574.jpg 768w, https:\/\/agora.xtec.cat\/ceiprieraderibes\/wp-content\/uploads\/usu901\/2023\/01\/1673457030444-1536x1149.jpg 1536w, https:\/\/agora.xtec.cat\/ceiprieraderibes\/wp-content\/uploads\/usu901\/2023\/01\/1673457030444-2048x1532.jpg 2048w, https:\/\/agora.xtec.cat\/ceiprieraderibes\/wp-content\/uploads\/usu901\/2023\/01\/1673457030444-200x150.jpg 200w\" sizes=\"auto, (max-width: 300px) 100vw, 300px\" \/><\/a><\/p>\n<p><span style=\"font-weight: 400;\">La segona sortida que van poder triar va ser el Cosmocaixa, on vam poder visitar el museu i vam poder fer dos tallers: un sobre matem\u00e0tiques manipulatives i l\u2019altre sobre un viatge per la l\u00ednia del temps. D\u2019aquesta visita vam poder extreure preguntes com \u201c<\/span><b>com s\u2019ha inventat el Wifi i com ha canviat la tecnologia al llarg del temps?<\/b><span style=\"font-weight: 400;\">\u201d i \u201c <\/span><b>qu\u00e8 \u00e9s el n\u00famero Pi i per qu\u00e8 serveix?<\/b><span style=\"font-weight: 400;\">\u201d. <\/span><\/p>\n<p><a href=\"https:\/\/agora.xtec.cat\/ceiprieraderibes\/wp-content\/uploads\/usu901\/2023\/01\/IMG_20230112_134533-scaled.jpg\"><img loading=\"lazy\" decoding=\"async\" class=\"size-medium wp-image-12843 aligncenter\" src=\"https:\/\/agora.xtec.cat\/ceiprieraderibes\/wp-content\/uploads\/usu901\/2023\/01\/IMG_20230112_134533-225x300.jpg\" alt=\"\" width=\"225\" height=\"300\" srcset=\"https:\/\/agora.xtec.cat\/ceiprieraderibes\/wp-content\/uploads\/usu901\/2023\/01\/IMG_20230112_134533-225x300.jpg 225w, https:\/\/agora.xtec.cat\/ceiprieraderibes\/wp-content\/uploads\/usu901\/2023\/01\/IMG_20230112_134533-769x1024.jpg 769w, https:\/\/agora.xtec.cat\/ceiprieraderibes\/wp-content\/uploads\/usu901\/2023\/01\/IMG_20230112_134533-768x1022.jpg 768w, https:\/\/agora.xtec.cat\/ceiprieraderibes\/wp-content\/uploads\/usu901\/2023\/01\/IMG_20230112_134533-1154x1536.jpg 1154w, https:\/\/agora.xtec.cat\/ceiprieraderibes\/wp-content\/uploads\/usu901\/2023\/01\/IMG_20230112_134533-1538x2048.jpg 1538w, https:\/\/agora.xtec.cat\/ceiprieraderibes\/wp-content\/uploads\/usu901\/2023\/01\/IMG_20230112_134533-scaled.jpg 1923w\" sizes=\"auto, (max-width: 225px) 100vw, 225px\" \/><\/a><\/p>\n<p><span style=\"font-weight: 400;\">Finalment, tamb\u00e9 vam poder anar d\u2019excursi\u00f3 al delta de Llobregat on vam poder fer un itinerari i vam poder observar l\u2019entorn del delta i la seva flora i fauna. I aix\u00f2 acompanyats dels avions del Prat! Ens van sortir preguntes com \u201c<\/span><b>Qu\u00e8 s\u00f3n els micropl\u00e0stics?<\/b><span style=\"font-weight: 400;\">\u201d o \u201c<\/span><b>Per qu\u00e8 les serps canvien de pell?\u201d<\/b><span style=\"font-weight: 400;\">.<\/span><\/p>\n<p><a href=\"https:\/\/agora.xtec.cat\/ceiprieraderibes\/wp-content\/uploads\/usu901\/2023\/01\/ghjghjdgjhfghjfghjfghjfg.jpg\"><img loading=\"lazy\" decoding=\"async\" class=\"size-medium wp-image-12846 aligncenter\" src=\"https:\/\/agora.xtec.cat\/ceiprieraderibes\/wp-content\/uploads\/usu901\/2023\/01\/ghjghjdgjhfghjfghjfghjfg-300x155.jpg\" alt=\"\" width=\"300\" height=\"155\" srcset=\"https:\/\/agora.xtec.cat\/ceiprieraderibes\/wp-content\/uploads\/usu901\/2023\/01\/ghjghjdgjhfghjfghjfghjfg-300x155.jpg 300w, https:\/\/agora.xtec.cat\/ceiprieraderibes\/wp-content\/uploads\/usu901\/2023\/01\/ghjghjdgjhfghjfghjfghjfg-1024x531.jpg 1024w, https:\/\/agora.xtec.cat\/ceiprieraderibes\/wp-content\/uploads\/usu901\/2023\/01\/ghjghjdgjhfghjfghjfghjfg-768x398.jpg 768w, https:\/\/agora.xtec.cat\/ceiprieraderibes\/wp-content\/uploads\/usu901\/2023\/01\/ghjghjdgjhfghjfghjfghjfg-1536x796.jpg 1536w, https:\/\/agora.xtec.cat\/ceiprieraderibes\/wp-content\/uploads\/usu901\/2023\/01\/ghjghjdgjhfghjfghjfghjfg.jpg 1721w\" sizes=\"auto, (max-width: 300px) 100vw, 300px\" \/><\/a><\/p>\n<p><span style=\"font-weight: 400;\">Per poder tancar aquesta ronda de genera i remoure, vam voler acabar amb una sessi\u00f3 al cine del Parroquial, on vam poder visualitzar la cl\u00e0ssica \u201cTiempos modernos\u201d. Va ser una pel\u00b7l\u00edcula molt diferent de la que estem acostumats i ens va remoure for\u00e7a. Ens van sortir interrogants com \u201c<\/span><b>com es va fer la primera pel\u00b7l\u00edcula?<\/b><span style=\"font-weight: 400;\">\u201d o \u201c<\/span><b>per qu\u00e8 les coses s&#8217;han de pagar amb diners?<\/b><span style=\"font-weight: 400;\">\u201d.<\/span><\/p>\n<p><span style=\"font-weight: 400;\">Despr\u00e9s de totes aquestes experi\u00e8ncies viscudes, un cop a l\u2019aula, vam poder posar-les en com\u00fa i fer una pluja d\u2019idees de preguntes interessants. Amb aquestes vam fer un proc\u00e9s de contrast individual i grupal per poder triar-ne algunes per proposar a tota la Comunitat de Mitjans. Aquestes preguntes, reflexionades i consensuades amb el gran grup seran el punt de partida per investigar i profunditzar un tema, articulant el desenvolupament de diferents saber que fan de l\u2019aprenentatge un motor per a la vida.\u00a0<\/span><\/p>\n<p><a href=\"https:\/\/agora.xtec.cat\/ceiprieraderibes\/wp-content\/uploads\/usu901\/2023\/01\/WhatsApp-Image-2023-01-15-at-20.13.30.jpeg\"><img loading=\"lazy\" decoding=\"async\" class=\"size-medium wp-image-12844 aligncenter\" src=\"https:\/\/agora.xtec.cat\/ceiprieraderibes\/wp-content\/uploads\/usu901\/2023\/01\/WhatsApp-Image-2023-01-15-at-20.13.30-225x300.jpeg\" alt=\"\" width=\"225\" height=\"300\" srcset=\"https:\/\/agora.xtec.cat\/ceiprieraderibes\/wp-content\/uploads\/usu901\/2023\/01\/WhatsApp-Image-2023-01-15-at-20.13.30-225x300.jpeg 225w, https:\/\/agora.xtec.cat\/ceiprieraderibes\/wp-content\/uploads\/usu901\/2023\/01\/WhatsApp-Image-2023-01-15-at-20.13.30-768x1024.jpeg 768w, https:\/\/agora.xtec.cat\/ceiprieraderibes\/wp-content\/uploads\/usu901\/2023\/01\/WhatsApp-Image-2023-01-15-at-20.13.30-1152x1536.jpeg 1152w, https:\/\/agora.xtec.cat\/ceiprieraderibes\/wp-content\/uploads\/usu901\/2023\/01\/WhatsApp-Image-2023-01-15-at-20.13.30.jpeg 1536w\" sizes=\"auto, (max-width: 225px) 100vw, 225px\" \/><\/a><\/p>\n<p><span style=\"font-weight: 400;\">\u00c9s aqu\u00ed on volem posar l\u2019accent, en crear un entorn educatiu que t\u00e9 en compte la m\u00e0gia de\u00a0 l\u2019aprenentatge, aquell instant on et trobes amb una experi\u00e8ncia que suscita a connectar amb la curiositat, el voler saber m\u00e9s, el preguntar-te que passa, com si fos un llampec interior que motiva de dintre a fora a voler expandir-te. Amb <\/span><b>aquest generar per poder remoure<\/b><span style=\"font-weight: 400;\"> els infants es fan protagonistes de la investigaci\u00f3 per tal d\u2019aprofundir i generar un proc\u00e9s viu d\u2019aprenentatge. Aquest proc\u00e9s no deixa de banda all\u00f2 que per nosaltres \u00e9s essencial, despertar curiositat davant la vida i des d\u2019aqu\u00ed aprendre a desplegar mecanismes per poder donar respostes. Aquesta \u00e9s una qualitat intr\u00ednseca en l\u2019\u00e9sser hum\u00e0 que cal propiciar, afavorint aix\u00ed el desenvolupament de la compet\u00e8ncia d\u2019aprendre a aprendre al llarg de la vida. <\/span><\/p>\n","protected":false},"excerpt":{"rendered":"<p>Cada cop m\u00e9s des de la ci\u00e8ncia i les institucions avalen aprenentatges significatius, actius,\u00a0 que impliquin la interconnexi\u00f3 de sabers per tal de donar resposta a una inquietud o un problema real. \u201cGenerar i remoure\u201d \u00e9s una provocaci\u00f3 invisible per a trav\u00e9s de viv\u00e8ncies reals,\u00a0&hellip;  <a href=\"https:\/\/agora.xtec.cat\/ceiprieraderibes\/general\/generar-i-remoure\/\" title=\"Read GENERAR I REMOURE- Comunitat de Mitjans\">Llegeix m\u00e9s\u00bb<\/a><\/p>\n","protected":false},"author":359,"featured_media":12841,"comment_status":"open","ping_status":"closed","sticky":false,"template":"","format":"standard","meta":{"_bbp_topic_count":0,"_bbp_reply_count":0,"_bbp_total_topic_count":0,"_bbp_total_reply_count":0,"_bbp_voice_count":0,"_bbp_anonymous_reply_count":0,"_bbp_topic_count_hidden":0,"_bbp_reply_count_hidden":0,"_bbp_forum_subforum_count":0,"footnotes":""},"categories":[1,4],"tags":[],"class_list":["post-12840","post","type-post","status-publish","format-standard","has-post-thumbnail","hentry","category-general","category-portada"],"post_mailing_queue_ids":[],"_links":{"self":[{"href":"https:\/\/agora.xtec.cat\/ceiprieraderibes\/wp-json\/wp\/v2\/posts\/12840","targetHints":{"allow":["GET"]}}],"collection":[{"href":"https:\/\/agora.xtec.cat\/ceiprieraderibes\/wp-json\/wp\/v2\/posts"}],"about":[{"href":"https:\/\/agora.xtec.cat\/ceiprieraderibes\/wp-json\/wp\/v2\/types\/post"}],"author":[{"embeddable":true,"href":"https:\/\/agora.xtec.cat\/ceiprieraderibes\/wp-json\/wp\/v2\/users\/359"}],"replies":[{"embeddable":true,"href":"https:\/\/agora.xtec.cat\/ceiprieraderibes\/wp-json\/wp\/v2\/comments?post=12840"}],"version-history":[{"count":2,"href":"https:\/\/agora.xtec.cat\/ceiprieraderibes\/wp-json\/wp\/v2\/posts\/12840\/revisions"}],"predecessor-version":[{"id":12897,"href":"https:\/\/agora.xtec.cat\/ceiprieraderibes\/wp-json\/wp\/v2\/posts\/12840\/revisions\/12897"}],"wp:featuredmedia":[{"embeddable":true,"href":"https:\/\/agora.xtec.cat\/ceiprieraderibes\/wp-json\/wp\/v2\/media\/12841"}],"wp:attachment":[{"href":"https:\/\/agora.xtec.cat\/ceiprieraderibes\/wp-json\/wp\/v2\/media?parent=12840"}],"wp:term":[{"taxonomy":"category","embeddable":true,"href":"https:\/\/agora.xtec.cat\/ceiprieraderibes\/wp-json\/wp\/v2\/categories?post=12840"},{"taxonomy":"post_tag","embeddable":true,"href":"https:\/\/agora.xtec.cat\/ceiprieraderibes\/wp-json\/wp\/v2\/tags?post=12840"}],"curies":[{"name":"wp","href":"https:\/\/api.w.org\/{rel}","templated":true}]}}