{"id":12824,"date":"2023-01-30T12:53:25","date_gmt":"2023-01-30T11:53:25","guid":{"rendered":"https:\/\/agora.xtec.cat\/ceiprieraderibes\/?p=12824"},"modified":"2023-03-15T14:03:02","modified_gmt":"2023-03-15T13:03:02","slug":"el-segon-trimestre-a-lescola-riera-de-ribes-comunitat-de-grans","status":"publish","type":"post","link":"https:\/\/agora.xtec.cat\/ceiprieraderibes\/general\/el-segon-trimestre-a-lescola-riera-de-ribes-comunitat-de-grans\/","title":{"rendered":"EL SEGON TRIMESTRE A L&#8217;ESCOLA RIERA DE RIBES- Comunitat de Grans"},"content":{"rendered":"<p>Comencem l&#8217;any anant al Montgr\u00f2s!!! I ens ho vam passar molt b\u00e9 arribant al cim. \u00c9s tradici\u00f3 pujar al Montgr\u00f2s un cop durant el curs i aquest any ho hem fet al principi del segon trimestre.<\/p>\n<p>A part d&#8217;aix\u00f2 tamb\u00e9 hem comen\u00e7at les preguntes interessants:<br \/>\n&#8211; Revoluci\u00f3 i dret feminista, com ha estat al llarg dels anys?<br \/>\n&#8211; L&#8217;evoluci\u00f3 tecnol\u00f2gica, ens fa m\u00e9s feli\u00e7os?<br \/>\n&#8211; Si Gaud\u00ed hagu\u00e9s dissenyat el nostre pati, com seria?<br \/>\n&#8211; La pol\u00edtica, qu\u00e8 \u00e9s?<\/p>\n<p>I&#8230; Aquest any esa fa Cinema en curs!!! \u00c9s una pregunta qu\u00e8 \u00e9s diu: &#8211; Quins artesans queden a Ribes?<\/p>\n<p>El que es fa a Cinema en Curs \u00e9s un documental (cada any es fa d&#8217;un tema diferent) i aquest any es fa de quins artesans queden a Ribes. Comencem aprenent com es duia a terme antigament. Despr\u00e9s aprenem els plans, editem videos, i fins i tot gravem curts com es feia abans!!!<\/p>\n<p>S&#8217;apropa el Carnaval!!! Cada any els alumnes de l&#8217;escola trien un tema per a la disfressa i preparen un ball per desfilar pel poble. Els professors i professores es disfressen i preparen un ball sorpresa. El tema d&#8217;aquest any s\u00f3n Les Olimp\u00edades!!! Cada comunitat es disfressa de diferents disciplines ol\u00edmpiques.<\/p>\n<p>Per altra banda, els alumnes de Grans ens estem preparant per fer les compet\u00e8ncies b\u00e0siques!!!<\/p>\n<p>Aprofitem per recordar-vos que cada divendres els alumnes de 6\u00e8 venen berenars a la porta de l&#8217;escola per a recaptar diners pel viatge de fi de curs.<\/p>\n<p>En definitiva, hem fet moltes coses aquest curs i encara ens queden moltes m\u00e9s!!!<\/p>\n<p style=\"text-align: justify;\">\u00a0 <img loading=\"lazy\" decoding=\"async\" class=\"alignleft wp-image-12826\" src=\"https:\/\/agora.xtec.cat\/ceiprieraderibes\/wp-content\/uploads\/usu901\/2023\/01\/Grans-2-e1675079358184.jpg\" alt=\"\" width=\"576\" height=\"432\" \/> \u00a0 <img loading=\"lazy\" decoding=\"async\" class=\"alignleft wp-image-12825\" src=\"https:\/\/agora.xtec.cat\/ceiprieraderibes\/wp-content\/uploads\/usu901\/2023\/01\/Grans-2.1-e1675079330330.jpg\" alt=\"\" width=\"323\" height=\"431\" \/><\/p>\n<p>&nbsp;<\/p>\n<p>&nbsp;<\/p>\n<p>&nbsp;<\/p>\n<p>&nbsp;<\/p>\n<p>&nbsp;<\/p>\n<p>&nbsp;<\/p>\n<p>&nbsp;<\/p>\n<p>&nbsp;<\/p>\n<p>&nbsp;<\/p>\n<p>&nbsp;<\/p>\n<p>Alumnat de la classe Jaume G\u00f3mez i Puig &#8211; Grans 2<\/p>\n","protected":false},"excerpt":{"rendered":"<p>Comencem l&#8217;any anant al Montgr\u00f2s!!! I ens ho vam passar molt b\u00e9 arribant al cim. \u00c9s tradici\u00f3 pujar al Montgr\u00f2s un cop durant el curs i aquest any ho hem fet al principi del segon trimestre.<br \/>\nA part d&#8217;aix\u00f2 tamb\u00e9 hem comen\u00e7at les preguntes interessants:<br \/>\n&#8211; Revoluci\u00f3&hellip;  <a href=\"https:\/\/agora.xtec.cat\/ceiprieraderibes\/general\/el-segon-trimestre-a-lescola-riera-de-ribes-comunitat-de-grans\/\" title=\"Read EL SEGON TRIMESTRE A L&#8217;ESCOLA RIERA DE RIBES- Comunitat de Grans\">Llegeix m\u00e9s\u00bb<\/a><\/p>\n","protected":false},"author":175,"featured_media":12826,"comment_status":"open","ping_status":"closed","sticky":false,"template":"","format":"standard","meta":{"_bbp_topic_count":0,"_bbp_reply_count":0,"_bbp_total_topic_count":0,"_bbp_total_reply_count":0,"_bbp_voice_count":0,"_bbp_anonymous_reply_count":0,"_bbp_topic_count_hidden":0,"_bbp_reply_count_hidden":0,"_bbp_forum_subforum_count":0,"footnotes":""},"categories":[48,47,1,4],"tags":[],"class_list":["post-12824","post","type-post","status-publish","format-standard","has-post-thumbnail","hentry","category-generacio-2011","category-generacio-2012","category-general","category-portada"],"post_mailing_queue_ids":[],"_links":{"self":[{"href":"https:\/\/agora.xtec.cat\/ceiprieraderibes\/wp-json\/wp\/v2\/posts\/12824","targetHints":{"allow":["GET"]}}],"collection":[{"href":"https:\/\/agora.xtec.cat\/ceiprieraderibes\/wp-json\/wp\/v2\/posts"}],"about":[{"href":"https:\/\/agora.xtec.cat\/ceiprieraderibes\/wp-json\/wp\/v2\/types\/post"}],"author":[{"embeddable":true,"href":"https:\/\/agora.xtec.cat\/ceiprieraderibes\/wp-json\/wp\/v2\/users\/175"}],"replies":[{"embeddable":true,"href":"https:\/\/agora.xtec.cat\/ceiprieraderibes\/wp-json\/wp\/v2\/comments?post=12824"}],"version-history":[{"count":3,"href":"https:\/\/agora.xtec.cat\/ceiprieraderibes\/wp-json\/wp\/v2\/posts\/12824\/revisions"}],"predecessor-version":[{"id":12898,"href":"https:\/\/agora.xtec.cat\/ceiprieraderibes\/wp-json\/wp\/v2\/posts\/12824\/revisions\/12898"}],"wp:featuredmedia":[{"embeddable":true,"href":"https:\/\/agora.xtec.cat\/ceiprieraderibes\/wp-json\/wp\/v2\/media\/12826"}],"wp:attachment":[{"href":"https:\/\/agora.xtec.cat\/ceiprieraderibes\/wp-json\/wp\/v2\/media?parent=12824"}],"wp:term":[{"taxonomy":"category","embeddable":true,"href":"https:\/\/agora.xtec.cat\/ceiprieraderibes\/wp-json\/wp\/v2\/categories?post=12824"},{"taxonomy":"post_tag","embeddable":true,"href":"https:\/\/agora.xtec.cat\/ceiprieraderibes\/wp-json\/wp\/v2\/tags?post=12824"}],"curies":[{"name":"wp","href":"https:\/\/api.w.org\/{rel}","templated":true}]}}