{"id":12805,"date":"2023-01-25T17:25:01","date_gmt":"2023-01-25T16:25:01","guid":{"rendered":"https:\/\/agora.xtec.cat\/ceiprieraderibes\/?p=12805"},"modified":"2023-03-15T14:03:48","modified_gmt":"2023-03-15T13:03:48","slug":"calendari-dadvent-comunitat-de-xics","status":"publish","type":"post","link":"https:\/\/agora.xtec.cat\/ceiprieraderibes\/general\/calendari-dadvent-comunitat-de-xics\/","title":{"rendered":"CALENDARI D&#8217;ADVENT-Comunitat de Xics"},"content":{"rendered":"<p><span style=\"font-weight: 400;\">Durant el mes de desembre, en l\u2019escola vam dur a terme una indagaci\u00f3 vinculada al calendari d\u2019advent. Cada grup classe va haver de confegir un regal per donar a una altra classe de l\u2019escola.\u00a0<\/span><\/p>\n<p><b>QU\u00c8 ELS HI PODEM REGALAR?<\/b><\/p>\n<p><span style=\"font-weight: 400;\">Per agafar idees sobre qu\u00e8 regalar, cada grup va anar a investigar a les aules dels nens i nenes a qui havien de fer el regal. Per\u00f2 shhht, era un secret! Aix\u00ed que vam fer una fila, ens vam posar les ulleres m\u00e0giques d\u2019espia que ens feien ser invisibles i vam anar fins a l\u2019aula amb els peus de puntetes per no fer soroll!<\/span><\/p>\n<p><img loading=\"lazy\" decoding=\"async\" class=\"aligncenter wp-image-12806 \" src=\"https:\/\/agora.xtec.cat\/ceiprieraderibes\/wp-content\/uploads\/usu901\/2023\/01\/1-1-768x1024.jpg\" alt=\"\" width=\"444\" height=\"592\" srcset=\"https:\/\/agora.xtec.cat\/ceiprieraderibes\/wp-content\/uploads\/usu901\/2023\/01\/1-1-768x1024.jpg 768w, https:\/\/agora.xtec.cat\/ceiprieraderibes\/wp-content\/uploads\/usu901\/2023\/01\/1-1-225x300.jpg 225w, https:\/\/agora.xtec.cat\/ceiprieraderibes\/wp-content\/uploads\/usu901\/2023\/01\/1-1-1152x1536.jpg 1152w, https:\/\/agora.xtec.cat\/ceiprieraderibes\/wp-content\/uploads\/usu901\/2023\/01\/1-1-1536x2048.jpg 1536w, https:\/\/agora.xtec.cat\/ceiprieraderibes\/wp-content\/uploads\/usu901\/2023\/01\/1-1-scaled.jpg 1920w\" sizes=\"auto, (max-width: 444px) 100vw, 444px\" \/><br \/>\nCada grup va haver de fer una pluja d\u2019idees tenint en compte que el regal havia de complir unes consignes:<br \/>\n1.Ha de poder servir per a tota la classe i\/o comunitat<br \/>\n2.Ha de ser resistent<br \/>\n3.Ha de ser assequible econ\u00f2micament<br \/>\n4.Ha d\u2019estar fet per nosaltres<\/p>\n<p style=\"text-align: justify;\">Les classes de Xics van proposar els seg\u00fcents regals:<br \/>\nXics 1 &#8211; Un teatre per aprendre angl\u00e8s<br \/>\nXics 2 &#8211; Un plaf\u00f3 per apuntar les coses importants<br \/>\nXics 3 &#8211; Un tipi de lectura<br \/>\nXics 4 &#8211; Un rac\u00f3 de lectura amb estores i coixins<br \/>\nXics 5 &#8211; Una prestatgeria amb un espai pel llibre de la setmana<br \/>\nXics 6 &#8211; Un trivial de la Riera<br \/>\nXics 7 &#8211; Un joc de multiplicacions<\/p>\n<p style=\"text-align: justify;\">Un cop cada classe va tenir clar quin regal faria, vam passar al seg\u00fcent pas\u2026<br \/>\n<strong>COM SER\u00c0 EL DISSENY?<\/strong><br \/>\nEn una de les classes de Xics vam elaborar un teatre de titelles per tal que els nens i nenes poguessin fer-hi representacions en angl\u00e8s per treballar l\u2019expressi\u00f3 oral. Abans de fer-lo, vam parlar sobre com vol\u00edem que fos i despr\u00e9s cadasc\u00fa va fer el seu disseny en funci\u00f3 de com se l\u2019imaginava.<\/p>\n<p><img loading=\"lazy\" decoding=\"async\" class=\"alignright wp-image-12807 \" src=\"https:\/\/agora.xtec.cat\/ceiprieraderibes\/wp-content\/uploads\/usu901\/2023\/01\/2-150x150.jpg\" alt=\"\" width=\"167\" height=\"167\" \/><\/p>\n<p><img loading=\"lazy\" decoding=\"async\" class=\"alignleft wp-image-12808 \" src=\"https:\/\/agora.xtec.cat\/ceiprieraderibes\/wp-content\/uploads\/usu901\/2023\/01\/4-150x150.jpg\" alt=\"\" width=\"162\" height=\"162\" \/><\/p>\n<p><img loading=\"lazy\" decoding=\"async\" class=\"alignleft wp-image-12809 \" src=\"https:\/\/agora.xtec.cat\/ceiprieraderibes\/wp-content\/uploads\/usu901\/2023\/01\/5-150x150.jpg\" alt=\"\" width=\"168\" height=\"168\" \/><\/p>\n<p><img loading=\"lazy\" decoding=\"async\" class=\"alignright wp-image-12810 \" src=\"https:\/\/agora.xtec.cat\/ceiprieraderibes\/wp-content\/uploads\/usu901\/2023\/01\/3-150x150.jpg\" alt=\"\" width=\"163\" height=\"163\" \/><\/p>\n<p>&nbsp;<\/p>\n<p>&nbsp;<\/p>\n<p>&nbsp;<\/p>\n<p>&nbsp;<\/p>\n<p>&nbsp;<\/p>\n<p>Despr\u00e9s de veure tots els dissenys, d\u2019acordar conjuntament com seria i quin material necessitar\u00edem, vam escriure una carta als conserges de l\u2019escola demanant-los la seva ajuda. I \u00e9s que l\u2019\u00c0lex i el Marc s\u00f3n uns \u201cmanetes\u201d i sempre tenen solucions per tot! Tamb\u00e9 en vam escriure una altra per als nens i nenes de la comunitat de Grans perqu\u00e8 vol\u00edem saber com es deia \u201cteatre de Ribes\u201d en angl\u00e8s.<\/p>\n<p style=\"text-align: justify;\">A partir de l\u2019elaboraci\u00f3 d\u2019aquest regal ens vam endinsar en conceptes matem\u00e0tics com la geometria. Vam aprendre els noms d\u2019algunes formes geom\u00e8triques mentre observ\u00e0vem les difer\u00e8ncies entre unes i altres.<\/p>\n<p style=\"text-align: center;\"><img loading=\"lazy\" decoding=\"async\" class=\"aligncenter size-large wp-image-12811\" src=\"https:\/\/agora.xtec.cat\/ceiprieraderibes\/wp-content\/uploads\/usu901\/2023\/01\/9-1024x768.jpg\" alt=\"\" width=\"1024\" height=\"768\" srcset=\"https:\/\/agora.xtec.cat\/ceiprieraderibes\/wp-content\/uploads\/usu901\/2023\/01\/9-1024x768.jpg 1024w, https:\/\/agora.xtec.cat\/ceiprieraderibes\/wp-content\/uploads\/usu901\/2023\/01\/9-300x225.jpg 300w, https:\/\/agora.xtec.cat\/ceiprieraderibes\/wp-content\/uploads\/usu901\/2023\/01\/9-768x576.jpg 768w, https:\/\/agora.xtec.cat\/ceiprieraderibes\/wp-content\/uploads\/usu901\/2023\/01\/9-1536x1152.jpg 1536w, https:\/\/agora.xtec.cat\/ceiprieraderibes\/wp-content\/uploads\/usu901\/2023\/01\/9-2048x1536.jpg 2048w, https:\/\/agora.xtec.cat\/ceiprieraderibes\/wp-content\/uploads\/usu901\/2023\/01\/9-200x150.jpg 200w\" sizes=\"auto, (max-width: 1024px) 100vw, 1024px\" \/><br \/>\n&#8220;El teatre t\u00e9 la forma d&#8217;un rectangle, perqu\u00e8 si fos un quadrat<br \/>\nseria com si ho part\u00edssim per la meitat\u2026&#8221;<\/p>\n<p><span style=\"font-weight: 400;\">Tamb\u00e9 vam haver de mesurar diferents parts de l\u2019estructura per poder saber de quina mida hauria de ser el plaf\u00f3 del davant i per saber quanta tela necessitar\u00edem per a les cortines. Primer de tot vam utilitzar els PAMS com a mesura convencional.\u00a0<\/span><\/p>\n<p><img loading=\"lazy\" decoding=\"async\" class=\"aligncenter size-large wp-image-12812\" src=\"https:\/\/agora.xtec.cat\/ceiprieraderibes\/wp-content\/uploads\/usu901\/2023\/01\/6-1024x768.jpg\" alt=\"\" width=\"1024\" height=\"768\" srcset=\"https:\/\/agora.xtec.cat\/ceiprieraderibes\/wp-content\/uploads\/usu901\/2023\/01\/6-1024x768.jpg 1024w, https:\/\/agora.xtec.cat\/ceiprieraderibes\/wp-content\/uploads\/usu901\/2023\/01\/6-300x225.jpg 300w, https:\/\/agora.xtec.cat\/ceiprieraderibes\/wp-content\/uploads\/usu901\/2023\/01\/6-768x576.jpg 768w, https:\/\/agora.xtec.cat\/ceiprieraderibes\/wp-content\/uploads\/usu901\/2023\/01\/6-1536x1152.jpg 1536w, https:\/\/agora.xtec.cat\/ceiprieraderibes\/wp-content\/uploads\/usu901\/2023\/01\/6-2048x1536.jpg 2048w, https:\/\/agora.xtec.cat\/ceiprieraderibes\/wp-content\/uploads\/usu901\/2023\/01\/6-200x150.jpg 200w\" sizes=\"auto, (max-width: 1024px) 100vw, 1024px\" \/><\/p>\n<p>Per\u00f2, podem anar a comprar demanant els pams de fusta que necessitem? A partir d\u2019aqu\u00ed va sorgir la idea d\u2019utilitzar un metre, aix\u00ed doncs vam passar de pams a metres. Ara s\u00ed, ja gaireb\u00e9 ho ten\u00edem!<br \/>\n<img loading=\"lazy\" decoding=\"async\" class=\"alignleft wp-image-12813 \" src=\"https:\/\/agora.xtec.cat\/ceiprieraderibes\/wp-content\/uploads\/usu901\/2023\/01\/7-225x300.jpg\" alt=\"\" width=\"332\" height=\"443\" srcset=\"https:\/\/agora.xtec.cat\/ceiprieraderibes\/wp-content\/uploads\/usu901\/2023\/01\/7-225x300.jpg 225w, https:\/\/agora.xtec.cat\/ceiprieraderibes\/wp-content\/uploads\/usu901\/2023\/01\/7-768x1024.jpg 768w, https:\/\/agora.xtec.cat\/ceiprieraderibes\/wp-content\/uploads\/usu901\/2023\/01\/7-1152x1536.jpg 1152w, https:\/\/agora.xtec.cat\/ceiprieraderibes\/wp-content\/uploads\/usu901\/2023\/01\/7-1536x2048.jpg 1536w, https:\/\/agora.xtec.cat\/ceiprieraderibes\/wp-content\/uploads\/usu901\/2023\/01\/7-scaled.jpg 1920w\" sizes=\"auto, (max-width: 332px) 100vw, 332px\" \/><\/p>\n<p><img loading=\"lazy\" decoding=\"async\" class=\"alignright wp-image-12814 \" src=\"https:\/\/agora.xtec.cat\/ceiprieraderibes\/wp-content\/uploads\/usu901\/2023\/01\/8-150x150.jpg\" alt=\"\" width=\"369\" height=\"369\" \/><\/p>\n<p>&nbsp;<\/p>\n<p>&nbsp;<\/p>\n<p>&nbsp;<\/p>\n<p>&nbsp;<\/p>\n<p>&nbsp;<\/p>\n<p>&nbsp;<\/p>\n<p>&nbsp;<\/p>\n<p>&nbsp;<\/p>\n<p>&nbsp;<\/p>\n<p>&nbsp;<\/p>\n<p><strong>EL PRODUCTE FINAL<\/strong><br \/>\nUn cop preses totes les mesures vam posar les cortines. Ara ja nom\u00e9s quedava acabar de perfilar el disseny: m\u00e0nigues arremangades i a pintar!, rodet amunt, rodet avall\u2026<\/p>\n<p><img loading=\"lazy\" decoding=\"async\" class=\"alignright wp-image-12817 \" src=\"https:\/\/agora.xtec.cat\/ceiprieraderibes\/wp-content\/uploads\/usu901\/2023\/01\/13-225x300.jpg\" alt=\"\" width=\"352\" height=\"469\" srcset=\"https:\/\/agora.xtec.cat\/ceiprieraderibes\/wp-content\/uploads\/usu901\/2023\/01\/13-225x300.jpg 225w, https:\/\/agora.xtec.cat\/ceiprieraderibes\/wp-content\/uploads\/usu901\/2023\/01\/13-768x1024.jpg 768w, https:\/\/agora.xtec.cat\/ceiprieraderibes\/wp-content\/uploads\/usu901\/2023\/01\/13-1152x1536.jpg 1152w, https:\/\/agora.xtec.cat\/ceiprieraderibes\/wp-content\/uploads\/usu901\/2023\/01\/13-1536x2048.jpg 1536w, https:\/\/agora.xtec.cat\/ceiprieraderibes\/wp-content\/uploads\/usu901\/2023\/01\/13-scaled.jpg 1920w\" sizes=\"auto, (max-width: 352px) 100vw, 352px\" \/><\/p>\n<p><img loading=\"lazy\" decoding=\"async\" class=\"alignleft wp-image-12819 \" src=\"https:\/\/agora.xtec.cat\/ceiprieraderibes\/wp-content\/uploads\/usu901\/2023\/01\/11-225x300.jpg\" alt=\"\" width=\"352\" height=\"469\" srcset=\"https:\/\/agora.xtec.cat\/ceiprieraderibes\/wp-content\/uploads\/usu901\/2023\/01\/11-225x300.jpg 225w, https:\/\/agora.xtec.cat\/ceiprieraderibes\/wp-content\/uploads\/usu901\/2023\/01\/11-768x1024.jpg 768w, https:\/\/agora.xtec.cat\/ceiprieraderibes\/wp-content\/uploads\/usu901\/2023\/01\/11-1152x1536.jpg 1152w, https:\/\/agora.xtec.cat\/ceiprieraderibes\/wp-content\/uploads\/usu901\/2023\/01\/11-1536x2048.jpg 1536w, https:\/\/agora.xtec.cat\/ceiprieraderibes\/wp-content\/uploads\/usu901\/2023\/01\/11-scaled.jpg 1920w\" sizes=\"auto, (max-width: 352px) 100vw, 352px\" \/><\/p>\n<p>&nbsp;<\/p>\n<p>&nbsp;<\/p>\n<p>&nbsp;<\/p>\n<p>&nbsp;<\/p>\n<p>&nbsp;<\/p>\n<p>&nbsp;<\/p>\n<p>&nbsp;<\/p>\n<p>&nbsp;<\/p>\n<p>&nbsp;<\/p>\n<p>&nbsp;<\/p>\n<p>&nbsp;<\/p>\n<p>&nbsp;<\/p>\n<p><strong>ENTREGA DEL REGAL<\/strong><br \/>\nEn acabar tot aquest proc\u00e9s d\u2019indagaci\u00f3 i elaboraci\u00f3 dels regals, va arribar el moment d\u2019entregar-los. Cada grup-classe vam pensar unes pistes per deixar als nens i nenes a qui els hi f\u00e8iem el regal i tamb\u00e9 vam pensar una manera especial de fer-los l\u2019entrega.<\/p>\n<p><img loading=\"lazy\" decoding=\"async\" class=\"aligncenter size-large wp-image-12818\" src=\"https:\/\/agora.xtec.cat\/ceiprieraderibes\/wp-content\/uploads\/usu901\/2023\/01\/14-1024x576.jpg\" alt=\"\" width=\"1024\" height=\"576\" srcset=\"https:\/\/agora.xtec.cat\/ceiprieraderibes\/wp-content\/uploads\/usu901\/2023\/01\/14-1024x576.jpg 1024w, https:\/\/agora.xtec.cat\/ceiprieraderibes\/wp-content\/uploads\/usu901\/2023\/01\/14-300x169.jpg 300w, https:\/\/agora.xtec.cat\/ceiprieraderibes\/wp-content\/uploads\/usu901\/2023\/01\/14-768x432.jpg 768w, https:\/\/agora.xtec.cat\/ceiprieraderibes\/wp-content\/uploads\/usu901\/2023\/01\/14-1536x864.jpg 1536w, https:\/\/agora.xtec.cat\/ceiprieraderibes\/wp-content\/uploads\/usu901\/2023\/01\/14.jpg 2048w\" sizes=\"auto, (max-width: 1024px) 100vw, 1024px\" \/><br \/>\nEl moment d\u2019entrega del regal va ser d\u2019aquells moments que diem que s\u00f3n especials i importants. Suposava donar all\u00f2 que hav\u00edem estat elaborant durant tants dies! All\u00f2 que durant unes setmanes va ocupar el nostre dia a dia rumiant, descobrint, compartint idees, mesurant, pintant\u2026 i que ens va portar tants nervis durant el compte enrere pel dia d\u2019entrega!<br \/>\nA tots els grups se\u2019ns plantejava la mateixa pregunta\u2026 Els hi agradar\u00e0 el nostre regal? Aix\u00f2 no ho pod\u00edem saber, per\u00f2 una cosa s\u00ed que la ten\u00edem ben clara: sens dubte eren regals que, per sobre de tot, estaven fets amb il\u00b7lusi\u00f3 i des del cor!<\/p>\n","protected":false},"excerpt":{"rendered":"<p>Durant el mes de desembre, en l\u2019escola vam dur a terme una indagaci\u00f3 vinculada al calendari d\u2019advent. Cada grup classe va haver de confegir un regal per donar a una altra classe de l\u2019escola.\u00a0<br \/>\nQU\u00c8 ELS HI PODEM REGALAR?<br \/>\nPer agafar idees sobre qu\u00e8 regalar, cada grup&hellip;  <a href=\"https:\/\/agora.xtec.cat\/ceiprieraderibes\/general\/calendari-dadvent-comunitat-de-xics\/\" title=\"Read CALENDARI D&#8217;ADVENT-Comunitat de Xics\">Llegeix m\u00e9s\u00bb<\/a><\/p>\n","protected":false},"author":357,"featured_media":12817,"comment_status":"open","ping_status":"closed","sticky":false,"template":"","format":"standard","meta":{"_bbp_topic_count":0,"_bbp_reply_count":0,"_bbp_total_topic_count":0,"_bbp_total_reply_count":0,"_bbp_voice_count":0,"_bbp_anonymous_reply_count":0,"_bbp_topic_count_hidden":0,"_bbp_reply_count_hidden":0,"_bbp_forum_subforum_count":0,"footnotes":""},"categories":[228,232,233,1,4],"tags":[],"class_list":["post-12805","post","type-post","status-publish","format-standard","has-post-thumbnail","hentry","category-generacio-2017","category-generacio-2018","category-generacio-2019","category-general","category-portada"],"post_mailing_queue_ids":[],"_links":{"self":[{"href":"https:\/\/agora.xtec.cat\/ceiprieraderibes\/wp-json\/wp\/v2\/posts\/12805","targetHints":{"allow":["GET"]}}],"collection":[{"href":"https:\/\/agora.xtec.cat\/ceiprieraderibes\/wp-json\/wp\/v2\/posts"}],"about":[{"href":"https:\/\/agora.xtec.cat\/ceiprieraderibes\/wp-json\/wp\/v2\/types\/post"}],"author":[{"embeddable":true,"href":"https:\/\/agora.xtec.cat\/ceiprieraderibes\/wp-json\/wp\/v2\/users\/357"}],"replies":[{"embeddable":true,"href":"https:\/\/agora.xtec.cat\/ceiprieraderibes\/wp-json\/wp\/v2\/comments?post=12805"}],"version-history":[{"count":3,"href":"https:\/\/agora.xtec.cat\/ceiprieraderibes\/wp-json\/wp\/v2\/posts\/12805\/revisions"}],"predecessor-version":[{"id":12899,"href":"https:\/\/agora.xtec.cat\/ceiprieraderibes\/wp-json\/wp\/v2\/posts\/12805\/revisions\/12899"}],"wp:featuredmedia":[{"embeddable":true,"href":"https:\/\/agora.xtec.cat\/ceiprieraderibes\/wp-json\/wp\/v2\/media\/12817"}],"wp:attachment":[{"href":"https:\/\/agora.xtec.cat\/ceiprieraderibes\/wp-json\/wp\/v2\/media?parent=12805"}],"wp:term":[{"taxonomy":"category","embeddable":true,"href":"https:\/\/agora.xtec.cat\/ceiprieraderibes\/wp-json\/wp\/v2\/categories?post=12805"},{"taxonomy":"post_tag","embeddable":true,"href":"https:\/\/agora.xtec.cat\/ceiprieraderibes\/wp-json\/wp\/v2\/tags?post=12805"}],"curies":[{"name":"wp","href":"https:\/\/api.w.org\/{rel}","templated":true}]}}