{"id":12784,"date":"2023-01-09T10:31:42","date_gmt":"2023-01-09T09:31:42","guid":{"rendered":"https:\/\/agora.xtec.cat\/ceiprieraderibes\/?p=12784"},"modified":"2023-01-09T10:51:21","modified_gmt":"2023-01-09T09:51:21","slug":"calendari-dadvent-2","status":"publish","type":"post","link":"https:\/\/agora.xtec.cat\/ceiprieraderibes\/portada\/calendari-dadvent-2\/","title":{"rendered":"Calendari d\u2019Advent"},"content":{"rendered":"<p style=\"text-align: justify;\"><span style=\"font-weight: 400;\">En aquest article us parlarem del Calendari d&#8217;Advent. Aquesta indagaci\u00f3 tan especial i m\u00e0gica pels nens i nenes de l&#8217;escola que s&#8217;encarrega de tancar el trimestre, donant aix\u00ed la benvinguda a les festes nadalenques.<\/span><\/p>\n<p style=\"text-align: justify;\"><span style=\"font-weight: 400;\">Aquesta indagaci\u00f3 s&#8217;ha convertit en tradici\u00f3 a la nostra escola i com alguns ja sabreu, consisteix en el fet que un grup ha de preparar de forma secreta un regal, en moments d&#8217;escola, per a un altre grup d&#8217;una altra comunitat.<\/span><\/p>\n<p style=\"text-align: justify;\"><span style=\"font-weight: 400;\">En el nostre cas, la classe de Guillem I de Ribes (Grans 1), havia de preparar un regal a la classe de les Tortugues (Xics 1).<\/span><\/p>\n<p style=\"text-align: justify;\"><span style=\"font-weight: 400;\">En aquest proc\u00e9s, existeixen tota mena de moments plens d&#8217;aprenentatges i emocions. Per\u00f2, un dels primers a despertar m\u00e9s expectaci\u00f3, sempre \u00e9s l&#8217;espionatge a l&#8217;altra classe per obtenir informaci\u00f3 sobre el que podria ser un regal \u00fatil i que els hi fes veritable il\u00b7lusi\u00f3. La intenci\u00f3 \u00e9s que l\u2019alumnat pensi en l\u2019altre, es posi en la seva pell, qu\u00e8 necessiten? qu\u00e8 els agradaria? \u00e9s emocionant veure com es va construint el sentiment de pertinen\u00e7a i com es van teixint vincles entre ells i elles, una vincles que duraran per sempre.\u00a0<\/span><\/p>\n<p style=\"text-align: justify;\"><span style=\"font-weight: 400;\">En el nostre cas, no vam haver de pensar massa m\u00e9s enll\u00e0. Ens vam assabentar que Xics 1 marxaven de col\u00f2nies i vam aprofitar aquells dos dies per entrar amb molta cura a la seva classe. Un cop all\u00e0, vam observar i vam fer un buidatge d&#8217;all\u00f2 que estaven treballant o que m\u00e9s els hi agradava com a classe.<\/span><\/p>\n<p style=\"text-align: justify;\"><span style=\"font-weight: 400;\">R\u00e0pidament, vam descobrir que la seva aula a les tardes es convertia en el Rac\u00f3 de Llums i Ombres i a m\u00e9s a m\u00e9s, que la comunitat de Xics havia posat els noms de les classes amb relaci\u00f3 a animals de la fauna ribetana.<\/span><\/p>\n<p style=\"text-align: justify;\"><span style=\"font-weight: 400;\">Despr\u00e9s de generar una conversa amb el gran grup, vam arribar a la conclusi\u00f3 que el nostre regal havia d&#8217;estar relacionat amb aquests 2 centres d&#8217;inter\u00e8s i vam comen\u00e7ar a planificar-nos.<\/span><\/p>\n<p style=\"text-align: justify;\"><span style=\"font-weight: 400;\">El producte final que vam acordar regalar, va ser un joc de l\u00e0mines transl\u00facides perqu\u00e8 els alumnes de Xics que passessin per aquell espai, en moment de rac\u00f3, poguessin gaudir del nostre material i les llums que oferien al ser contrastades amb llanternes, taules de llum o amb la mateixa llum solar.<\/span><\/p>\n<p style=\"text-align: justify;\"><span style=\"font-weight: 400;\">Crear les l\u00e0mines, va ser un repte per a nosaltres. Per fer-ho, vam necessitar con\u00e8ixer diferents propietats geom\u00e8triques, dominar les mesures del DIN A3 per poder repartir de forma sim\u00e8trica les figures que hi vol\u00edem introduir dins de cada l\u00e0mina. Tamb\u00e9 fer dobles, meitats, terceres parts i quartes parts, tant de l&#8217;al\u00e7ada com de l&#8217;amplada del paper. Tot aix\u00f2 i molt m\u00e9s. En general va haver-hi molt de treball matem\u00e0tic, per\u00f2 tamb\u00e9 art\u00edstic.<\/span><\/p>\n<p style=\"text-align: justify;\"><span style=\"font-weight: 400;\">Ens vam haver d&#8217;equivocar diverses vegades, reformular objectius, escollir nous camins per arribar a aconseguir l&#8217;\u00e8xit, tenir molta paci\u00e8ncia i const\u00e0ncia, i per \u00faltim, vam haver de compartir i consensuar idees i opinions com a grup.<\/span><\/p>\n<p style=\"text-align: justify;\"><span style=\"font-weight: 400;\">Ara ja ten\u00edem les llums! Nom\u00e9s faltaven les Ombres&#8230;<\/span><\/p>\n<p style=\"text-align: justify;\"><span style=\"font-weight: 400;\">Per fer-ho, vam crear un teatre d&#8217;ombres xineses, amb el que acabar\u00edem entregant el regal.<\/span><\/p>\n<p style=\"text-align: justify;\"><span style=\"font-weight: 400;\">El fil de la hist\u00f2ria, el vam construir aprofitant 7 de les l\u00e0mines que hav\u00edem creat amb les formes dels animals que formaven les 7 classes de Xics. Alhora, aquests animals serien els protagonistes del nostre teatre, titulat: Una nit molt especial de Nadal.<\/span><\/p>\n<p style=\"text-align: justify;\"><span style=\"font-weight: 400;\">El Gui\u00f3 i els di\u00e0legs d&#8217;aquesta obra escrita per l&#8217;alumnat de Grans 1, volia representar 4 episodis de viv\u00e8ncies personals importants d&#8217;una Falcona experimentada que explicava les seves viv\u00e8ncies en forma de moralines a una tortugueta molt joveneta, assegudes, totes dues, prop una llar de foc, durant una nit de Nadal.<\/span><\/p>\n<p style=\"text-align: justify;\"><span style=\"font-weight: 400;\">El paral\u00b7lelisme del teatre d&#8217;ombres, era que la Falcona representava l&#8217;expertesa de l&#8217;alumnat de la comunitat de grans amb el seu pas per l&#8217;escola, i, per altra banda, la tortugueta representava un alumnat amb moltes coses per descobrir, aprendre i cr\u00e9ixer dins l&#8217;escola.<\/span><\/p>\n<p style=\"text-align: justify;\"><span style=\"font-weight: 400;\">Aquesta obra de teatre, va estar acompanyada de la veu dels nens i nenes de Grans 1 que interpretaven els personatges amb una treballada lectura en veu alta, tamb\u00e9 de sons i imatges que vam crear amb una presentaci\u00f3 digital i van servir per acompanyar les veus de forma visual i auditiva.<\/span><\/p>\n<p style=\"text-align: justify;\"><span style=\"font-weight: 400;\">Aqu\u00ed us deixem un v\u00eddeo del dia de l&#8217;entrega del regal, amb moments plens d&#8217;il\u00b7lusi\u00f3 i moltes emocions. Tant pels que rebien, com pels que regalaven.<\/span><\/p>\n<p style=\"text-align: justify;\"><span style=\"font-weight: 400;\">Esperem que us agradi.<\/span><\/p>\n<p><a href=\"https:\/\/drive.google.com\/file\/d\/18GfiOWv7rNsw1hItong30_CJjAXsuz-O\/view\">CALENDARI D&#8217;ADVENT GRANS 1- XICS 1<\/a><\/p>\n<p>&nbsp;<\/p>\n\n\t\t<style type=\"text\/css\">\n\t\t\t#gallery-1 {\n\t\t\t\tmargin: auto;\n\t\t\t}\n\t\t\t#gallery-1 .gallery-item {\n\t\t\t\tfloat: left;\n\t\t\t\tmargin-top: 10px;\n\t\t\t\ttext-align: center;\n\t\t\t\twidth: 33%;\n\t\t\t}\n\t\t\t#gallery-1 img {\n\t\t\t\tborder: 2px solid #cfcfcf;\n\t\t\t}\n\t\t\t#gallery-1 .gallery-caption {\n\t\t\t\tmargin-left: 0;\n\t\t\t}\n\t\t\t\/* see gallery_shortcode() in wp-includes\/media.php *\/\n\t\t<\/style>\n\t\t<div id='gallery-1' class='gallery galleryid-12784 gallery-columns-3 gallery-size-medium'><dl class='gallery-item'>\n\t\t\t<dt class='gallery-icon landscape'>\n\t\t\t\t<a href='https:\/\/agora.xtec.cat\/ceiprieraderibes\/portada\/calendari-dadvent-2\/attachment\/web-1-6\/'><img loading=\"lazy\" decoding=\"async\" width=\"300\" height=\"205\" src=\"https:\/\/agora.xtec.cat\/ceiprieraderibes\/wp-content\/uploads\/usu901\/2023\/01\/web-1-300x205.jpg\" class=\"attachment-medium size-medium\" alt=\"\" srcset=\"https:\/\/agora.xtec.cat\/ceiprieraderibes\/wp-content\/uploads\/usu901\/2023\/01\/web-1-300x205.jpg 300w, https:\/\/agora.xtec.cat\/ceiprieraderibes\/wp-content\/uploads\/usu901\/2023\/01\/web-1.jpg 741w\" sizes=\"auto, (max-width: 300px) 100vw, 300px\" \/><\/a>\n\t\t\t<\/dt><\/dl><dl class='gallery-item'>\n\t\t\t<dt class='gallery-icon landscape'>\n\t\t\t\t<a href='https:\/\/agora.xtec.cat\/ceiprieraderibes\/portada\/calendari-dadvent-2\/attachment\/web-2-4\/'><img loading=\"lazy\" decoding=\"async\" width=\"300\" height=\"219\" src=\"https:\/\/agora.xtec.cat\/ceiprieraderibes\/wp-content\/uploads\/usu901\/2023\/01\/web-2-300x219.jpg\" class=\"attachment-medium size-medium\" alt=\"\" srcset=\"https:\/\/agora.xtec.cat\/ceiprieraderibes\/wp-content\/uploads\/usu901\/2023\/01\/web-2-300x219.jpg 300w, https:\/\/agora.xtec.cat\/ceiprieraderibes\/wp-content\/uploads\/usu901\/2023\/01\/web-2.jpg 747w\" sizes=\"auto, (max-width: 300px) 100vw, 300px\" \/><\/a>\n\t\t\t<\/dt><\/dl><dl class='gallery-item'>\n\t\t\t<dt class='gallery-icon landscape'>\n\t\t\t\t<a href='https:\/\/agora.xtec.cat\/ceiprieraderibes\/portada\/calendari-dadvent-2\/attachment\/web-3-4\/'><img loading=\"lazy\" decoding=\"async\" width=\"300\" height=\"229\" src=\"https:\/\/agora.xtec.cat\/ceiprieraderibes\/wp-content\/uploads\/usu901\/2023\/01\/web-3-300x229.jpg\" class=\"attachment-medium size-medium\" alt=\"\" srcset=\"https:\/\/agora.xtec.cat\/ceiprieraderibes\/wp-content\/uploads\/usu901\/2023\/01\/web-3-300x229.jpg 300w, https:\/\/agora.xtec.cat\/ceiprieraderibes\/wp-content\/uploads\/usu901\/2023\/01\/web-3-768x585.jpg 768w, https:\/\/agora.xtec.cat\/ceiprieraderibes\/wp-content\/uploads\/usu901\/2023\/01\/web-3.jpg 794w\" sizes=\"auto, (max-width: 300px) 100vw, 300px\" \/><\/a>\n\t\t\t<\/dt><\/dl><br style=\"clear: both\" \/><dl class='gallery-item'>\n\t\t\t<dt class='gallery-icon landscape'>\n\t\t\t\t<a href='https:\/\/agora.xtec.cat\/ceiprieraderibes\/portada\/calendari-dadvent-2\/attachment\/web-4-2\/'><img loading=\"lazy\" decoding=\"async\" width=\"300\" height=\"226\" src=\"https:\/\/agora.xtec.cat\/ceiprieraderibes\/wp-content\/uploads\/usu901\/2023\/01\/web-4-300x226.jpg\" class=\"attachment-medium size-medium\" alt=\"\" srcset=\"https:\/\/agora.xtec.cat\/ceiprieraderibes\/wp-content\/uploads\/usu901\/2023\/01\/web-4-300x226.jpg 300w, https:\/\/agora.xtec.cat\/ceiprieraderibes\/wp-content\/uploads\/usu901\/2023\/01\/web-4-768x580.jpg 768w, https:\/\/agora.xtec.cat\/ceiprieraderibes\/wp-content\/uploads\/usu901\/2023\/01\/web-4-200x150.jpg 200w, https:\/\/agora.xtec.cat\/ceiprieraderibes\/wp-content\/uploads\/usu901\/2023\/01\/web-4.jpg 799w\" sizes=\"auto, (max-width: 300px) 100vw, 300px\" \/><\/a>\n\t\t\t<\/dt><\/dl><dl class='gallery-item'>\n\t\t\t<dt class='gallery-icon landscape'>\n\t\t\t\t<a href='https:\/\/agora.xtec.cat\/ceiprieraderibes\/portada\/calendari-dadvent-2\/attachment\/web-5-2\/'><img loading=\"lazy\" decoding=\"async\" width=\"300\" height=\"220\" src=\"https:\/\/agora.xtec.cat\/ceiprieraderibes\/wp-content\/uploads\/usu901\/2023\/01\/web-5-300x220.jpg\" class=\"attachment-medium size-medium\" alt=\"\" srcset=\"https:\/\/agora.xtec.cat\/ceiprieraderibes\/wp-content\/uploads\/usu901\/2023\/01\/web-5-300x220.jpg 300w, https:\/\/agora.xtec.cat\/ceiprieraderibes\/wp-content\/uploads\/usu901\/2023\/01\/web-5-768x564.jpg 768w, https:\/\/agora.xtec.cat\/ceiprieraderibes\/wp-content\/uploads\/usu901\/2023\/01\/web-5.jpg 800w\" sizes=\"auto, (max-width: 300px) 100vw, 300px\" \/><\/a>\n\t\t\t<\/dt><\/dl><dl class='gallery-item'>\n\t\t\t<dt class='gallery-icon landscape'>\n\t\t\t\t<a href='https:\/\/agora.xtec.cat\/ceiprieraderibes\/portada\/calendari-dadvent-2\/attachment\/web-6-2\/'><img loading=\"lazy\" decoding=\"async\" width=\"300\" height=\"225\" src=\"https:\/\/agora.xtec.cat\/ceiprieraderibes\/wp-content\/uploads\/usu901\/2023\/01\/web-6-300x225.jpg\" class=\"attachment-medium size-medium\" alt=\"\" srcset=\"https:\/\/agora.xtec.cat\/ceiprieraderibes\/wp-content\/uploads\/usu901\/2023\/01\/web-6-300x225.jpg 300w, https:\/\/agora.xtec.cat\/ceiprieraderibes\/wp-content\/uploads\/usu901\/2023\/01\/web-6-768x576.jpg 768w, https:\/\/agora.xtec.cat\/ceiprieraderibes\/wp-content\/uploads\/usu901\/2023\/01\/web-6-200x150.jpg 200w, https:\/\/agora.xtec.cat\/ceiprieraderibes\/wp-content\/uploads\/usu901\/2023\/01\/web-6.jpg 803w\" sizes=\"auto, (max-width: 300px) 100vw, 300px\" \/><\/a>\n\t\t\t<\/dt><\/dl><br style=\"clear: both\" \/>\n\t\t<\/div>\n\n<p>&nbsp;<\/p>\n","protected":false},"excerpt":{"rendered":"<p>En aquest article us parlarem del Calendari d&#8217;Advent. Aquesta indagaci\u00f3 tan especial i m\u00e0gica pels nens i nenes de l&#8217;escola que s&#8217;encarrega de tancar el trimestre, donant aix\u00ed la benvinguda a les festes nadalenques.<br \/>\nAquesta indagaci\u00f3 s&#8217;ha convertit en tradici\u00f3 a la nostra escola i com&hellip;  <a href=\"https:\/\/agora.xtec.cat\/ceiprieraderibes\/portada\/calendari-dadvent-2\/\" title=\"Read Calendari d\u2019Advent\">Llegeix m\u00e9s\u00bb<\/a><\/p>\n","protected":false},"author":175,"featured_media":12787,"comment_status":"open","ping_status":"closed","sticky":false,"template":"","format":"standard","meta":{"_bbp_topic_count":0,"_bbp_reply_count":0,"_bbp_total_topic_count":0,"_bbp_total_reply_count":0,"_bbp_voice_count":0,"_bbp_anonymous_reply_count":0,"_bbp_topic_count_hidden":0,"_bbp_reply_count_hidden":0,"_bbp_forum_subforum_count":0,"footnotes":""},"categories":[48,47,228,232,233,4],"tags":[],"class_list":["post-12784","post","type-post","status-publish","format-standard","has-post-thumbnail","hentry","category-generacio-2011","category-generacio-2012","category-generacio-2017","category-generacio-2018","category-generacio-2019","category-portada"],"post_mailing_queue_ids":[],"_links":{"self":[{"href":"https:\/\/agora.xtec.cat\/ceiprieraderibes\/wp-json\/wp\/v2\/posts\/12784","targetHints":{"allow":["GET"]}}],"collection":[{"href":"https:\/\/agora.xtec.cat\/ceiprieraderibes\/wp-json\/wp\/v2\/posts"}],"about":[{"href":"https:\/\/agora.xtec.cat\/ceiprieraderibes\/wp-json\/wp\/v2\/types\/post"}],"author":[{"embeddable":true,"href":"https:\/\/agora.xtec.cat\/ceiprieraderibes\/wp-json\/wp\/v2\/users\/175"}],"replies":[{"embeddable":true,"href":"https:\/\/agora.xtec.cat\/ceiprieraderibes\/wp-json\/wp\/v2\/comments?post=12784"}],"version-history":[{"count":2,"href":"https:\/\/agora.xtec.cat\/ceiprieraderibes\/wp-json\/wp\/v2\/posts\/12784\/revisions"}],"predecessor-version":[{"id":12792,"href":"https:\/\/agora.xtec.cat\/ceiprieraderibes\/wp-json\/wp\/v2\/posts\/12784\/revisions\/12792"}],"wp:featuredmedia":[{"embeddable":true,"href":"https:\/\/agora.xtec.cat\/ceiprieraderibes\/wp-json\/wp\/v2\/media\/12787"}],"wp:attachment":[{"href":"https:\/\/agora.xtec.cat\/ceiprieraderibes\/wp-json\/wp\/v2\/media?parent=12784"}],"wp:term":[{"taxonomy":"category","embeddable":true,"href":"https:\/\/agora.xtec.cat\/ceiprieraderibes\/wp-json\/wp\/v2\/categories?post=12784"},{"taxonomy":"post_tag","embeddable":true,"href":"https:\/\/agora.xtec.cat\/ceiprieraderibes\/wp-json\/wp\/v2\/tags?post=12784"}],"curies":[{"name":"wp","href":"https:\/\/api.w.org\/{rel}","templated":true}]}}