{"id":12767,"date":"2022-12-11T13:21:24","date_gmt":"2022-12-11T12:21:24","guid":{"rendered":"https:\/\/agora.xtec.cat\/ceiprieraderibes\/?p=12767"},"modified":"2023-01-09T10:52:05","modified_gmt":"2023-01-09T09:52:05","slug":"el-proces-de-tria-del-nom-de-la-classe","status":"publish","type":"post","link":"https:\/\/agora.xtec.cat\/ceiprieraderibes\/general\/el-proces-de-tria-del-nom-de-la-classe\/","title":{"rendered":"EL PROC\u00c9S DE TRIA DEL NOM DE LA CLASSE"},"content":{"rendered":"<p><span style=\"font-weight: 400;\">A la Comunitat de Xics hem triat el nom de la classe vinculat a un animal aut\u00f2cton de Ribes. Per fer-ho, en primer lloc, vam portar a terme un GENERAR I REMOURE per activar coneixements previs, viv\u00e8ncies, fer hip\u00f2tesis, compartir el pensament propi i contrastar amb el pensament dels altres.\u00a0<\/span><\/p>\n<p><span style=\"font-weight: 400;\">Cada nen i nena amb l&#8217;acompanyament de la fam\u00edlia havia de fer una recerca a casa sobre els animals aut\u00f2ctons de Ribes que havia trobat.<\/span><\/p>\n<p><img loading=\"lazy\" decoding=\"async\" class=\"alignleft wp-image-12768 \" src=\"https:\/\/agora.xtec.cat\/ceiprieraderibes\/wp-content\/uploads\/usu901\/2022\/12\/1664736783070-2-300x169.jpg\" alt=\"\" width=\"348\" height=\"196\" srcset=\"https:\/\/agora.xtec.cat\/ceiprieraderibes\/wp-content\/uploads\/usu901\/2022\/12\/1664736783070-2-300x169.jpg 300w, https:\/\/agora.xtec.cat\/ceiprieraderibes\/wp-content\/uploads\/usu901\/2022\/12\/1664736783070-2-1024x576.jpg 1024w, https:\/\/agora.xtec.cat\/ceiprieraderibes\/wp-content\/uploads\/usu901\/2022\/12\/1664736783070-2-768x432.jpg 768w, https:\/\/agora.xtec.cat\/ceiprieraderibes\/wp-content\/uploads\/usu901\/2022\/12\/1664736783070-2-1536x864.jpg 1536w, https:\/\/agora.xtec.cat\/ceiprieraderibes\/wp-content\/uploads\/usu901\/2022\/12\/1664736783070-2-2048x1152.jpg 2048w\" sizes=\"auto, (max-width: 348px) 100vw, 348px\" \/> <img loading=\"lazy\" decoding=\"async\" class=\"alignright wp-image-12769 \" src=\"https:\/\/agora.xtec.cat\/ceiprieraderibes\/wp-content\/uploads\/usu901\/2022\/12\/1664736783086-2-300x169.jpg\" alt=\"\" width=\"353\" height=\"199\" srcset=\"https:\/\/agora.xtec.cat\/ceiprieraderibes\/wp-content\/uploads\/usu901\/2022\/12\/1664736783086-2-300x169.jpg 300w, https:\/\/agora.xtec.cat\/ceiprieraderibes\/wp-content\/uploads\/usu901\/2022\/12\/1664736783086-2-1024x576.jpg 1024w, https:\/\/agora.xtec.cat\/ceiprieraderibes\/wp-content\/uploads\/usu901\/2022\/12\/1664736783086-2-768x432.jpg 768w, https:\/\/agora.xtec.cat\/ceiprieraderibes\/wp-content\/uploads\/usu901\/2022\/12\/1664736783086-2-1536x864.jpg 1536w, https:\/\/agora.xtec.cat\/ceiprieraderibes\/wp-content\/uploads\/usu901\/2022\/12\/1664736783086-2-2048x1152.jpg 2048w\" sizes=\"auto, (max-width: 353px) 100vw, 353px\" \/><\/p>\n<p>&nbsp;<\/p>\n<p>&nbsp;<\/p>\n<p>&nbsp;<\/p>\n<p>&nbsp;<\/p>\n<p>&nbsp;<\/p>\n<p>Amb tota la informaci\u00f3 vam crear un diagrama de barres per veure quin animal havia despertat m\u00e9s inter\u00e8s a l&#8217;aula.<br \/>\n<img loading=\"lazy\" decoding=\"async\" class=\"aligncenter size-large wp-image-12770\" src=\"https:\/\/agora.xtec.cat\/ceiprieraderibes\/wp-content\/uploads\/usu901\/2022\/12\/QUINS-ANIMALS-HAN-SORGIT-MES-VEGADES-EN-LES-INVESTIGACIONS-DE-CASA-1024x576.jpg\" alt=\"\" width=\"1024\" height=\"576\" srcset=\"https:\/\/agora.xtec.cat\/ceiprieraderibes\/wp-content\/uploads\/usu901\/2022\/12\/QUINS-ANIMALS-HAN-SORGIT-MES-VEGADES-EN-LES-INVESTIGACIONS-DE-CASA-1024x576.jpg 1024w, https:\/\/agora.xtec.cat\/ceiprieraderibes\/wp-content\/uploads\/usu901\/2022\/12\/QUINS-ANIMALS-HAN-SORGIT-MES-VEGADES-EN-LES-INVESTIGACIONS-DE-CASA-300x169.jpg 300w, https:\/\/agora.xtec.cat\/ceiprieraderibes\/wp-content\/uploads\/usu901\/2022\/12\/QUINS-ANIMALS-HAN-SORGIT-MES-VEGADES-EN-LES-INVESTIGACIONS-DE-CASA-768x432.jpg 768w, https:\/\/agora.xtec.cat\/ceiprieraderibes\/wp-content\/uploads\/usu901\/2022\/12\/QUINS-ANIMALS-HAN-SORGIT-MES-VEGADES-EN-LES-INVESTIGACIONS-DE-CASA-1536x864.jpg 1536w, https:\/\/agora.xtec.cat\/ceiprieraderibes\/wp-content\/uploads\/usu901\/2022\/12\/QUINS-ANIMALS-HAN-SORGIT-MES-VEGADES-EN-LES-INVESTIGACIONS-DE-CASA.jpg 1920w\" sizes=\"auto, (max-width: 1024px) 100vw, 1024px\" \/>Despr\u00e9s d\u2019aquesta recerca arriba el moment d\u2019anar a la primera sortida \u201cCAMINS DE RIBES\u201d, una sortida per l\u2019entorn de l\u2019escola on poder veure de m\u00e9s a prop els animals aut\u00f2ctons de Ribes, els seus rastres i recollir evid\u00e8ncies.<\/p>\n<p><img loading=\"lazy\" decoding=\"async\" class=\"alignnone wp-image-12772\" src=\"https:\/\/agora.xtec.cat\/ceiprieraderibes\/wp-content\/uploads\/usu901\/2022\/12\/1664219570724-1-300x169.jpg\" alt=\"\" width=\"362\" height=\"204\" srcset=\"https:\/\/agora.xtec.cat\/ceiprieraderibes\/wp-content\/uploads\/usu901\/2022\/12\/1664219570724-1-300x169.jpg 300w, https:\/\/agora.xtec.cat\/ceiprieraderibes\/wp-content\/uploads\/usu901\/2022\/12\/1664219570724-1-1024x576.jpg 1024w, https:\/\/agora.xtec.cat\/ceiprieraderibes\/wp-content\/uploads\/usu901\/2022\/12\/1664219570724-1-768x432.jpg 768w, https:\/\/agora.xtec.cat\/ceiprieraderibes\/wp-content\/uploads\/usu901\/2022\/12\/1664219570724-1-1536x864.jpg 1536w, https:\/\/agora.xtec.cat\/ceiprieraderibes\/wp-content\/uploads\/usu901\/2022\/12\/1664219570724-1-2048x1152.jpg 2048w\" sizes=\"auto, (max-width: 362px) 100vw, 362px\" \/><img loading=\"lazy\" decoding=\"async\" class=\"alignright wp-image-12774 \" src=\"https:\/\/agora.xtec.cat\/ceiprieraderibes\/wp-content\/uploads\/usu901\/2022\/12\/1664219570708-1-1-300x169.jpg\" alt=\"\" width=\"352\" height=\"198\" srcset=\"https:\/\/agora.xtec.cat\/ceiprieraderibes\/wp-content\/uploads\/usu901\/2022\/12\/1664219570708-1-1-300x169.jpg 300w, https:\/\/agora.xtec.cat\/ceiprieraderibes\/wp-content\/uploads\/usu901\/2022\/12\/1664219570708-1-1-1024x576.jpg 1024w, https:\/\/agora.xtec.cat\/ceiprieraderibes\/wp-content\/uploads\/usu901\/2022\/12\/1664219570708-1-1-768x432.jpg 768w, https:\/\/agora.xtec.cat\/ceiprieraderibes\/wp-content\/uploads\/usu901\/2022\/12\/1664219570708-1-1-1536x864.jpg 1536w, https:\/\/agora.xtec.cat\/ceiprieraderibes\/wp-content\/uploads\/usu901\/2022\/12\/1664219570708-1-1-2048x1152.jpg 2048w\" sizes=\"auto, (max-width: 352px) 100vw, 352px\" \/><\/p>\n<p><img loading=\"lazy\" decoding=\"async\" class=\"alignnone wp-image-12773\" src=\"https:\/\/agora.xtec.cat\/ceiprieraderibes\/wp-content\/uploads\/usu901\/2022\/12\/1664219570782-2-300x169.jpg\" alt=\"\" width=\"365\" height=\"206\" srcset=\"https:\/\/agora.xtec.cat\/ceiprieraderibes\/wp-content\/uploads\/usu901\/2022\/12\/1664219570782-2-300x169.jpg 300w, https:\/\/agora.xtec.cat\/ceiprieraderibes\/wp-content\/uploads\/usu901\/2022\/12\/1664219570782-2-1024x576.jpg 1024w, https:\/\/agora.xtec.cat\/ceiprieraderibes\/wp-content\/uploads\/usu901\/2022\/12\/1664219570782-2-768x432.jpg 768w, https:\/\/agora.xtec.cat\/ceiprieraderibes\/wp-content\/uploads\/usu901\/2022\/12\/1664219570782-2-1536x864.jpg 1536w, https:\/\/agora.xtec.cat\/ceiprieraderibes\/wp-content\/uploads\/usu901\/2022\/12\/1664219570782-2-2048x1152.jpg 2048w\" sizes=\"auto, (max-width: 365px) 100vw, 365px\" \/><img loading=\"lazy\" decoding=\"async\" class=\"alignright wp-image-12775 \" src=\"https:\/\/agora.xtec.cat\/ceiprieraderibes\/wp-content\/uploads\/usu901\/2022\/12\/1663877454820-1-1-1-1-min-300x169.jpg\" alt=\"\" width=\"350\" height=\"197\" srcset=\"https:\/\/agora.xtec.cat\/ceiprieraderibes\/wp-content\/uploads\/usu901\/2022\/12\/1663877454820-1-1-1-1-min-300x169.jpg 300w, https:\/\/agora.xtec.cat\/ceiprieraderibes\/wp-content\/uploads\/usu901\/2022\/12\/1663877454820-1-1-1-1-min-1024x576.jpg 1024w, https:\/\/agora.xtec.cat\/ceiprieraderibes\/wp-content\/uploads\/usu901\/2022\/12\/1663877454820-1-1-1-1-min-768x432.jpg 768w, https:\/\/agora.xtec.cat\/ceiprieraderibes\/wp-content\/uploads\/usu901\/2022\/12\/1663877454820-1-1-1-1-min-1536x864.jpg 1536w, https:\/\/agora.xtec.cat\/ceiprieraderibes\/wp-content\/uploads\/usu901\/2022\/12\/1663877454820-1-1-1-1-min-2048x1152.jpg 2048w\" sizes=\"auto, (max-width: 350px) 100vw, 350px\" \/><\/p>\n<p>Posterior a la sortida compartim l\u2019experi\u00e8ncia i observem les fotografies que hav\u00edem fet de tots els rastres d\u2019animals trobats. <em>De qui poden ser aquests rastres?, quins animals sabem que hi viuen, tot i que no els hem vist?<\/em><\/p>\n<p><img loading=\"lazy\" decoding=\"async\" class=\"alignleft wp-image-12776 \" src=\"https:\/\/agora.xtec.cat\/ceiprieraderibes\/wp-content\/uploads\/usu901\/2022\/12\/1664736783054-1-300x169.jpg\" alt=\"\" width=\"343\" height=\"193\" srcset=\"https:\/\/agora.xtec.cat\/ceiprieraderibes\/wp-content\/uploads\/usu901\/2022\/12\/1664736783054-1-300x169.jpg 300w, https:\/\/agora.xtec.cat\/ceiprieraderibes\/wp-content\/uploads\/usu901\/2022\/12\/1664736783054-1-1024x576.jpg 1024w, https:\/\/agora.xtec.cat\/ceiprieraderibes\/wp-content\/uploads\/usu901\/2022\/12\/1664736783054-1-768x432.jpg 768w, https:\/\/agora.xtec.cat\/ceiprieraderibes\/wp-content\/uploads\/usu901\/2022\/12\/1664736783054-1-1536x864.jpg 1536w, https:\/\/agora.xtec.cat\/ceiprieraderibes\/wp-content\/uploads\/usu901\/2022\/12\/1664736783054-1-2048x1152.jpg 2048w\" sizes=\"auto, (max-width: 343px) 100vw, 343px\" \/> <img loading=\"lazy\" decoding=\"async\" class=\"alignright wp-image-12777 \" src=\"https:\/\/agora.xtec.cat\/ceiprieraderibes\/wp-content\/uploads\/usu901\/2022\/12\/1664736783047-1-300x169.jpg\" alt=\"\" width=\"357\" height=\"201\" srcset=\"https:\/\/agora.xtec.cat\/ceiprieraderibes\/wp-content\/uploads\/usu901\/2022\/12\/1664736783047-1-300x169.jpg 300w, https:\/\/agora.xtec.cat\/ceiprieraderibes\/wp-content\/uploads\/usu901\/2022\/12\/1664736783047-1-1024x576.jpg 1024w, https:\/\/agora.xtec.cat\/ceiprieraderibes\/wp-content\/uploads\/usu901\/2022\/12\/1664736783047-1-768x432.jpg 768w, https:\/\/agora.xtec.cat\/ceiprieraderibes\/wp-content\/uploads\/usu901\/2022\/12\/1664736783047-1-1536x864.jpg 1536w, https:\/\/agora.xtec.cat\/ceiprieraderibes\/wp-content\/uploads\/usu901\/2022\/12\/1664736783047-1-2048x1152.jpg 2048w\" sizes=\"auto, (max-width: 357px) 100vw, 357px\" \/><\/p>\n<p>&nbsp;<\/p>\n<p>&nbsp;<\/p>\n<p>&nbsp;<\/p>\n<p>&nbsp;<\/p>\n<p>&nbsp;<\/p>\n<p>Finalment, portem a terme una conversa i establim uns criteris per poder valorar totes les propostes i poder consensuar la tria del nom de la classe:<br \/>\n1: Que sigui un animal aut\u00f2cton de ribes.<br \/>\n2. Que interessi a tots i totes.<br \/>\n3. Que no sigui triat per un altre grup.<br \/>\n4. Que fos poc conegut per poder descobrir coses noves.<br \/>\n<img loading=\"lazy\" decoding=\"async\" class=\"aligncenter wp-image-12778 size-large\" src=\"https:\/\/agora.xtec.cat\/ceiprieraderibes\/wp-content\/uploads\/usu901\/2022\/12\/1664914086226-scaled-e1670760933117-1024x766.jpg\" alt=\"\" width=\"1024\" height=\"766\" srcset=\"https:\/\/agora.xtec.cat\/ceiprieraderibes\/wp-content\/uploads\/usu901\/2022\/12\/1664914086226-scaled-e1670760933117-1024x766.jpg 1024w, https:\/\/agora.xtec.cat\/ceiprieraderibes\/wp-content\/uploads\/usu901\/2022\/12\/1664914086226-scaled-e1670760933117-300x224.jpg 300w, https:\/\/agora.xtec.cat\/ceiprieraderibes\/wp-content\/uploads\/usu901\/2022\/12\/1664914086226-scaled-e1670760933117-768x575.jpg 768w, https:\/\/agora.xtec.cat\/ceiprieraderibes\/wp-content\/uploads\/usu901\/2022\/12\/1664914086226-scaled-e1670760933117-1536x1149.jpg 1536w, https:\/\/agora.xtec.cat\/ceiprieraderibes\/wp-content\/uploads\/usu901\/2022\/12\/1664914086226-scaled-e1670760933117-2048x1532.jpg 2048w, https:\/\/agora.xtec.cat\/ceiprieraderibes\/wp-content\/uploads\/usu901\/2022\/12\/1664914086226-scaled-e1670760933117-200x150.jpg 200w\" sizes=\"auto, (max-width: 1024px) 100vw, 1024px\" \/><br \/>\nAquestes converses ens donen peu a prendre decisions que incloguin totes les mirades, perqu\u00e8, tots els nens i nenes se sentin reconeguts. No fem votaci\u00f3, sin\u00f3, que arribem al consens perqu\u00e8 tothom se senti part d\u2019all\u00f2 que es decideix, se senti reconegut a l&#8217;aula.<\/p>\n<p>Una vegada triat el nom de la classe es tanca el proc\u00e9s fent una presentaci\u00f3 a les fam\u00edlies<\/p>\n<p>El nom de la classe permet que sorgeixin nous interrogants per a poder estirar al llarg del curs.<br \/>\nUs presentem les classes de la COMUNITAT DE XICS<br \/>\nXICS 1: LES TORTUGUES<br \/>\nXICS 2: ELS FALCONS<br \/>\nXICS 3: ELS SENGLARS<br \/>\nXICS 4: LES GENETES<br \/>\nXICS 5: LES GUINEUS<br \/>\nXICS 6: LES MERLES<br \/>\nXICS 7: ELS CONILLS I LES LLEBRES<br \/>\n<img loading=\"lazy\" decoding=\"async\" class=\"aligncenter size-large wp-image-12779\" src=\"https:\/\/agora.xtec.cat\/ceiprieraderibes\/wp-content\/uploads\/usu901\/2022\/12\/COMUNITAT-DE-XICS-1024x469.png\" alt=\"\" width=\"1024\" height=\"469\" srcset=\"https:\/\/agora.xtec.cat\/ceiprieraderibes\/wp-content\/uploads\/usu901\/2022\/12\/COMUNITAT-DE-XICS-1024x469.png 1024w, https:\/\/agora.xtec.cat\/ceiprieraderibes\/wp-content\/uploads\/usu901\/2022\/12\/COMUNITAT-DE-XICS-300x137.png 300w, https:\/\/agora.xtec.cat\/ceiprieraderibes\/wp-content\/uploads\/usu901\/2022\/12\/COMUNITAT-DE-XICS-768x352.png 768w, https:\/\/agora.xtec.cat\/ceiprieraderibes\/wp-content\/uploads\/usu901\/2022\/12\/COMUNITAT-DE-XICS.png 1284w\" sizes=\"auto, (max-width: 1024px) 100vw, 1024px\" \/><\/p>\n","protected":false},"excerpt":{"rendered":"<p>A la Comunitat de Xics hem triat el nom de la classe vinculat a un animal aut\u00f2cton de Ribes. Per fer-ho, en primer lloc, vam portar a terme un GENERAR I REMOURE per activar coneixements previs, viv\u00e8ncies, fer hip\u00f2tesis, compartir el pensament propi i contrastar&hellip;  <a href=\"https:\/\/agora.xtec.cat\/ceiprieraderibes\/general\/el-proces-de-tria-del-nom-de-la-classe\/\" title=\"Read EL PROC\u00c9S DE TRIA DEL NOM DE LA CLASSE\">Llegeix m\u00e9s\u00bb<\/a><\/p>\n","protected":false},"author":357,"featured_media":12779,"comment_status":"open","ping_status":"closed","sticky":false,"template":"","format":"standard","meta":{"_bbp_topic_count":0,"_bbp_reply_count":0,"_bbp_total_topic_count":0,"_bbp_total_reply_count":0,"_bbp_voice_count":0,"_bbp_anonymous_reply_count":0,"_bbp_topic_count_hidden":0,"_bbp_reply_count_hidden":0,"_bbp_forum_subforum_count":0,"footnotes":""},"categories":[228,232,233,1,4],"tags":[16],"class_list":["post-12767","post","type-post","status-publish","format-standard","has-post-thumbnail","hentry","category-generacio-2017","category-generacio-2018","category-generacio-2019","category-general","category-portada","tag-sortides"],"post_mailing_queue_ids":[],"_links":{"self":[{"href":"https:\/\/agora.xtec.cat\/ceiprieraderibes\/wp-json\/wp\/v2\/posts\/12767","targetHints":{"allow":["GET"]}}],"collection":[{"href":"https:\/\/agora.xtec.cat\/ceiprieraderibes\/wp-json\/wp\/v2\/posts"}],"about":[{"href":"https:\/\/agora.xtec.cat\/ceiprieraderibes\/wp-json\/wp\/v2\/types\/post"}],"author":[{"embeddable":true,"href":"https:\/\/agora.xtec.cat\/ceiprieraderibes\/wp-json\/wp\/v2\/users\/357"}],"replies":[{"embeddable":true,"href":"https:\/\/agora.xtec.cat\/ceiprieraderibes\/wp-json\/wp\/v2\/comments?post=12767"}],"version-history":[{"count":3,"href":"https:\/\/agora.xtec.cat\/ceiprieraderibes\/wp-json\/wp\/v2\/posts\/12767\/revisions"}],"predecessor-version":[{"id":12797,"href":"https:\/\/agora.xtec.cat\/ceiprieraderibes\/wp-json\/wp\/v2\/posts\/12767\/revisions\/12797"}],"wp:featuredmedia":[{"embeddable":true,"href":"https:\/\/agora.xtec.cat\/ceiprieraderibes\/wp-json\/wp\/v2\/media\/12779"}],"wp:attachment":[{"href":"https:\/\/agora.xtec.cat\/ceiprieraderibes\/wp-json\/wp\/v2\/media?parent=12767"}],"wp:term":[{"taxonomy":"category","embeddable":true,"href":"https:\/\/agora.xtec.cat\/ceiprieraderibes\/wp-json\/wp\/v2\/categories?post=12767"},{"taxonomy":"post_tag","embeddable":true,"href":"https:\/\/agora.xtec.cat\/ceiprieraderibes\/wp-json\/wp\/v2\/tags?post=12767"}],"curies":[{"name":"wp","href":"https:\/\/api.w.org\/{rel}","templated":true}]}}