{"id":12743,"date":"2022-12-09T08:30:32","date_gmt":"2022-12-09T07:30:32","guid":{"rendered":"https:\/\/agora.xtec.cat\/ceiprieraderibes\/?p=12743"},"modified":"2022-12-09T18:03:27","modified_gmt":"2022-12-09T17:03:27","slug":"els-tallers-de-nadal","status":"publish","type":"post","link":"https:\/\/agora.xtec.cat\/ceiprieraderibes\/general\/els-tallers-de-nadal\/","title":{"rendered":"Els Tallers De Nadal"},"content":{"rendered":"<p style=\"text-align: justify;\" align=\"justify\"><span style=\"font-family: Comfortaa Light, serif;\"><span style=\"font-size: medium;\">Som la <\/span><\/span><span style=\"font-family: Comfortaa, serif;\"><span style=\"font-size: medium;\"><i><b>Comunitat De Petits<\/b><\/i><\/span><\/span><span style=\"font-family: Comfortaa Light, serif;\"><span style=\"font-size: medium;\"> i hem decidit escriure un article i pujar-lo a la p\u00e0gina web de l\u2019escola per explicar com pot ser un dia a les nostres classes. Aix\u00ed que ens hem reunit uns quants nens i nenes de diferents classes, i tots junts, hem pensat qu\u00e8 era un article, com l\u2019hav\u00edem d\u2019escriure i qu\u00e8 us pod\u00edem explicar.<\/span><\/span><\/p>\n<p style=\"text-align: justify;\" align=\"justify\"><span style=\"font-family: Comfortaa Light, serif;\"><span style=\"font-size: medium;\">Aix\u00ed doncs, hem pensat que seria interessant fer-vos <\/span><\/span><span style=\"font-family: Comfortaa, serif;\"><span style=\"font-size: medium;\"><i><b>un tastet de com fem els tallers<\/b><\/i><\/span><\/span><span style=\"font-family: Comfortaa Light, serif;\"><span style=\"font-size: medium;\"> a la nostra comunitat.<\/span><\/span><\/p>\n<p style=\"text-align: justify;\" align=\"justify\"><span style=\"font-family: Comfortaa Light, serif;\"><span style=\"font-size: medium;\">En els tallers ens barregem totes les classes de la nostra comunitat: ens retrobem amb altres companys i companyes, amigues i amics, altres mestres i altres espais.<\/span><\/span><\/p>\n<p style=\"text-align: justify;\" align=\"justify\"><span style=\"font-family: Comfortaa Light, serif;\"><span style=\"font-size: medium;\">Aquest cop, els tallers s\u2019han fet perqu\u00e8 <\/span><\/span><span style=\"font-family: Comfortaa, serif;\"><span style=\"font-size: medium;\"><i><b>som els encarregats de fer el cartell i el programa de m\u00e0 de Nadal<\/b><\/i><\/span><\/span><span style=\"font-family: Comfortaa Light, serif;\"><span style=\"font-size: medium;\">. i per tant, en cada classe hi havia un taller diferent amb una tasca concreta a fer:<\/span><\/span><\/p>\n<p style=\"text-align: justify;\" align=\"justify\"><span style=\"font-family: Comfortaa Light, serif;\"><span style=\"font-size: medium;\">A la Classe de l\u2019Olivera s\u2019ha fet <\/span><\/span><span style=\"font-family: Comfortaa Light, serif;\"><span style=\"font-size: medium;\"><i>el taller <\/i><\/span><\/span><span style=\"font-family: Comfortaa Light, serif;\"><span style=\"font-size: medium;\"><i><b>de l\u2019Article Web<\/b><\/i><\/span><\/span><span style=\"font-family: Comfortaa Light, serif;\"><span style=\"font-size: medium;\">, \u00e9s a dir, <\/span><\/span><span style=\"font-family: Comfortaa, serif;\"><span style=\"font-size: medium;\"><i><b>nosaltres mateixos, les nenes i nens que estem escrivint tot aix\u00f2<\/b><\/i><\/span><\/span><span style=\"font-family: Comfortaa, serif;\"><span style=\"font-size: medium;\"><b>.<\/b><\/span><\/span><span style=\"font-family: Comfortaa Light, serif;\"><span style=\"font-size: medium;\"> Ens hem encarregat de documentar i d\u2019escriure qu\u00e8 s\u2019est\u00e0 fent en tots els altres tallers, tenint en compte les parts d\u2019un article. Aix\u00ed que ens hem imaginat que som periodistes i hem anat per les diferents classes a observar qu\u00e8 feien, fent fotos i apunts per despr\u00e9s escriure aquest article.<\/span><\/span><\/p>\n<p align=\"justify\"><a href=\"https:\/\/agora.xtec.cat\/ceiprieraderibes\/wp-content\/uploads\/usu901\/2022\/12\/1.jpg\"><img loading=\"lazy\" decoding=\"async\" class=\"aligncenter wp-image-12760 size-medium\" src=\"https:\/\/agora.xtec.cat\/ceiprieraderibes\/wp-content\/uploads\/usu901\/2022\/12\/1-300x137.jpg\" alt=\"\" width=\"300\" height=\"137\" srcset=\"https:\/\/agora.xtec.cat\/ceiprieraderibes\/wp-content\/uploads\/usu901\/2022\/12\/1-300x137.jpg 300w, https:\/\/agora.xtec.cat\/ceiprieraderibes\/wp-content\/uploads\/usu901\/2022\/12\/1-1024x468.jpg 1024w, https:\/\/agora.xtec.cat\/ceiprieraderibes\/wp-content\/uploads\/usu901\/2022\/12\/1-768x351.jpg 768w, https:\/\/agora.xtec.cat\/ceiprieraderibes\/wp-content\/uploads\/usu901\/2022\/12\/1.jpg 1503w\" sizes=\"auto, (max-width: 300px) 100vw, 300px\" \/><\/a><\/p>\n<p style=\"text-align: justify;\" align=\"justify\"><span style=\"font-family: Comfortaa Light, serif;\"><span style=\"font-size: medium;\">A la Classe del Pi s\u2019ha fet <\/span><\/span><span style=\"font-family: Comfortaa Light, serif;\"><span style=\"font-size: medium;\"><i>el taller del <\/i><\/span><\/span><span style=\"font-family: Comfortaa, serif;\"><span style=\"font-size: medium;\"><i><b>Recorregut <\/b><\/i><\/span><\/span><span style=\"font-family: Comfortaa Light, serif;\"><span style=\"font-size: medium;\">que hauran de fer les nenes i els nens el dia que anirem a cantar les can\u00e7ons de Nadal pel nostre poble. Hem vist que estaven treballant en petits grups, que han hagut de situar-se en el mapa, veure les diferents parades i dibuixar un croquis dels diferents recorreguts.<\/span><\/span><\/p>\n<p align=\"justify\" data-wp-editing=\"1\"><a href=\"https:\/\/agora.xtec.cat\/ceiprieraderibes\/wp-content\/uploads\/usu901\/2022\/12\/2.jpg\"><img loading=\"lazy\" decoding=\"async\" class=\"aligncenter wp-image-12759 size-medium\" src=\"https:\/\/agora.xtec.cat\/ceiprieraderibes\/wp-content\/uploads\/usu901\/2022\/12\/2-300x136.jpg\" alt=\"\" width=\"300\" height=\"136\" srcset=\"https:\/\/agora.xtec.cat\/ceiprieraderibes\/wp-content\/uploads\/usu901\/2022\/12\/2-300x136.jpg 300w, https:\/\/agora.xtec.cat\/ceiprieraderibes\/wp-content\/uploads\/usu901\/2022\/12\/2-1024x466.jpg 1024w, https:\/\/agora.xtec.cat\/ceiprieraderibes\/wp-content\/uploads\/usu901\/2022\/12\/2-768x349.jpg 768w, https:\/\/agora.xtec.cat\/ceiprieraderibes\/wp-content\/uploads\/usu901\/2022\/12\/2.jpg 1146w\" sizes=\"auto, (max-width: 300px) 100vw, 300px\" \/><\/a> <a href=\"https:\/\/agora.xtec.cat\/ceiprieraderibes\/wp-content\/uploads\/usu901\/2022\/12\/3.jpg\"><img loading=\"lazy\" decoding=\"async\" class=\"aligncenter wp-image-12758 size-medium\" src=\"https:\/\/agora.xtec.cat\/ceiprieraderibes\/wp-content\/uploads\/usu901\/2022\/12\/3-300x132.jpg\" alt=\"\" width=\"300\" height=\"132\" srcset=\"https:\/\/agora.xtec.cat\/ceiprieraderibes\/wp-content\/uploads\/usu901\/2022\/12\/3-300x132.jpg 300w, https:\/\/agora.xtec.cat\/ceiprieraderibes\/wp-content\/uploads\/usu901\/2022\/12\/3-1024x451.jpg 1024w, https:\/\/agora.xtec.cat\/ceiprieraderibes\/wp-content\/uploads\/usu901\/2022\/12\/3-768x338.jpg 768w, https:\/\/agora.xtec.cat\/ceiprieraderibes\/wp-content\/uploads\/usu901\/2022\/12\/3.jpg 1513w\" sizes=\"auto, (max-width: 300px) 100vw, 300px\" \/><\/a><\/p>\n<p align=\"justify\"><span style=\"font-family: Comfortaa Light, serif;\"><span style=\"font-size: medium;\">A la Classe del Llentiscle s\u2019ha fet <\/span><\/span><span style=\"font-family: Comfortaa Light, serif;\"><span style=\"font-size: medium;\"><i>el taller<\/i><\/span><\/span><span style=\"font-family: Comfortaa Light, serif;\"><span style=\"font-size: medium;\"> de <\/span><\/span><span style=\"font-family: Comfortaa, serif;\"><span style=\"font-size: medium;\"><i><b>la Tria del Poema<\/b><\/i><\/span><\/span><span style=\"font-family: Comfortaa Light, serif;\"><span style=\"font-size: medium;\"> i <\/span><\/span><span style=\"font-family: Comfortaa, serif;\"><span style=\"font-size: medium;\"><i><b>el Disseny de la Postal de Nadal<\/b><\/i><\/span><\/span><span style=\"font-family: Comfortaa Light, serif;\"><span style=\"font-size: medium;\">. Hem vist que han hagut de llegir per escollir dos poemes de tots els que han trobat, veure si rimaven, com eren les paraules, els versos\u2026 Despr\u00e9s hem vist com preparaven el disseny de la postal de Nadal, a on mesuraven amb els regles per preparar les plantilles que necessitarem m\u00e9s tard a les altres classes. <\/span><\/span><\/p>\n<p align=\"justify\"><a href=\"https:\/\/agora.xtec.cat\/ceiprieraderibes\/wp-content\/uploads\/usu901\/2022\/12\/4.jpg\"><img loading=\"lazy\" decoding=\"async\" class=\"aligncenter wp-image-12757 size-medium\" src=\"https:\/\/agora.xtec.cat\/ceiprieraderibes\/wp-content\/uploads\/usu901\/2022\/12\/4-300x245.jpg\" alt=\"\" width=\"300\" height=\"245\" srcset=\"https:\/\/agora.xtec.cat\/ceiprieraderibes\/wp-content\/uploads\/usu901\/2022\/12\/4-300x245.jpg 300w, https:\/\/agora.xtec.cat\/ceiprieraderibes\/wp-content\/uploads\/usu901\/2022\/12\/4-1024x837.jpg 1024w, https:\/\/agora.xtec.cat\/ceiprieraderibes\/wp-content\/uploads\/usu901\/2022\/12\/4-768x628.jpg 768w, https:\/\/agora.xtec.cat\/ceiprieraderibes\/wp-content\/uploads\/usu901\/2022\/12\/4.jpg 1037w\" sizes=\"auto, (max-width: 300px) 100vw, 300px\" \/><\/a><\/p>\n<p align=\"justify\"><span style=\"font-family: Comfortaa Light, serif;\"><span style=\"font-size: medium;\">A la Classe del Roman\u00ed s\u2019ha fet <\/span><\/span><span style=\"font-family: Comfortaa Light, serif;\"><span style=\"font-size: medium;\"><i>el taller<\/i><\/span><\/span> <span style=\"font-family: Comfortaa, serif;\"><span style=\"font-size: medium;\"><i><b>del Programa de M\u00e0<\/b><\/i><\/span><\/span><span style=\"font-family: Comfortaa Light, serif;\"><span style=\"font-size: medium;\">, a on s\u2019han encarregat de fer la portada i la contraportada amb diferents informacions. Hem vist que estaven molt creatius i que feien uns dibuixos impressionants!<\/span><\/span><\/p>\n<p align=\"justify\"><a href=\"https:\/\/agora.xtec.cat\/ceiprieraderibes\/wp-content\/uploads\/usu901\/2022\/12\/5.jpg\"><img loading=\"lazy\" decoding=\"async\" class=\"aligncenter wp-image-12756 size-medium\" src=\"https:\/\/agora.xtec.cat\/ceiprieraderibes\/wp-content\/uploads\/usu901\/2022\/12\/5-300x269.jpg\" alt=\"\" width=\"300\" height=\"269\" srcset=\"https:\/\/agora.xtec.cat\/ceiprieraderibes\/wp-content\/uploads\/usu901\/2022\/12\/5-300x269.jpg 300w, https:\/\/agora.xtec.cat\/ceiprieraderibes\/wp-content\/uploads\/usu901\/2022\/12\/5-768x688.jpg 768w, https:\/\/agora.xtec.cat\/ceiprieraderibes\/wp-content\/uploads\/usu901\/2022\/12\/5.jpg 951w\" sizes=\"auto, (max-width: 300px) 100vw, 300px\" \/><\/a><\/p>\n","protected":false},"excerpt":{"rendered":"<p>Som la Comunitat De Petits i hem decidit escriure un article i pujar-lo a la p\u00e0gina web de l\u2019escola per explicar com pot ser un dia a les nostres classes. Aix\u00ed que ens hem reunit uns quants nens i nenes de diferents classes, i tots&hellip;  <a href=\"https:\/\/agora.xtec.cat\/ceiprieraderibes\/general\/els-tallers-de-nadal\/\" title=\"Read Els Tallers De Nadal\">Llegeix m\u00e9s\u00bb<\/a><\/p>\n","protected":false},"author":175,"featured_media":12759,"comment_status":"open","ping_status":"closed","sticky":false,"template":"","format":"standard","meta":{"_bbp_topic_count":0,"_bbp_reply_count":0,"_bbp_total_topic_count":0,"_bbp_total_reply_count":0,"_bbp_voice_count":0,"_bbp_anonymous_reply_count":0,"_bbp_topic_count_hidden":0,"_bbp_reply_count_hidden":0,"_bbp_forum_subforum_count":0,"footnotes":""},"categories":[196,201,1,4],"tags":[],"class_list":["post-12743","post","type-post","status-publish","format-standard","has-post-thumbnail","hentry","category-generacio-2015","category-generacio-2016","category-general","category-portada"],"post_mailing_queue_ids":[],"_links":{"self":[{"href":"https:\/\/agora.xtec.cat\/ceiprieraderibes\/wp-json\/wp\/v2\/posts\/12743","targetHints":{"allow":["GET"]}}],"collection":[{"href":"https:\/\/agora.xtec.cat\/ceiprieraderibes\/wp-json\/wp\/v2\/posts"}],"about":[{"href":"https:\/\/agora.xtec.cat\/ceiprieraderibes\/wp-json\/wp\/v2\/types\/post"}],"author":[{"embeddable":true,"href":"https:\/\/agora.xtec.cat\/ceiprieraderibes\/wp-json\/wp\/v2\/users\/175"}],"replies":[{"embeddable":true,"href":"https:\/\/agora.xtec.cat\/ceiprieraderibes\/wp-json\/wp\/v2\/comments?post=12743"}],"version-history":[{"count":3,"href":"https:\/\/agora.xtec.cat\/ceiprieraderibes\/wp-json\/wp\/v2\/posts\/12743\/revisions"}],"predecessor-version":[{"id":12766,"href":"https:\/\/agora.xtec.cat\/ceiprieraderibes\/wp-json\/wp\/v2\/posts\/12743\/revisions\/12766"}],"wp:featuredmedia":[{"embeddable":true,"href":"https:\/\/agora.xtec.cat\/ceiprieraderibes\/wp-json\/wp\/v2\/media\/12759"}],"wp:attachment":[{"href":"https:\/\/agora.xtec.cat\/ceiprieraderibes\/wp-json\/wp\/v2\/media?parent=12743"}],"wp:term":[{"taxonomy":"category","embeddable":true,"href":"https:\/\/agora.xtec.cat\/ceiprieraderibes\/wp-json\/wp\/v2\/categories?post=12743"},{"taxonomy":"post_tag","embeddable":true,"href":"https:\/\/agora.xtec.cat\/ceiprieraderibes\/wp-json\/wp\/v2\/tags?post=12743"}],"curies":[{"name":"wp","href":"https:\/\/api.w.org\/{rel}","templated":true}]}}