{"id":12687,"date":"2022-07-15T15:27:12","date_gmt":"2022-07-15T13:27:12","guid":{"rendered":"https:\/\/agora.xtec.cat\/ceiprieraderibes\/?p=12687"},"modified":"2022-07-15T15:27:52","modified_gmt":"2022-07-15T13:27:52","slug":"informacions-inici-de-curs","status":"publish","type":"post","link":"https:\/\/agora.xtec.cat\/ceiprieraderibes\/general\/informacions-inici-de-curs\/","title":{"rendered":"Informacions inici de curs"},"content":{"rendered":"<div class=\"gmail_default\">Benvolgudes fam\u00edlies,<\/div>\n<div class=\"gmail_default\"><\/div>\n<div class=\"gmail_default\">Un cop fetes les diferents reunions informatives del curs 22-23, trobareu tota la informaci\u00f3 relativa al curs 22-23 al seg\u00fcent enlla\u00e7:\u00a0 <a href=\"https:\/\/agora.xtec.cat\/ceiprieraderibes\/documents-curs-2022-2023\/\">https:\/\/agora.xtec.cat\/ceiprieraderibes\/documents-curs-2022-2023\/<\/a><\/div>\n<div><\/div>\n<div class=\"gmail_default\">Trobareu la presentaci\u00f3 realitzada en les reunions, el llibret d&#8217;inici de curs, el calendari i les aportacions econ\u00f2miques. Tamb\u00e9 hi trobareu el document relatiu a l&#8217;adaptaci\u00f3 de Infantil 3 (antic P3).<\/div>\n<div class=\"gmail_default\"><\/div>\n<div class=\"gmail_default\">Recordar tamb\u00e9 que\u00a0<b>Dijous 1 setembre\u00a0<\/b>farem la presentaci\u00f3 del curs a les<b>\u00a019h<\/b>\u00a0a l&#8217;escola. Us esperem a tots i totes.<\/div>\n<div class=\"gmail_default\"><\/div>\n<div class=\"gmail_default\">\n<p>Esperem que gaudiu de l&#8217;estiu i ens veiem al setembre.<\/p>\n<div>\n<div class=\"gmail_signature\" dir=\"ltr\" data-smartmail=\"gmail_signature\">\n<div dir=\"ltr\">\n<div><span style=\"font-family: verdana, sans-serif;\">\u00a0<\/span><\/div>\n<p><span style=\"font-family: verdana, sans-serif;\">Equip Directiu<\/span><\/p>\n<\/div>\n<\/div>\n<\/div>\n<\/div>\n","protected":false},"excerpt":{"rendered":"<p>Benvolgudes fam\u00edlies,<\/p>\n<p>Un cop fetes les diferents reunions informatives del curs 22-23, trobareu tota la informaci\u00f3 relativa al curs 22-23 al seg\u00fcent enlla\u00e7:\u00a0 <a href=\"https:\/\/agora.xtec.cat\/ceiprieraderibes\/documents-curs-2022-2023\/\">https:\/\/agora.xtec.cat\/ceiprieraderibes\/documents-curs-2022-2023\/<\/a><\/p>\n<p>Trobareu la presentaci\u00f3 realitzada en les reunions, el llibret d&#8217;inici de curs, el calendari i les aportacions econ\u00f2miques. Tamb\u00e9 hi trobareu el&hellip;  <a href=\"https:\/\/agora.xtec.cat\/ceiprieraderibes\/general\/informacions-inici-de-curs\/\" title=\"Read Informacions inici de curs\">Llegeix m\u00e9s\u00bb<\/a><\/p>\n","protected":false},"author":175,"featured_media":0,"comment_status":"open","ping_status":"closed","sticky":false,"template":"","format":"standard","meta":{"_bbp_topic_count":0,"_bbp_reply_count":0,"_bbp_total_topic_count":0,"_bbp_total_reply_count":0,"_bbp_voice_count":0,"_bbp_anonymous_reply_count":0,"_bbp_topic_count_hidden":0,"_bbp_reply_count_hidden":0,"_bbp_forum_subforum_count":0,"footnotes":""},"categories":[1,4],"tags":[],"class_list":["post-12687","post","type-post","status-publish","format-standard","hentry","category-general","category-portada"],"post_mailing_queue_ids":[],"_links":{"self":[{"href":"https:\/\/agora.xtec.cat\/ceiprieraderibes\/wp-json\/wp\/v2\/posts\/12687","targetHints":{"allow":["GET"]}}],"collection":[{"href":"https:\/\/agora.xtec.cat\/ceiprieraderibes\/wp-json\/wp\/v2\/posts"}],"about":[{"href":"https:\/\/agora.xtec.cat\/ceiprieraderibes\/wp-json\/wp\/v2\/types\/post"}],"author":[{"embeddable":true,"href":"https:\/\/agora.xtec.cat\/ceiprieraderibes\/wp-json\/wp\/v2\/users\/175"}],"replies":[{"embeddable":true,"href":"https:\/\/agora.xtec.cat\/ceiprieraderibes\/wp-json\/wp\/v2\/comments?post=12687"}],"version-history":[{"count":2,"href":"https:\/\/agora.xtec.cat\/ceiprieraderibes\/wp-json\/wp\/v2\/posts\/12687\/revisions"}],"predecessor-version":[{"id":12689,"href":"https:\/\/agora.xtec.cat\/ceiprieraderibes\/wp-json\/wp\/v2\/posts\/12687\/revisions\/12689"}],"wp:attachment":[{"href":"https:\/\/agora.xtec.cat\/ceiprieraderibes\/wp-json\/wp\/v2\/media?parent=12687"}],"wp:term":[{"taxonomy":"category","embeddable":true,"href":"https:\/\/agora.xtec.cat\/ceiprieraderibes\/wp-json\/wp\/v2\/categories?post=12687"},{"taxonomy":"post_tag","embeddable":true,"href":"https:\/\/agora.xtec.cat\/ceiprieraderibes\/wp-json\/wp\/v2\/tags?post=12687"}],"curies":[{"name":"wp","href":"https:\/\/api.w.org\/{rel}","templated":true}]}}