{"id":12638,"date":"2022-05-29T19:35:09","date_gmt":"2022-05-29T17:35:09","guid":{"rendered":"https:\/\/agora.xtec.cat\/ceiprieraderibes\/?p=12638"},"modified":"2022-05-29T19:40:37","modified_gmt":"2022-05-29T17:40:37","slug":"indagacio-sobre-els-5-sentits","status":"publish","type":"post","link":"https:\/\/agora.xtec.cat\/ceiprieraderibes\/general\/indagacio-sobre-els-5-sentits\/","title":{"rendered":"Indagaci\u00f3 sobre els 5 sentits"},"content":{"rendered":"<p style=\"text-align: justify\"><span style=\"font-weight: 400\">Un dia, durant l&#8217;esmorzar compartit en P3 Espai 2, una nena va dir: <em>\u201cles mandarines fan gust de\u2026.iiiuuuu<\/em> (cara d&#8217;haver menjat una cosa \u00e0cida). Ens vam preguntar quin era aquest gust, com es deia i si hi havia m\u00e9s gustos.\u00a0 Vam descobrir moltes coses, i ens vam adonar que era un sentit. A m\u00e9s a m\u00e9s, hi havia 4 que no coneix\u00edem! Ens vam posar a investigar quins eren i per a qu\u00e8 servien! EL GUST, L\u2019OLFACTE, L\u2019O\u00cfDA, LA VISTA I EL TACTE. Hem apr\u00e8s moltes coses i ens ho hem passat Superb\u00e9!<\/span><\/p>\n<p>Us deixem el v\u00eddeo de tot el treball que hem fet.<br \/>\n<iframe loading=\"lazy\" title=\"Els 5 sentits\" src=\"https:\/\/player.vimeo.com\/video\/714979153?h=5595e3a73d&amp;badge=0&amp;autopause=0&amp;player_id=0&amp;app_id=58479\" width=\"2500\" height=\"1406\" frameborder=\"0\"><\/iframe><\/p>\n","protected":false},"excerpt":{"rendered":"<p>Un dia, durant l&#8217;esmorzar compartit en P3 Espai 2, una nena va dir: \u201cles mandarines fan gust de\u2026.iiiuuuu (cara d&#8217;haver menjat una cosa \u00e0cida). Ens vam preguntar quin era aquest gust, com es deia i si hi havia m\u00e9s gustos.\u00a0 Vam descobrir moltes coses, i&hellip;  <a href=\"https:\/\/agora.xtec.cat\/ceiprieraderibes\/general\/indagacio-sobre-els-5-sentits\/\" title=\"Read Indagaci\u00f3 sobre els 5 sentits\">Llegeix m\u00e9s\u00bb<\/a><\/p>\n","protected":false},"author":357,"featured_media":12639,"comment_status":"open","ping_status":"closed","sticky":false,"template":"","format":"standard","meta":{"_bbp_topic_count":0,"_bbp_reply_count":0,"_bbp_total_topic_count":0,"_bbp_total_reply_count":0,"_bbp_voice_count":0,"_bbp_anonymous_reply_count":0,"_bbp_topic_count_hidden":0,"_bbp_reply_count_hidden":0,"_bbp_forum_subforum_count":0,"footnotes":""},"categories":[232,1,4],"tags":[],"class_list":["post-12638","post","type-post","status-publish","format-standard","has-post-thumbnail","hentry","category-generacio-2018","category-general","category-portada"],"post_mailing_queue_ids":[],"_links":{"self":[{"href":"https:\/\/agora.xtec.cat\/ceiprieraderibes\/wp-json\/wp\/v2\/posts\/12638","targetHints":{"allow":["GET"]}}],"collection":[{"href":"https:\/\/agora.xtec.cat\/ceiprieraderibes\/wp-json\/wp\/v2\/posts"}],"about":[{"href":"https:\/\/agora.xtec.cat\/ceiprieraderibes\/wp-json\/wp\/v2\/types\/post"}],"author":[{"embeddable":true,"href":"https:\/\/agora.xtec.cat\/ceiprieraderibes\/wp-json\/wp\/v2\/users\/357"}],"replies":[{"embeddable":true,"href":"https:\/\/agora.xtec.cat\/ceiprieraderibes\/wp-json\/wp\/v2\/comments?post=12638"}],"version-history":[{"count":3,"href":"https:\/\/agora.xtec.cat\/ceiprieraderibes\/wp-json\/wp\/v2\/posts\/12638\/revisions"}],"predecessor-version":[{"id":12643,"href":"https:\/\/agora.xtec.cat\/ceiprieraderibes\/wp-json\/wp\/v2\/posts\/12638\/revisions\/12643"}],"wp:featuredmedia":[{"embeddable":true,"href":"https:\/\/agora.xtec.cat\/ceiprieraderibes\/wp-json\/wp\/v2\/media\/12639"}],"wp:attachment":[{"href":"https:\/\/agora.xtec.cat\/ceiprieraderibes\/wp-json\/wp\/v2\/media?parent=12638"}],"wp:term":[{"taxonomy":"category","embeddable":true,"href":"https:\/\/agora.xtec.cat\/ceiprieraderibes\/wp-json\/wp\/v2\/categories?post=12638"},{"taxonomy":"post_tag","embeddable":true,"href":"https:\/\/agora.xtec.cat\/ceiprieraderibes\/wp-json\/wp\/v2\/tags?post=12638"}],"curies":[{"name":"wp","href":"https:\/\/api.w.org\/{rel}","templated":true}]}}