{"id":12565,"date":"2022-04-22T18:27:59","date_gmt":"2022-04-22T16:27:59","guid":{"rendered":"https:\/\/agora.xtec.cat\/ceiprieraderibes\/?p=12565"},"modified":"2022-04-23T10:27:29","modified_gmt":"2022-04-23T08:27:29","slug":"celebrem-sant-jordi-a-lescola-riera-de-ribes-mireu-mireu","status":"publish","type":"post","link":"https:\/\/agora.xtec.cat\/ceiprieraderibes\/general\/celebrem-sant-jordi-a-lescola-riera-de-ribes-mireu-mireu\/","title":{"rendered":"Celebrem Sant Jordi a l&#8217;escola Riera de Ribes!!! Mireu, mireu &#8230;"},"content":{"rendered":"<p style=\"text-align: justify\">Avui 21 d\u2019abril hem celebrat\u00a0 Sant Jordi a l&#8217;escola. L&#8217;obertura ha estat a c\u00e0rrec de la nostra Directora l&#8217;Elena Ferrer i un grup d&#8217;alumnes de sis\u00e8. Ha estat molt emocionant!!!<\/p>\n<p style=\"text-align: justify\">Sant Jordi \u00e9s una de les celebracions m\u00e9s boniques. Carrers, places i barris plens de gent, fent de l\u2019espai p\u00fablic un punt de trobada \u2014i de retrobament\u2014, regalant-nos roses i llibres, compartint somriures i alegries, i teixint complicitats que ens cohesionen i enforteixen com a societat.<\/p>\n<p>Mireu, mireu &#8230;<iframe style=\"width: 100%;height: 100%\" title=\"Sant Jordi 2022 Riera de Ribes\" src=\"https:\/\/player.vimeo.com\/video\/702117075?h=506d712743&amp;badge=0&amp;autopause=0&amp;player_id=0&amp;app_id=58479\" frameborder=\"0\"><\/iframe><\/p>\n<p style=\"text-align: justify\"><script src=\"https:\/\/player.vimeo.com\/api\/player.js\"><\/script><\/p>\n<p style=\"text-align: justify\">Els nens i les nenes d&#8217;Educaci\u00f3 Infantil hem gaudit d&#8217;un fant\u00e0stic dia de Sant Jordi amb contes musicals, il\u00b7lustracions i representacions teatrals amb uns personatges sorpresa: les mestres. Ha estat una jornada emocionant. Hem tornat a poder sentir el caliu d&#8217;aquesta celebraci\u00f3. Mireu, mireu &#8230;<\/p>\n\n\t\t<style type=\"text\/css\">\n\t\t\t#gallery-1 {\n\t\t\t\tmargin: auto;\n\t\t\t}\n\t\t\t#gallery-1 .gallery-item {\n\t\t\t\tfloat: left;\n\t\t\t\tmargin-top: 10px;\n\t\t\t\ttext-align: center;\n\t\t\t\twidth: 33%;\n\t\t\t}\n\t\t\t#gallery-1 img {\n\t\t\t\tborder: 2px solid #cfcfcf;\n\t\t\t}\n\t\t\t#gallery-1 .gallery-caption {\n\t\t\t\tmargin-left: 0;\n\t\t\t}\n\t\t\t\/* see gallery_shortcode() in wp-includes\/media.php *\/\n\t\t<\/style>\n\t\t<div id='gallery-1' class='gallery galleryid-12565 gallery-columns-3 gallery-size-medium'><dl class='gallery-item'>\n\t\t\t<dt class='gallery-icon landscape'>\n\t\t\t\t<a href='https:\/\/agora.xtec.cat\/ceiprieraderibes\/general\/celebrem-sant-jordi-a-lescola-riera-de-ribes-mireu-mireu\/attachment\/d4c262e5-c2c8-4a43-a3bc-9c8c2dd84eaf\/'><img loading=\"lazy\" decoding=\"async\" width=\"300\" height=\"225\" src=\"https:\/\/agora.xtec.cat\/ceiprieraderibes\/wp-content\/uploads\/usu901\/2022\/04\/d4c262e5-c2c8-4a43-a3bc-9c8c2dd84eaf-300x225.jpg\" class=\"attachment-medium size-medium\" alt=\"\" aria-describedby=\"gallery-1-12588\" srcset=\"https:\/\/agora.xtec.cat\/ceiprieraderibes\/wp-content\/uploads\/usu901\/2022\/04\/d4c262e5-c2c8-4a43-a3bc-9c8c2dd84eaf-300x225.jpg 300w, https:\/\/agora.xtec.cat\/ceiprieraderibes\/wp-content\/uploads\/usu901\/2022\/04\/d4c262e5-c2c8-4a43-a3bc-9c8c2dd84eaf-1024x768.jpg 1024w, https:\/\/agora.xtec.cat\/ceiprieraderibes\/wp-content\/uploads\/usu901\/2022\/04\/d4c262e5-c2c8-4a43-a3bc-9c8c2dd84eaf-768x576.jpg 768w, https:\/\/agora.xtec.cat\/ceiprieraderibes\/wp-content\/uploads\/usu901\/2022\/04\/d4c262e5-c2c8-4a43-a3bc-9c8c2dd84eaf-1536x1152.jpg 1536w, https:\/\/agora.xtec.cat\/ceiprieraderibes\/wp-content\/uploads\/usu901\/2022\/04\/d4c262e5-c2c8-4a43-a3bc-9c8c2dd84eaf-200x150.jpg 200w, https:\/\/agora.xtec.cat\/ceiprieraderibes\/wp-content\/uploads\/usu901\/2022\/04\/d4c262e5-c2c8-4a43-a3bc-9c8c2dd84eaf.jpg 1600w\" sizes=\"auto, (max-width: 300px) 100vw, 300px\" \/><\/a>\n\t\t\t<\/dt>\n\t\t\t\t<dd class='wp-caption-text gallery-caption' id='gallery-1-12588'>\n\t\t\t\t.\n\t\t\t\t<\/dd><\/dl><dl class='gallery-item'>\n\t\t\t<dt class='gallery-icon landscape'>\n\t\t\t\t<a href='https:\/\/agora.xtec.cat\/ceiprieraderibes\/general\/celebrem-sant-jordi-a-lescola-riera-de-ribes-mireu-mireu\/attachment\/d24ed6f8-8d3d-42fb-aa82-b3966c258bf5\/'><img loading=\"lazy\" decoding=\"async\" width=\"300\" height=\"225\" src=\"https:\/\/agora.xtec.cat\/ceiprieraderibes\/wp-content\/uploads\/usu901\/2022\/04\/d24ed6f8-8d3d-42fb-aa82-b3966c258bf5-300x225.jpg\" class=\"attachment-medium size-medium\" alt=\"\" aria-describedby=\"gallery-1-12589\" srcset=\"https:\/\/agora.xtec.cat\/ceiprieraderibes\/wp-content\/uploads\/usu901\/2022\/04\/d24ed6f8-8d3d-42fb-aa82-b3966c258bf5-300x225.jpg 300w, https:\/\/agora.xtec.cat\/ceiprieraderibes\/wp-content\/uploads\/usu901\/2022\/04\/d24ed6f8-8d3d-42fb-aa82-b3966c258bf5-1024x769.jpg 1024w, https:\/\/agora.xtec.cat\/ceiprieraderibes\/wp-content\/uploads\/usu901\/2022\/04\/d24ed6f8-8d3d-42fb-aa82-b3966c258bf5-768x576.jpg 768w, https:\/\/agora.xtec.cat\/ceiprieraderibes\/wp-content\/uploads\/usu901\/2022\/04\/d24ed6f8-8d3d-42fb-aa82-b3966c258bf5-1536x1153.jpg 1536w, https:\/\/agora.xtec.cat\/ceiprieraderibes\/wp-content\/uploads\/usu901\/2022\/04\/d24ed6f8-8d3d-42fb-aa82-b3966c258bf5-200x150.jpg 200w, https:\/\/agora.xtec.cat\/ceiprieraderibes\/wp-content\/uploads\/usu901\/2022\/04\/d24ed6f8-8d3d-42fb-aa82-b3966c258bf5.jpg 1600w\" sizes=\"auto, (max-width: 300px) 100vw, 300px\" \/><\/a>\n\t\t\t<\/dt>\n\t\t\t\t<dd class='wp-caption-text gallery-caption' id='gallery-1-12589'>\n\t\t\t\t.\n\t\t\t\t<\/dd><\/dl><dl class='gallery-item'>\n\t\t\t<dt class='gallery-icon landscape'>\n\t\t\t\t<a href='https:\/\/agora.xtec.cat\/ceiprieraderibes\/general\/celebrem-sant-jordi-a-lescola-riera-de-ribes-mireu-mireu\/attachment\/dbd7a288-613e-44b9-92da-6246e83ece34\/'><img loading=\"lazy\" decoding=\"async\" width=\"300\" height=\"225\" src=\"https:\/\/agora.xtec.cat\/ceiprieraderibes\/wp-content\/uploads\/usu901\/2022\/04\/dbd7a288-613e-44b9-92da-6246e83ece34-300x225.jpg\" class=\"attachment-medium size-medium\" alt=\"\" aria-describedby=\"gallery-1-12590\" srcset=\"https:\/\/agora.xtec.cat\/ceiprieraderibes\/wp-content\/uploads\/usu901\/2022\/04\/dbd7a288-613e-44b9-92da-6246e83ece34-300x225.jpg 300w, https:\/\/agora.xtec.cat\/ceiprieraderibes\/wp-content\/uploads\/usu901\/2022\/04\/dbd7a288-613e-44b9-92da-6246e83ece34-1024x768.jpg 1024w, https:\/\/agora.xtec.cat\/ceiprieraderibes\/wp-content\/uploads\/usu901\/2022\/04\/dbd7a288-613e-44b9-92da-6246e83ece34-768x576.jpg 768w, https:\/\/agora.xtec.cat\/ceiprieraderibes\/wp-content\/uploads\/usu901\/2022\/04\/dbd7a288-613e-44b9-92da-6246e83ece34-1536x1152.jpg 1536w, https:\/\/agora.xtec.cat\/ceiprieraderibes\/wp-content\/uploads\/usu901\/2022\/04\/dbd7a288-613e-44b9-92da-6246e83ece34-200x150.jpg 200w, https:\/\/agora.xtec.cat\/ceiprieraderibes\/wp-content\/uploads\/usu901\/2022\/04\/dbd7a288-613e-44b9-92da-6246e83ece34.jpg 2048w\" sizes=\"auto, (max-width: 300px) 100vw, 300px\" \/><\/a>\n\t\t\t<\/dt>\n\t\t\t\t<dd class='wp-caption-text gallery-caption' id='gallery-1-12590'>\n\t\t\t\t.\n\t\t\t\t<\/dd><\/dl><br style=\"clear: both\" \/><dl class='gallery-item'>\n\t\t\t<dt class='gallery-icon landscape'>\n\t\t\t\t<a href='https:\/\/agora.xtec.cat\/ceiprieraderibes\/general\/celebrem-sant-jordi-a-lescola-riera-de-ribes-mireu-mireu\/attachment\/e1d561bd-6284-4af6-867b-007c1ac4af19\/'><img loading=\"lazy\" decoding=\"async\" width=\"300\" height=\"225\" src=\"https:\/\/agora.xtec.cat\/ceiprieraderibes\/wp-content\/uploads\/usu901\/2022\/04\/e1d561bd-6284-4af6-867b-007c1ac4af19-300x225.jpg\" class=\"attachment-medium size-medium\" alt=\"\" aria-describedby=\"gallery-1-12591\" srcset=\"https:\/\/agora.xtec.cat\/ceiprieraderibes\/wp-content\/uploads\/usu901\/2022\/04\/e1d561bd-6284-4af6-867b-007c1ac4af19-300x225.jpg 300w, https:\/\/agora.xtec.cat\/ceiprieraderibes\/wp-content\/uploads\/usu901\/2022\/04\/e1d561bd-6284-4af6-867b-007c1ac4af19-1024x768.jpg 1024w, https:\/\/agora.xtec.cat\/ceiprieraderibes\/wp-content\/uploads\/usu901\/2022\/04\/e1d561bd-6284-4af6-867b-007c1ac4af19-768x576.jpg 768w, https:\/\/agora.xtec.cat\/ceiprieraderibes\/wp-content\/uploads\/usu901\/2022\/04\/e1d561bd-6284-4af6-867b-007c1ac4af19-1536x1152.jpg 1536w, https:\/\/agora.xtec.cat\/ceiprieraderibes\/wp-content\/uploads\/usu901\/2022\/04\/e1d561bd-6284-4af6-867b-007c1ac4af19-200x150.jpg 200w, https:\/\/agora.xtec.cat\/ceiprieraderibes\/wp-content\/uploads\/usu901\/2022\/04\/e1d561bd-6284-4af6-867b-007c1ac4af19.jpg 1600w\" sizes=\"auto, (max-width: 300px) 100vw, 300px\" \/><\/a>\n\t\t\t<\/dt>\n\t\t\t\t<dd class='wp-caption-text gallery-caption' id='gallery-1-12591'>\n\t\t\t\t.\n\t\t\t\t<\/dd><\/dl><dl class='gallery-item'>\n\t\t\t<dt class='gallery-icon landscape'>\n\t\t\t\t<a href='https:\/\/agora.xtec.cat\/ceiprieraderibes\/general\/celebrem-sant-jordi-a-lescola-riera-de-ribes-mireu-mireu\/attachment\/f35f0052-e268-465e-82dd-95dca79961ba\/'><img loading=\"lazy\" decoding=\"async\" width=\"300\" height=\"225\" src=\"https:\/\/agora.xtec.cat\/ceiprieraderibes\/wp-content\/uploads\/usu901\/2022\/04\/f35f0052-e268-465e-82dd-95dca79961ba-300x225.jpg\" class=\"attachment-medium size-medium\" alt=\"\" aria-describedby=\"gallery-1-12593\" srcset=\"https:\/\/agora.xtec.cat\/ceiprieraderibes\/wp-content\/uploads\/usu901\/2022\/04\/f35f0052-e268-465e-82dd-95dca79961ba-300x225.jpg 300w, https:\/\/agora.xtec.cat\/ceiprieraderibes\/wp-content\/uploads\/usu901\/2022\/04\/f35f0052-e268-465e-82dd-95dca79961ba-1024x768.jpg 1024w, https:\/\/agora.xtec.cat\/ceiprieraderibes\/wp-content\/uploads\/usu901\/2022\/04\/f35f0052-e268-465e-82dd-95dca79961ba-768x576.jpg 768w, https:\/\/agora.xtec.cat\/ceiprieraderibes\/wp-content\/uploads\/usu901\/2022\/04\/f35f0052-e268-465e-82dd-95dca79961ba-1536x1152.jpg 1536w, https:\/\/agora.xtec.cat\/ceiprieraderibes\/wp-content\/uploads\/usu901\/2022\/04\/f35f0052-e268-465e-82dd-95dca79961ba-200x150.jpg 200w, https:\/\/agora.xtec.cat\/ceiprieraderibes\/wp-content\/uploads\/usu901\/2022\/04\/f35f0052-e268-465e-82dd-95dca79961ba.jpg 2000w\" sizes=\"auto, (max-width: 300px) 100vw, 300px\" \/><\/a>\n\t\t\t<\/dt>\n\t\t\t\t<dd class='wp-caption-text gallery-caption' id='gallery-1-12593'>\n\t\t\t\t.\n\t\t\t\t<\/dd><\/dl>\n\t\t\t<br style='clear: both' \/>\n\t\t<\/div>\n\n<p style=\"text-align: justify\">Els nens i les nenes de 1r Cicle hem rebut la visita de l&#8217;Esther que ens ha explicat l&#8217;\u00e0lbum il\u00b7lustrat El Senyor Oriol. Com a la llegenda de Sant Jordi hi apareix un drac l&#8217;alumnat de 2n ha fet dracs ben divertits. Tamb\u00e9 hem escoltat un conte teatralitzat per les fam\u00edlies. La Laia, la Gemma i en Bernat ens han contat el conte El cavaller que no volia lluitar i hem pogut dibuixar al seu protagonista. Tamb\u00e9 hem fet diferents tallers art\u00edstics i literaris: hem creat roses, cal\u00b7ligrames per dedicar, hem pensat les virtuts de cadasc\u00fa a partir del nostre nom, i moltes coses m\u00e9s.<\/p>\n\n\t\t<style type=\"text\/css\">\n\t\t\t#gallery-2 {\n\t\t\t\tmargin: auto;\n\t\t\t}\n\t\t\t#gallery-2 .gallery-item {\n\t\t\t\tfloat: left;\n\t\t\t\tmargin-top: 10px;\n\t\t\t\ttext-align: center;\n\t\t\t\twidth: 50%;\n\t\t\t}\n\t\t\t#gallery-2 img {\n\t\t\t\tborder: 2px solid #cfcfcf;\n\t\t\t}\n\t\t\t#gallery-2 .gallery-caption {\n\t\t\t\tmargin-left: 0;\n\t\t\t}\n\t\t\t\/* see gallery_shortcode() in wp-includes\/media.php *\/\n\t\t<\/style>\n\t\t<div id='gallery-2' class='gallery galleryid-12565 gallery-columns-2 gallery-size-large'><dl class='gallery-item'>\n\t\t\t<dt class='gallery-icon landscape'>\n\t\t\t\t<a href='https:\/\/agora.xtec.cat\/ceiprieraderibes\/general\/celebrem-sant-jordi-a-lescola-riera-de-ribes-mireu-mireu\/attachment\/cc19b358-8df5-4d11-8c6e-8d35638cd3f2\/'><img loading=\"lazy\" decoding=\"async\" width=\"1024\" height=\"576\" src=\"https:\/\/agora.xtec.cat\/ceiprieraderibes\/wp-content\/uploads\/usu901\/2022\/04\/cc19b358-8df5-4d11-8c6e-8d35638cd3f2-1024x576.jpg\" class=\"attachment-large size-large\" alt=\"\" aria-describedby=\"gallery-2-12594\" srcset=\"https:\/\/agora.xtec.cat\/ceiprieraderibes\/wp-content\/uploads\/usu901\/2022\/04\/cc19b358-8df5-4d11-8c6e-8d35638cd3f2-1024x576.jpg 1024w, https:\/\/agora.xtec.cat\/ceiprieraderibes\/wp-content\/uploads\/usu901\/2022\/04\/cc19b358-8df5-4d11-8c6e-8d35638cd3f2-300x169.jpg 300w, https:\/\/agora.xtec.cat\/ceiprieraderibes\/wp-content\/uploads\/usu901\/2022\/04\/cc19b358-8df5-4d11-8c6e-8d35638cd3f2-768x432.jpg 768w, https:\/\/agora.xtec.cat\/ceiprieraderibes\/wp-content\/uploads\/usu901\/2022\/04\/cc19b358-8df5-4d11-8c6e-8d35638cd3f2-1536x864.jpg 1536w, https:\/\/agora.xtec.cat\/ceiprieraderibes\/wp-content\/uploads\/usu901\/2022\/04\/cc19b358-8df5-4d11-8c6e-8d35638cd3f2.jpg 1600w\" sizes=\"auto, (max-width: 1024px) 100vw, 1024px\" \/><\/a>\n\t\t\t<\/dt>\n\t\t\t\t<dd class='wp-caption-text gallery-caption' id='gallery-2-12594'>\n\t\t\t\t.\n\t\t\t\t<\/dd><\/dl><dl class='gallery-item'>\n\t\t\t<dt class='gallery-icon landscape'>\n\t\t\t\t<a href='https:\/\/agora.xtec.cat\/ceiprieraderibes\/general\/celebrem-sant-jordi-a-lescola-riera-de-ribes-mireu-mireu\/attachment\/39b45b06-1474-4708-aa89-96c196ef6ca5\/'><img loading=\"lazy\" decoding=\"async\" width=\"1024\" height=\"576\" src=\"https:\/\/agora.xtec.cat\/ceiprieraderibes\/wp-content\/uploads\/usu901\/2022\/04\/39b45b06-1474-4708-aa89-96c196ef6ca5-1024x576.jpg\" class=\"attachment-large size-large\" alt=\"\" aria-describedby=\"gallery-2-12595\" srcset=\"https:\/\/agora.xtec.cat\/ceiprieraderibes\/wp-content\/uploads\/usu901\/2022\/04\/39b45b06-1474-4708-aa89-96c196ef6ca5-1024x576.jpg 1024w, https:\/\/agora.xtec.cat\/ceiprieraderibes\/wp-content\/uploads\/usu901\/2022\/04\/39b45b06-1474-4708-aa89-96c196ef6ca5-300x169.jpg 300w, https:\/\/agora.xtec.cat\/ceiprieraderibes\/wp-content\/uploads\/usu901\/2022\/04\/39b45b06-1474-4708-aa89-96c196ef6ca5-768x432.jpg 768w, https:\/\/agora.xtec.cat\/ceiprieraderibes\/wp-content\/uploads\/usu901\/2022\/04\/39b45b06-1474-4708-aa89-96c196ef6ca5-1536x864.jpg 1536w, https:\/\/agora.xtec.cat\/ceiprieraderibes\/wp-content\/uploads\/usu901\/2022\/04\/39b45b06-1474-4708-aa89-96c196ef6ca5.jpg 2000w\" sizes=\"auto, (max-width: 1024px) 100vw, 1024px\" \/><\/a>\n\t\t\t<\/dt>\n\t\t\t\t<dd class='wp-caption-text gallery-caption' id='gallery-2-12595'>\n\t\t\t\t.\n\t\t\t\t<\/dd><\/dl><br style=\"clear: both\" \/><dl class='gallery-item'>\n\t\t\t<dt class='gallery-icon portrait'>\n\t\t\t\t<a href='https:\/\/agora.xtec.cat\/ceiprieraderibes\/general\/celebrem-sant-jordi-a-lescola-riera-de-ribes-mireu-mireu\/attachment\/5cdd812f-779e-470d-9548-772d69fc45be\/'><img loading=\"lazy\" decoding=\"async\" width=\"819\" height=\"1024\" src=\"https:\/\/agora.xtec.cat\/ceiprieraderibes\/wp-content\/uploads\/usu901\/2022\/04\/5cdd812f-779e-470d-9548-772d69fc45be-819x1024.jpg\" class=\"attachment-large size-large\" alt=\"\" aria-describedby=\"gallery-2-12596\" srcset=\"https:\/\/agora.xtec.cat\/ceiprieraderibes\/wp-content\/uploads\/usu901\/2022\/04\/5cdd812f-779e-470d-9548-772d69fc45be-819x1024.jpg 819w, https:\/\/agora.xtec.cat\/ceiprieraderibes\/wp-content\/uploads\/usu901\/2022\/04\/5cdd812f-779e-470d-9548-772d69fc45be-240x300.jpg 240w, https:\/\/agora.xtec.cat\/ceiprieraderibes\/wp-content\/uploads\/usu901\/2022\/04\/5cdd812f-779e-470d-9548-772d69fc45be-768x961.jpg 768w, https:\/\/agora.xtec.cat\/ceiprieraderibes\/wp-content\/uploads\/usu901\/2022\/04\/5cdd812f-779e-470d-9548-772d69fc45be-1228x1536.jpg 1228w, https:\/\/agora.xtec.cat\/ceiprieraderibes\/wp-content\/uploads\/usu901\/2022\/04\/5cdd812f-779e-470d-9548-772d69fc45be.jpg 1279w\" sizes=\"auto, (max-width: 819px) 100vw, 819px\" \/><\/a>\n\t\t\t<\/dt>\n\t\t\t\t<dd class='wp-caption-text gallery-caption' id='gallery-2-12596'>\n\t\t\t\t.\n\t\t\t\t<\/dd><\/dl><dl class='gallery-item'>\n\t\t\t<dt class='gallery-icon portrait'>\n\t\t\t\t<a href='https:\/\/agora.xtec.cat\/ceiprieraderibes\/general\/celebrem-sant-jordi-a-lescola-riera-de-ribes-mireu-mireu\/attachment\/eebf9a6e-b8ae-4bc7-8a92-88d36ea738bb-1\/'><img loading=\"lazy\" decoding=\"async\" width=\"819\" height=\"1024\" src=\"https:\/\/agora.xtec.cat\/ceiprieraderibes\/wp-content\/uploads\/usu901\/2022\/04\/eebf9a6e-b8ae-4bc7-8a92-88d36ea738bb-1-819x1024.jpg\" class=\"attachment-large size-large\" alt=\"\" aria-describedby=\"gallery-2-12598\" srcset=\"https:\/\/agora.xtec.cat\/ceiprieraderibes\/wp-content\/uploads\/usu901\/2022\/04\/eebf9a6e-b8ae-4bc7-8a92-88d36ea738bb-1-819x1024.jpg 819w, https:\/\/agora.xtec.cat\/ceiprieraderibes\/wp-content\/uploads\/usu901\/2022\/04\/eebf9a6e-b8ae-4bc7-8a92-88d36ea738bb-1-240x300.jpg 240w, https:\/\/agora.xtec.cat\/ceiprieraderibes\/wp-content\/uploads\/usu901\/2022\/04\/eebf9a6e-b8ae-4bc7-8a92-88d36ea738bb-1-768x961.jpg 768w, https:\/\/agora.xtec.cat\/ceiprieraderibes\/wp-content\/uploads\/usu901\/2022\/04\/eebf9a6e-b8ae-4bc7-8a92-88d36ea738bb-1-1228x1536.jpg 1228w, https:\/\/agora.xtec.cat\/ceiprieraderibes\/wp-content\/uploads\/usu901\/2022\/04\/eebf9a6e-b8ae-4bc7-8a92-88d36ea738bb-1.jpg 1279w\" sizes=\"auto, (max-width: 819px) 100vw, 819px\" \/><\/a>\n\t\t\t<\/dt>\n\t\t\t\t<dd class='wp-caption-text gallery-caption' id='gallery-2-12598'>\n\t\t\t\t.\n\t\t\t\t<\/dd><\/dl><br style=\"clear: both\" \/>\n\t\t<\/div>\n\n<p style=\"text-align: justify\">Els nens i les nenes de 2n Cicle hem fet un text reflexiu sobre els drets humans (DDHH). Ahir en Germ\u00e0 Garc\u00eda Ruiz: Soci\u00f2leg, Expert en Desenvolupament Sostenible, DDHH (drets humans), Educaci\u00f3 per la Just\u00edcia Global i Pobles Ind\u00edgenes va fer per tot\u00a0 l&#8217;alumnat de 2n Cicle la Xerrada: Els Conflictes, els DDHH i la Pau i avui \u00a0hem recollit les nostres reflexions en diferents formats.<\/p>\n<ol style=\"text-align: justify\">\n<li><span style=\"font-weight: 400\">El haiku \u00e9s una <\/span><span style=\"font-weight: 400\">forma po\u00e8tica breu sense rima que va n\u00e9ixer al Jap\u00f3 al segle XVI<\/span><span style=\"font-weight: 400\">. <\/span><span style=\"font-weight: 400\">Un cop els tenim escrits, els escrivim amb una tela per despr\u00e9s penjar-los al lloc que triem.<\/span><\/li>\n<li>Poesia.<\/li>\n<li>C\u00f2mic.<\/li>\n<li>Onomatopeies.<\/li>\n<li>L&#8217;Auca.<\/li>\n<\/ol>\n<p style=\"text-align: justify\">Mireu, mireu &#8230; Un Sant Jordi molt emocionant!!!<\/p>\n\n\t\t<style type=\"text\/css\">\n\t\t\t#gallery-3 {\n\t\t\t\tmargin: auto;\n\t\t\t}\n\t\t\t#gallery-3 .gallery-item {\n\t\t\t\tfloat: left;\n\t\t\t\tmargin-top: 10px;\n\t\t\t\ttext-align: center;\n\t\t\t\twidth: 25%;\n\t\t\t}\n\t\t\t#gallery-3 img {\n\t\t\t\tborder: 2px solid #cfcfcf;\n\t\t\t}\n\t\t\t#gallery-3 .gallery-caption {\n\t\t\t\tmargin-left: 0;\n\t\t\t}\n\t\t\t\/* see gallery_shortcode() in wp-includes\/media.php *\/\n\t\t<\/style>\n\t\t<div id='gallery-3' class='gallery galleryid-12565 gallery-columns-4 gallery-size-medium'><dl class='gallery-item'>\n\t\t\t<dt class='gallery-icon landscape'>\n\t\t\t\t<a href='https:\/\/agora.xtec.cat\/ceiprieraderibes\/general\/celebrem-sant-jordi-a-lescola-riera-de-ribes-mireu-mireu\/attachment\/img_5105\/'><img loading=\"lazy\" decoding=\"async\" width=\"300\" height=\"218\" src=\"https:\/\/agora.xtec.cat\/ceiprieraderibes\/wp-content\/uploads\/usu901\/2022\/04\/IMG_5105-300x218.jpg\" class=\"attachment-medium size-medium\" alt=\"\" aria-describedby=\"gallery-3-12573\" srcset=\"https:\/\/agora.xtec.cat\/ceiprieraderibes\/wp-content\/uploads\/usu901\/2022\/04\/IMG_5105-300x218.jpg 300w, https:\/\/agora.xtec.cat\/ceiprieraderibes\/wp-content\/uploads\/usu901\/2022\/04\/IMG_5105-1024x745.jpg 1024w, https:\/\/agora.xtec.cat\/ceiprieraderibes\/wp-content\/uploads\/usu901\/2022\/04\/IMG_5105-768x559.jpg 768w, https:\/\/agora.xtec.cat\/ceiprieraderibes\/wp-content\/uploads\/usu901\/2022\/04\/IMG_5105.jpg 1109w\" sizes=\"auto, (max-width: 300px) 100vw, 300px\" \/><\/a>\n\t\t\t<\/dt>\n\t\t\t\t<dd class='wp-caption-text gallery-caption' id='gallery-3-12573'>\n\t\t\t\t.\n\t\t\t\t<\/dd><\/dl><dl class='gallery-item'>\n\t\t\t<dt class='gallery-icon landscape'>\n\t\t\t\t<a href='https:\/\/agora.xtec.cat\/ceiprieraderibes\/general\/celebrem-sant-jordi-a-lescola-riera-de-ribes-mireu-mireu\/attachment\/img_5127\/'><img loading=\"lazy\" decoding=\"async\" width=\"300\" height=\"213\" src=\"https:\/\/agora.xtec.cat\/ceiprieraderibes\/wp-content\/uploads\/usu901\/2022\/04\/IMG_5127-300x213.jpg\" class=\"attachment-medium size-medium\" alt=\"\" aria-describedby=\"gallery-3-12567\" srcset=\"https:\/\/agora.xtec.cat\/ceiprieraderibes\/wp-content\/uploads\/usu901\/2022\/04\/IMG_5127-300x213.jpg 300w, https:\/\/agora.xtec.cat\/ceiprieraderibes\/wp-content\/uploads\/usu901\/2022\/04\/IMG_5127-1024x726.jpg 1024w, https:\/\/agora.xtec.cat\/ceiprieraderibes\/wp-content\/uploads\/usu901\/2022\/04\/IMG_5127-768x545.jpg 768w, https:\/\/agora.xtec.cat\/ceiprieraderibes\/wp-content\/uploads\/usu901\/2022\/04\/IMG_5127.jpg 1125w\" sizes=\"auto, (max-width: 300px) 100vw, 300px\" \/><\/a>\n\t\t\t<\/dt>\n\t\t\t\t<dd class='wp-caption-text gallery-caption' id='gallery-3-12567'>\n\t\t\t\t.\n\t\t\t\t<\/dd><\/dl><dl class='gallery-item'>\n\t\t\t<dt class='gallery-icon landscape'>\n\t\t\t\t<a href='https:\/\/agora.xtec.cat\/ceiprieraderibes\/general\/celebrem-sant-jordi-a-lescola-riera-de-ribes-mireu-mireu\/attachment\/img_5126\/'><img loading=\"lazy\" decoding=\"async\" width=\"300\" height=\"243\" src=\"https:\/\/agora.xtec.cat\/ceiprieraderibes\/wp-content\/uploads\/usu901\/2022\/04\/IMG_5126-300x243.jpg\" class=\"attachment-medium size-medium\" alt=\"\" aria-describedby=\"gallery-3-12568\" srcset=\"https:\/\/agora.xtec.cat\/ceiprieraderibes\/wp-content\/uploads\/usu901\/2022\/04\/IMG_5126-300x243.jpg 300w, https:\/\/agora.xtec.cat\/ceiprieraderibes\/wp-content\/uploads\/usu901\/2022\/04\/IMG_5126-768x621.jpg 768w, https:\/\/agora.xtec.cat\/ceiprieraderibes\/wp-content\/uploads\/usu901\/2022\/04\/IMG_5126.jpg 983w\" sizes=\"auto, (max-width: 300px) 100vw, 300px\" \/><\/a>\n\t\t\t<\/dt>\n\t\t\t\t<dd class='wp-caption-text gallery-caption' id='gallery-3-12568'>\n\t\t\t\t.\n\t\t\t\t<\/dd><\/dl><dl class='gallery-item'>\n\t\t\t<dt class='gallery-icon landscape'>\n\t\t\t\t<a href='https:\/\/agora.xtec.cat\/ceiprieraderibes\/general\/celebrem-sant-jordi-a-lescola-riera-de-ribes-mireu-mireu\/attachment\/img_5125\/'><img loading=\"lazy\" decoding=\"async\" width=\"300\" height=\"214\" src=\"https:\/\/agora.xtec.cat\/ceiprieraderibes\/wp-content\/uploads\/usu901\/2022\/04\/IMG_5125-300x214.jpg\" class=\"attachment-medium size-medium\" alt=\"\" aria-describedby=\"gallery-3-12569\" srcset=\"https:\/\/agora.xtec.cat\/ceiprieraderibes\/wp-content\/uploads\/usu901\/2022\/04\/IMG_5125-300x214.jpg 300w, https:\/\/agora.xtec.cat\/ceiprieraderibes\/wp-content\/uploads\/usu901\/2022\/04\/IMG_5125-1024x731.jpg 1024w, https:\/\/agora.xtec.cat\/ceiprieraderibes\/wp-content\/uploads\/usu901\/2022\/04\/IMG_5125-768x548.jpg 768w, https:\/\/agora.xtec.cat\/ceiprieraderibes\/wp-content\/uploads\/usu901\/2022\/04\/IMG_5125.jpg 1117w\" sizes=\"auto, (max-width: 300px) 100vw, 300px\" \/><\/a>\n\t\t\t<\/dt>\n\t\t\t\t<dd class='wp-caption-text gallery-caption' id='gallery-3-12569'>\n\t\t\t\t.\n\t\t\t\t<\/dd><\/dl><br style=\"clear: both\" \/><dl class='gallery-item'>\n\t\t\t<dt class='gallery-icon landscape'>\n\t\t\t\t<a href='https:\/\/agora.xtec.cat\/ceiprieraderibes\/general\/celebrem-sant-jordi-a-lescola-riera-de-ribes-mireu-mireu\/attachment\/img_5128-1\/'><img loading=\"lazy\" decoding=\"async\" width=\"300\" height=\"206\" src=\"https:\/\/agora.xtec.cat\/ceiprieraderibes\/wp-content\/uploads\/usu901\/2022\/04\/IMG_5128-1-300x206.jpg\" class=\"attachment-medium size-medium\" alt=\"\" aria-describedby=\"gallery-3-12570\" srcset=\"https:\/\/agora.xtec.cat\/ceiprieraderibes\/wp-content\/uploads\/usu901\/2022\/04\/IMG_5128-1-300x206.jpg 300w, https:\/\/agora.xtec.cat\/ceiprieraderibes\/wp-content\/uploads\/usu901\/2022\/04\/IMG_5128-1-1024x703.jpg 1024w, https:\/\/agora.xtec.cat\/ceiprieraderibes\/wp-content\/uploads\/usu901\/2022\/04\/IMG_5128-1-768x527.jpg 768w, https:\/\/agora.xtec.cat\/ceiprieraderibes\/wp-content\/uploads\/usu901\/2022\/04\/IMG_5128-1.jpg 1120w\" sizes=\"auto, (max-width: 300px) 100vw, 300px\" \/><\/a>\n\t\t\t<\/dt>\n\t\t\t\t<dd class='wp-caption-text gallery-caption' id='gallery-3-12570'>\n\t\t\t\t.\n\t\t\t\t<\/dd><\/dl><dl class='gallery-item'>\n\t\t\t<dt class='gallery-icon landscape'>\n\t\t\t\t<a href='https:\/\/agora.xtec.cat\/ceiprieraderibes\/general\/celebrem-sant-jordi-a-lescola-riera-de-ribes-mireu-mireu\/attachment\/img_5124\/'><img loading=\"lazy\" decoding=\"async\" width=\"300\" height=\"211\" src=\"https:\/\/agora.xtec.cat\/ceiprieraderibes\/wp-content\/uploads\/usu901\/2022\/04\/IMG_5124-300x211.jpg\" class=\"attachment-medium size-medium\" alt=\"\" aria-describedby=\"gallery-3-12571\" srcset=\"https:\/\/agora.xtec.cat\/ceiprieraderibes\/wp-content\/uploads\/usu901\/2022\/04\/IMG_5124-300x211.jpg 300w, https:\/\/agora.xtec.cat\/ceiprieraderibes\/wp-content\/uploads\/usu901\/2022\/04\/IMG_5124-1024x721.jpg 1024w, https:\/\/agora.xtec.cat\/ceiprieraderibes\/wp-content\/uploads\/usu901\/2022\/04\/IMG_5124-768x541.jpg 768w, https:\/\/agora.xtec.cat\/ceiprieraderibes\/wp-content\/uploads\/usu901\/2022\/04\/IMG_5124.jpg 1125w\" sizes=\"auto, (max-width: 300px) 100vw, 300px\" \/><\/a>\n\t\t\t<\/dt>\n\t\t\t\t<dd class='wp-caption-text gallery-caption' id='gallery-3-12571'>\n\t\t\t\t.\n\t\t\t\t<\/dd><\/dl><dl class='gallery-item'>\n\t\t\t<dt class='gallery-icon landscape'>\n\t\t\t\t<a href='https:\/\/agora.xtec.cat\/ceiprieraderibes\/general\/celebrem-sant-jordi-a-lescola-riera-de-ribes-mireu-mireu\/attachment\/img_5123\/'><img loading=\"lazy\" decoding=\"async\" width=\"300\" height=\"207\" src=\"https:\/\/agora.xtec.cat\/ceiprieraderibes\/wp-content\/uploads\/usu901\/2022\/04\/IMG_5123-300x207.jpg\" class=\"attachment-medium size-medium\" alt=\"\" aria-describedby=\"gallery-3-12572\" srcset=\"https:\/\/agora.xtec.cat\/ceiprieraderibes\/wp-content\/uploads\/usu901\/2022\/04\/IMG_5123-300x207.jpg 300w, https:\/\/agora.xtec.cat\/ceiprieraderibes\/wp-content\/uploads\/usu901\/2022\/04\/IMG_5123-1024x706.jpg 1024w, https:\/\/agora.xtec.cat\/ceiprieraderibes\/wp-content\/uploads\/usu901\/2022\/04\/IMG_5123-768x530.jpg 768w, https:\/\/agora.xtec.cat\/ceiprieraderibes\/wp-content\/uploads\/usu901\/2022\/04\/IMG_5123.jpg 1125w\" sizes=\"auto, (max-width: 300px) 100vw, 300px\" \/><\/a>\n\t\t\t<\/dt>\n\t\t\t\t<dd class='wp-caption-text gallery-caption' id='gallery-3-12572'>\n\t\t\t\t.\n\t\t\t\t<\/dd><\/dl><dl class='gallery-item'>\n\t\t\t<dt class='gallery-icon landscape'>\n\t\t\t\t<a href='https:\/\/agora.xtec.cat\/ceiprieraderibes\/general\/celebrem-sant-jordi-a-lescola-riera-de-ribes-mireu-mireu\/attachment\/img_5106\/'><img loading=\"lazy\" decoding=\"async\" width=\"300\" height=\"207\" src=\"https:\/\/agora.xtec.cat\/ceiprieraderibes\/wp-content\/uploads\/usu901\/2022\/04\/IMG_5106-300x207.jpg\" class=\"attachment-medium size-medium\" alt=\"\" aria-describedby=\"gallery-3-12574\" srcset=\"https:\/\/agora.xtec.cat\/ceiprieraderibes\/wp-content\/uploads\/usu901\/2022\/04\/IMG_5106-300x207.jpg 300w, https:\/\/agora.xtec.cat\/ceiprieraderibes\/wp-content\/uploads\/usu901\/2022\/04\/IMG_5106-1024x707.jpg 1024w, https:\/\/agora.xtec.cat\/ceiprieraderibes\/wp-content\/uploads\/usu901\/2022\/04\/IMG_5106-768x530.jpg 768w, https:\/\/agora.xtec.cat\/ceiprieraderibes\/wp-content\/uploads\/usu901\/2022\/04\/IMG_5106.jpg 1125w\" sizes=\"auto, (max-width: 300px) 100vw, 300px\" \/><\/a>\n\t\t\t<\/dt>\n\t\t\t\t<dd class='wp-caption-text gallery-caption' id='gallery-3-12574'>\n\t\t\t\t.\n\t\t\t\t<\/dd><\/dl><br style=\"clear: both\" \/><dl class='gallery-item'>\n\t\t\t<dt class='gallery-icon landscape'>\n\t\t\t\t<a href='https:\/\/agora.xtec.cat\/ceiprieraderibes\/general\/celebrem-sant-jordi-a-lescola-riera-de-ribes-mireu-mireu\/attachment\/img_5113-1\/'><img loading=\"lazy\" decoding=\"async\" width=\"300\" height=\"211\" src=\"https:\/\/agora.xtec.cat\/ceiprieraderibes\/wp-content\/uploads\/usu901\/2022\/04\/IMG_5113-1-300x211.jpg\" class=\"attachment-medium size-medium\" alt=\"\" aria-describedby=\"gallery-3-12580\" srcset=\"https:\/\/agora.xtec.cat\/ceiprieraderibes\/wp-content\/uploads\/usu901\/2022\/04\/IMG_5113-1-300x211.jpg 300w, https:\/\/agora.xtec.cat\/ceiprieraderibes\/wp-content\/uploads\/usu901\/2022\/04\/IMG_5113-1-1024x720.jpg 1024w, https:\/\/agora.xtec.cat\/ceiprieraderibes\/wp-content\/uploads\/usu901\/2022\/04\/IMG_5113-1-768x540.jpg 768w, https:\/\/agora.xtec.cat\/ceiprieraderibes\/wp-content\/uploads\/usu901\/2022\/04\/IMG_5113-1.jpg 1120w\" sizes=\"auto, (max-width: 300px) 100vw, 300px\" \/><\/a>\n\t\t\t<\/dt>\n\t\t\t\t<dd class='wp-caption-text gallery-caption' id='gallery-3-12580'>\n\t\t\t\t.\n\t\t\t\t<\/dd><\/dl><dl class='gallery-item'>\n\t\t\t<dt class='gallery-icon landscape'>\n\t\t\t\t<a href='https:\/\/agora.xtec.cat\/ceiprieraderibes\/general\/celebrem-sant-jordi-a-lescola-riera-de-ribes-mireu-mireu\/attachment\/img_5107\/'><img loading=\"lazy\" decoding=\"async\" width=\"300\" height=\"231\" src=\"https:\/\/agora.xtec.cat\/ceiprieraderibes\/wp-content\/uploads\/usu901\/2022\/04\/IMG_5107-300x231.jpg\" class=\"attachment-medium size-medium\" alt=\"\" aria-describedby=\"gallery-3-12575\" srcset=\"https:\/\/agora.xtec.cat\/ceiprieraderibes\/wp-content\/uploads\/usu901\/2022\/04\/IMG_5107-300x231.jpg 300w, https:\/\/agora.xtec.cat\/ceiprieraderibes\/wp-content\/uploads\/usu901\/2022\/04\/IMG_5107-1024x787.jpg 1024w, https:\/\/agora.xtec.cat\/ceiprieraderibes\/wp-content\/uploads\/usu901\/2022\/04\/IMG_5107-768x590.jpg 768w, https:\/\/agora.xtec.cat\/ceiprieraderibes\/wp-content\/uploads\/usu901\/2022\/04\/IMG_5107.jpg 1032w\" sizes=\"auto, (max-width: 300px) 100vw, 300px\" \/><\/a>\n\t\t\t<\/dt>\n\t\t\t\t<dd class='wp-caption-text gallery-caption' id='gallery-3-12575'>\n\t\t\t\t.\n\t\t\t\t<\/dd><\/dl><dl class='gallery-item'>\n\t\t\t<dt class='gallery-icon landscape'>\n\t\t\t\t<a href='https:\/\/agora.xtec.cat\/ceiprieraderibes\/general\/celebrem-sant-jordi-a-lescola-riera-de-ribes-mireu-mireu\/attachment\/img_5108-1\/'><img loading=\"lazy\" decoding=\"async\" width=\"300\" height=\"206\" src=\"https:\/\/agora.xtec.cat\/ceiprieraderibes\/wp-content\/uploads\/usu901\/2022\/04\/IMG_5108-1-300x206.jpg\" class=\"attachment-medium size-medium\" alt=\"\" aria-describedby=\"gallery-3-12576\" srcset=\"https:\/\/agora.xtec.cat\/ceiprieraderibes\/wp-content\/uploads\/usu901\/2022\/04\/IMG_5108-1-300x206.jpg 300w, https:\/\/agora.xtec.cat\/ceiprieraderibes\/wp-content\/uploads\/usu901\/2022\/04\/IMG_5108-1-1024x704.jpg 1024w, https:\/\/agora.xtec.cat\/ceiprieraderibes\/wp-content\/uploads\/usu901\/2022\/04\/IMG_5108-1-768x528.jpg 768w, https:\/\/agora.xtec.cat\/ceiprieraderibes\/wp-content\/uploads\/usu901\/2022\/04\/IMG_5108-1.jpg 1125w\" sizes=\"auto, (max-width: 300px) 100vw, 300px\" \/><\/a>\n\t\t\t<\/dt>\n\t\t\t\t<dd class='wp-caption-text gallery-caption' id='gallery-3-12576'>\n\t\t\t\t.\n\t\t\t\t<\/dd><\/dl><dl class='gallery-item'>\n\t\t\t<dt class='gallery-icon landscape'>\n\t\t\t\t<a href='https:\/\/agora.xtec.cat\/ceiprieraderibes\/general\/celebrem-sant-jordi-a-lescola-riera-de-ribes-mireu-mireu\/attachment\/img_5109-1\/'><img loading=\"lazy\" decoding=\"async\" width=\"300\" height=\"213\" src=\"https:\/\/agora.xtec.cat\/ceiprieraderibes\/wp-content\/uploads\/usu901\/2022\/04\/IMG_5109-1-300x213.jpg\" class=\"attachment-medium size-medium\" alt=\"\" aria-describedby=\"gallery-3-12577\" srcset=\"https:\/\/agora.xtec.cat\/ceiprieraderibes\/wp-content\/uploads\/usu901\/2022\/04\/IMG_5109-1-300x213.jpg 300w, https:\/\/agora.xtec.cat\/ceiprieraderibes\/wp-content\/uploads\/usu901\/2022\/04\/IMG_5109-1-1024x725.jpg 1024w, https:\/\/agora.xtec.cat\/ceiprieraderibes\/wp-content\/uploads\/usu901\/2022\/04\/IMG_5109-1-768x544.jpg 768w, https:\/\/agora.xtec.cat\/ceiprieraderibes\/wp-content\/uploads\/usu901\/2022\/04\/IMG_5109-1.jpg 1125w\" sizes=\"auto, (max-width: 300px) 100vw, 300px\" \/><\/a>\n\t\t\t<\/dt>\n\t\t\t\t<dd class='wp-caption-text gallery-caption' id='gallery-3-12577'>\n\t\t\t\t.\n\t\t\t\t<\/dd><\/dl><br style=\"clear: both\" \/><dl class='gallery-item'>\n\t\t\t<dt class='gallery-icon landscape'>\n\t\t\t\t<a href='https:\/\/agora.xtec.cat\/ceiprieraderibes\/general\/celebrem-sant-jordi-a-lescola-riera-de-ribes-mireu-mireu\/attachment\/img_5110\/'><img loading=\"lazy\" decoding=\"async\" width=\"300\" height=\"209\" src=\"https:\/\/agora.xtec.cat\/ceiprieraderibes\/wp-content\/uploads\/usu901\/2022\/04\/IMG_5110-300x209.jpg\" class=\"attachment-medium size-medium\" alt=\"\" aria-describedby=\"gallery-3-12578\" srcset=\"https:\/\/agora.xtec.cat\/ceiprieraderibes\/wp-content\/uploads\/usu901\/2022\/04\/IMG_5110-300x209.jpg 300w, https:\/\/agora.xtec.cat\/ceiprieraderibes\/wp-content\/uploads\/usu901\/2022\/04\/IMG_5110-1024x712.jpg 1024w, https:\/\/agora.xtec.cat\/ceiprieraderibes\/wp-content\/uploads\/usu901\/2022\/04\/IMG_5110-768x534.jpg 768w, https:\/\/agora.xtec.cat\/ceiprieraderibes\/wp-content\/uploads\/usu901\/2022\/04\/IMG_5110.jpg 1125w\" sizes=\"auto, (max-width: 300px) 100vw, 300px\" \/><\/a>\n\t\t\t<\/dt>\n\t\t\t\t<dd class='wp-caption-text gallery-caption' id='gallery-3-12578'>\n\t\t\t\t.\n\t\t\t\t<\/dd><\/dl><dl class='gallery-item'>\n\t\t\t<dt class='gallery-icon landscape'>\n\t\t\t\t<a href='https:\/\/agora.xtec.cat\/ceiprieraderibes\/general\/celebrem-sant-jordi-a-lescola-riera-de-ribes-mireu-mireu\/attachment\/img_5111-1\/'><img loading=\"lazy\" decoding=\"async\" width=\"300\" height=\"211\" src=\"https:\/\/agora.xtec.cat\/ceiprieraderibes\/wp-content\/uploads\/usu901\/2022\/04\/IMG_5111-1-300x211.jpg\" class=\"attachment-medium size-medium\" alt=\"\" aria-describedby=\"gallery-3-12579\" srcset=\"https:\/\/agora.xtec.cat\/ceiprieraderibes\/wp-content\/uploads\/usu901\/2022\/04\/IMG_5111-1-300x211.jpg 300w, https:\/\/agora.xtec.cat\/ceiprieraderibes\/wp-content\/uploads\/usu901\/2022\/04\/IMG_5111-1-1024x719.jpg 1024w, https:\/\/agora.xtec.cat\/ceiprieraderibes\/wp-content\/uploads\/usu901\/2022\/04\/IMG_5111-1-768x539.jpg 768w, https:\/\/agora.xtec.cat\/ceiprieraderibes\/wp-content\/uploads\/usu901\/2022\/04\/IMG_5111-1.jpg 1125w\" sizes=\"auto, (max-width: 300px) 100vw, 300px\" \/><\/a>\n\t\t\t<\/dt>\n\t\t\t\t<dd class='wp-caption-text gallery-caption' id='gallery-3-12579'>\n\t\t\t\t.\n\t\t\t\t<\/dd><\/dl><dl class='gallery-item'>\n\t\t\t<dt class='gallery-icon landscape'>\n\t\t\t\t<a href='https:\/\/agora.xtec.cat\/ceiprieraderibes\/general\/celebrem-sant-jordi-a-lescola-riera-de-ribes-mireu-mireu\/attachment\/img_5114-1\/'><img loading=\"lazy\" decoding=\"async\" width=\"300\" height=\"204\" src=\"https:\/\/agora.xtec.cat\/ceiprieraderibes\/wp-content\/uploads\/usu901\/2022\/04\/IMG_5114-1-300x204.jpg\" class=\"attachment-medium size-medium\" alt=\"\" aria-describedby=\"gallery-3-12581\" srcset=\"https:\/\/agora.xtec.cat\/ceiprieraderibes\/wp-content\/uploads\/usu901\/2022\/04\/IMG_5114-1-300x204.jpg 300w, https:\/\/agora.xtec.cat\/ceiprieraderibes\/wp-content\/uploads\/usu901\/2022\/04\/IMG_5114-1-1024x697.jpg 1024w, https:\/\/agora.xtec.cat\/ceiprieraderibes\/wp-content\/uploads\/usu901\/2022\/04\/IMG_5114-1-768x523.jpg 768w, https:\/\/agora.xtec.cat\/ceiprieraderibes\/wp-content\/uploads\/usu901\/2022\/04\/IMG_5114-1.jpg 1125w\" sizes=\"auto, (max-width: 300px) 100vw, 300px\" \/><\/a>\n\t\t\t<\/dt>\n\t\t\t\t<dd class='wp-caption-text gallery-caption' id='gallery-3-12581'>\n\t\t\t\t.\n\t\t\t\t<\/dd><\/dl><dl class='gallery-item'>\n\t\t\t<dt class='gallery-icon landscape'>\n\t\t\t\t<a href='https:\/\/agora.xtec.cat\/ceiprieraderibes\/general\/celebrem-sant-jordi-a-lescola-riera-de-ribes-mireu-mireu\/attachment\/img_5116-1\/'><img loading=\"lazy\" decoding=\"async\" width=\"300\" height=\"217\" src=\"https:\/\/agora.xtec.cat\/ceiprieraderibes\/wp-content\/uploads\/usu901\/2022\/04\/IMG_5116-1-300x217.jpg\" class=\"attachment-medium size-medium\" alt=\"\" aria-describedby=\"gallery-3-12582\" srcset=\"https:\/\/agora.xtec.cat\/ceiprieraderibes\/wp-content\/uploads\/usu901\/2022\/04\/IMG_5116-1-300x217.jpg 300w, https:\/\/agora.xtec.cat\/ceiprieraderibes\/wp-content\/uploads\/usu901\/2022\/04\/IMG_5116-1-1024x741.jpg 1024w, https:\/\/agora.xtec.cat\/ceiprieraderibes\/wp-content\/uploads\/usu901\/2022\/04\/IMG_5116-1-768x556.jpg 768w, https:\/\/agora.xtec.cat\/ceiprieraderibes\/wp-content\/uploads\/usu901\/2022\/04\/IMG_5116-1.jpg 1125w\" sizes=\"auto, (max-width: 300px) 100vw, 300px\" \/><\/a>\n\t\t\t<\/dt>\n\t\t\t\t<dd class='wp-caption-text gallery-caption' id='gallery-3-12582'>\n\t\t\t\t.\n\t\t\t\t<\/dd><\/dl><br style=\"clear: both\" \/><dl class='gallery-item'>\n\t\t\t<dt class='gallery-icon landscape'>\n\t\t\t\t<a href='https:\/\/agora.xtec.cat\/ceiprieraderibes\/general\/celebrem-sant-jordi-a-lescola-riera-de-ribes-mireu-mireu\/attachment\/img_5122-1\/'><img loading=\"lazy\" decoding=\"async\" width=\"300\" height=\"216\" src=\"https:\/\/agora.xtec.cat\/ceiprieraderibes\/wp-content\/uploads\/usu901\/2022\/04\/IMG_5122-1-300x216.jpg\" class=\"attachment-medium size-medium\" alt=\"\" aria-describedby=\"gallery-3-12583\" srcset=\"https:\/\/agora.xtec.cat\/ceiprieraderibes\/wp-content\/uploads\/usu901\/2022\/04\/IMG_5122-1-300x216.jpg 300w, https:\/\/agora.xtec.cat\/ceiprieraderibes\/wp-content\/uploads\/usu901\/2022\/04\/IMG_5122-1-1024x736.jpg 1024w, https:\/\/agora.xtec.cat\/ceiprieraderibes\/wp-content\/uploads\/usu901\/2022\/04\/IMG_5122-1-768x552.jpg 768w, https:\/\/agora.xtec.cat\/ceiprieraderibes\/wp-content\/uploads\/usu901\/2022\/04\/IMG_5122-1.jpg 1097w\" sizes=\"auto, (max-width: 300px) 100vw, 300px\" \/><\/a>\n\t\t\t<\/dt>\n\t\t\t\t<dd class='wp-caption-text gallery-caption' id='gallery-3-12583'>\n\t\t\t\t.\n\t\t\t\t<\/dd><\/dl><dl class='gallery-item'>\n\t\t\t<dt class='gallery-icon landscape'>\n\t\t\t\t<a href='https:\/\/agora.xtec.cat\/ceiprieraderibes\/general\/celebrem-sant-jordi-a-lescola-riera-de-ribes-mireu-mireu\/attachment\/img_5123-1\/'><img loading=\"lazy\" decoding=\"async\" width=\"300\" height=\"207\" src=\"https:\/\/agora.xtec.cat\/ceiprieraderibes\/wp-content\/uploads\/usu901\/2022\/04\/IMG_5123-1-300x207.jpg\" class=\"attachment-medium size-medium\" alt=\"\" aria-describedby=\"gallery-3-12584\" srcset=\"https:\/\/agora.xtec.cat\/ceiprieraderibes\/wp-content\/uploads\/usu901\/2022\/04\/IMG_5123-1-300x207.jpg 300w, https:\/\/agora.xtec.cat\/ceiprieraderibes\/wp-content\/uploads\/usu901\/2022\/04\/IMG_5123-1-1024x706.jpg 1024w, https:\/\/agora.xtec.cat\/ceiprieraderibes\/wp-content\/uploads\/usu901\/2022\/04\/IMG_5123-1-768x530.jpg 768w, https:\/\/agora.xtec.cat\/ceiprieraderibes\/wp-content\/uploads\/usu901\/2022\/04\/IMG_5123-1.jpg 1125w\" sizes=\"auto, (max-width: 300px) 100vw, 300px\" \/><\/a>\n\t\t\t<\/dt>\n\t\t\t\t<dd class='wp-caption-text gallery-caption' id='gallery-3-12584'>\n\t\t\t\t.\n\t\t\t\t<\/dd><\/dl><dl class='gallery-item'>\n\t\t\t<dt class='gallery-icon landscape'>\n\t\t\t\t<a href='https:\/\/agora.xtec.cat\/ceiprieraderibes\/general\/celebrem-sant-jordi-a-lescola-riera-de-ribes-mireu-mireu\/attachment\/img_5124-1\/'><img loading=\"lazy\" decoding=\"async\" width=\"300\" height=\"211\" src=\"https:\/\/agora.xtec.cat\/ceiprieraderibes\/wp-content\/uploads\/usu901\/2022\/04\/IMG_5124-1-300x211.jpg\" class=\"attachment-medium size-medium\" alt=\"\" aria-describedby=\"gallery-3-12585\" srcset=\"https:\/\/agora.xtec.cat\/ceiprieraderibes\/wp-content\/uploads\/usu901\/2022\/04\/IMG_5124-1-300x211.jpg 300w, https:\/\/agora.xtec.cat\/ceiprieraderibes\/wp-content\/uploads\/usu901\/2022\/04\/IMG_5124-1-1024x721.jpg 1024w, https:\/\/agora.xtec.cat\/ceiprieraderibes\/wp-content\/uploads\/usu901\/2022\/04\/IMG_5124-1-768x541.jpg 768w, https:\/\/agora.xtec.cat\/ceiprieraderibes\/wp-content\/uploads\/usu901\/2022\/04\/IMG_5124-1.jpg 1125w\" sizes=\"auto, (max-width: 300px) 100vw, 300px\" \/><\/a>\n\t\t\t<\/dt>\n\t\t\t\t<dd class='wp-caption-text gallery-caption' id='gallery-3-12585'>\n\t\t\t\t.\n\t\t\t\t<\/dd><\/dl><dl class='gallery-item'>\n\t\t\t<dt class='gallery-icon landscape'>\n\t\t\t\t<a href='https:\/\/agora.xtec.cat\/ceiprieraderibes\/general\/celebrem-sant-jordi-a-lescola-riera-de-ribes-mireu-mireu\/attachment\/img_5125-1\/'><img loading=\"lazy\" decoding=\"async\" width=\"300\" height=\"214\" src=\"https:\/\/agora.xtec.cat\/ceiprieraderibes\/wp-content\/uploads\/usu901\/2022\/04\/IMG_5125-1-300x214.jpg\" class=\"attachment-medium size-medium\" alt=\"\" aria-describedby=\"gallery-3-12586\" srcset=\"https:\/\/agora.xtec.cat\/ceiprieraderibes\/wp-content\/uploads\/usu901\/2022\/04\/IMG_5125-1-300x214.jpg 300w, https:\/\/agora.xtec.cat\/ceiprieraderibes\/wp-content\/uploads\/usu901\/2022\/04\/IMG_5125-1-1024x731.jpg 1024w, https:\/\/agora.xtec.cat\/ceiprieraderibes\/wp-content\/uploads\/usu901\/2022\/04\/IMG_5125-1-768x548.jpg 768w, https:\/\/agora.xtec.cat\/ceiprieraderibes\/wp-content\/uploads\/usu901\/2022\/04\/IMG_5125-1.jpg 1117w\" sizes=\"auto, (max-width: 300px) 100vw, 300px\" \/><\/a>\n\t\t\t<\/dt>\n\t\t\t\t<dd class='wp-caption-text gallery-caption' id='gallery-3-12586'>\n\t\t\t\t.\n\t\t\t\t<\/dd><\/dl><br style=\"clear: both\" \/>\n\t\t<\/div>\n\n<p>A la nostra escola avui ha estat un dia molt especial &#8230; Moltes gr\u00e0cies a tots i a totes!!!!!<\/p>\n<p>I sobretot Feli\u00e7 diada de Sant Jordi!!!!<\/p>\n","protected":false},"excerpt":{"rendered":"<p>Sant Jordi \u00e9s una de les celebracions m\u00e9s boniques. Carrers, places i barris plens de gent, fent de l\u2019espai p\u00fablic un punt de trobada \u2014i de retrobament\u2014 , regalant-nos roses i llibres, compartint somriures i alegries, i teixint complicitats que ens cohesionen i enforteixen com a societat.&hellip;  <a href=\"https:\/\/agora.xtec.cat\/ceiprieraderibes\/general\/celebrem-sant-jordi-a-lescola-riera-de-ribes-mireu-mireu\/\" title=\"Read Celebrem Sant Jordi a l&#8217;escola Riera de Ribes!!! Mireu, mireu &#8230;\">Llegeix m\u00e9s\u00bb<\/a><\/p>\n","protected":false},"author":1,"featured_media":12603,"comment_status":"open","ping_status":"closed","sticky":false,"template":"","format":"standard","meta":{"_bbp_topic_count":0,"_bbp_reply_count":0,"_bbp_total_topic_count":0,"_bbp_total_reply_count":0,"_bbp_voice_count":0,"_bbp_anonymous_reply_count":0,"_bbp_topic_count_hidden":0,"_bbp_reply_count_hidden":0,"_bbp_forum_subforum_count":0,"footnotes":""},"categories":[49,48,47,157,177,196,201,228,232,1,4],"tags":[],"class_list":["post-12565","post","type-post","status-publish","format-standard","has-post-thumbnail","hentry","category-generacio-2010","category-generacio-2011","category-generacio-2012","category-generacio-2013","category-generacio-2014","category-generacio-2015","category-generacio-2016","category-generacio-2017","category-generacio-2018","category-general","category-portada"],"post_mailing_queue_ids":[],"_links":{"self":[{"href":"https:\/\/agora.xtec.cat\/ceiprieraderibes\/wp-json\/wp\/v2\/posts\/12565","targetHints":{"allow":["GET"]}}],"collection":[{"href":"https:\/\/agora.xtec.cat\/ceiprieraderibes\/wp-json\/wp\/v2\/posts"}],"about":[{"href":"https:\/\/agora.xtec.cat\/ceiprieraderibes\/wp-json\/wp\/v2\/types\/post"}],"author":[{"embeddable":true,"href":"https:\/\/agora.xtec.cat\/ceiprieraderibes\/wp-json\/wp\/v2\/users\/1"}],"replies":[{"embeddable":true,"href":"https:\/\/agora.xtec.cat\/ceiprieraderibes\/wp-json\/wp\/v2\/comments?post=12565"}],"version-history":[{"count":3,"href":"https:\/\/agora.xtec.cat\/ceiprieraderibes\/wp-json\/wp\/v2\/posts\/12565\/revisions"}],"predecessor-version":[{"id":12607,"href":"https:\/\/agora.xtec.cat\/ceiprieraderibes\/wp-json\/wp\/v2\/posts\/12565\/revisions\/12607"}],"wp:featuredmedia":[{"embeddable":true,"href":"https:\/\/agora.xtec.cat\/ceiprieraderibes\/wp-json\/wp\/v2\/media\/12603"}],"wp:attachment":[{"href":"https:\/\/agora.xtec.cat\/ceiprieraderibes\/wp-json\/wp\/v2\/media?parent=12565"}],"wp:term":[{"taxonomy":"category","embeddable":true,"href":"https:\/\/agora.xtec.cat\/ceiprieraderibes\/wp-json\/wp\/v2\/categories?post=12565"},{"taxonomy":"post_tag","embeddable":true,"href":"https:\/\/agora.xtec.cat\/ceiprieraderibes\/wp-json\/wp\/v2\/tags?post=12565"}],"curies":[{"name":"wp","href":"https:\/\/api.w.org\/{rel}","templated":true}]}}