{"id":12486,"date":"2022-01-18T08:45:29","date_gmt":"2022-01-18T07:45:29","guid":{"rendered":"https:\/\/agora.xtec.cat\/ceiprieraderibes\/?p=12486"},"modified":"2022-03-12T17:27:30","modified_gmt":"2022-03-12T16:27:30","slug":"construim-un-volca-a-primer","status":"publish","type":"post","link":"https:\/\/agora.xtec.cat\/ceiprieraderibes\/general\/construim-un-volca-a-primer\/","title":{"rendered":"Constru\u00efm un volc\u00e0 a primer"},"content":{"rendered":"<p>Els nens i les nenes de primer van decidir fer un volc\u00e0 com a regal d\u2019advent.<\/p>\n<p><a href=\"https:\/\/agora.xtec.cat\/ceiprieraderibes\/wp-content\/uploads\/usu901\/2022\/03\/Article-1.png\"><img loading=\"lazy\" decoding=\"async\" class=\"wp-image-12487 size-medium aligncenter\" src=\"https:\/\/agora.xtec.cat\/ceiprieraderibes\/wp-content\/uploads\/usu901\/2022\/03\/Article-1-300x169.png\" alt=\"\" width=\"300\" height=\"169\" srcset=\"https:\/\/agora.xtec.cat\/ceiprieraderibes\/wp-content\/uploads\/usu901\/2022\/03\/Article-1-300x169.png 300w, https:\/\/agora.xtec.cat\/ceiprieraderibes\/wp-content\/uploads\/usu901\/2022\/03\/Article-1-1024x576.png 1024w, https:\/\/agora.xtec.cat\/ceiprieraderibes\/wp-content\/uploads\/usu901\/2022\/03\/Article-1-768x432.png 768w, https:\/\/agora.xtec.cat\/ceiprieraderibes\/wp-content\/uploads\/usu901\/2022\/03\/Article-1.png 1096w\" sizes=\"auto, (max-width: 300px) 100vw, 300px\" \/><\/a><\/p>\n<p><strong>Primer,<\/strong> van haver de descobrir quina forma t\u00e9 un volc\u00e0 i com s&#8217;anomena aquest cos geom\u00e8tric. Mitjan\u00e7ant el debat, compartint idees, escoltar les dels altres i construir-ne de noves van arribar a l&#8217;\u00e8xit. <strong>Triangle<\/strong> deien alguns i algunes, despr\u00e9s van dir <strong>pir\u00e0mide<\/strong> i finalment va sortir una paraula nova: <strong>CON.<\/strong><\/p>\n<p><strong>Segon,<\/strong> havien de decidir de quina mida seria el recipient interior on fer la barreja per a que el volc\u00e0 fes una erupci\u00f3: van descobrir la difer\u00e8ncia entre <strong>mil\u00b7lilitres<\/strong>, <strong>centilitres<\/strong> i <strong>litres<\/strong>.<\/p>\n<p>Tamb\u00e9 van practicar amb les <strong>fraccions<\/strong>, i van aprendre qu\u00e8 vol dir un quart, dos, tres&#8230;<\/p>\n<p><a href=\"https:\/\/agora.xtec.cat\/ceiprieraderibes\/wp-content\/uploads\/usu901\/2022\/03\/Article-2.png\"><img loading=\"lazy\" decoding=\"async\" class=\"wp-image-12488 size-medium aligncenter\" src=\"https:\/\/agora.xtec.cat\/ceiprieraderibes\/wp-content\/uploads\/usu901\/2022\/03\/Article-2-e1647101750497-169x300.png\" alt=\"\" width=\"169\" height=\"300\" srcset=\"https:\/\/agora.xtec.cat\/ceiprieraderibes\/wp-content\/uploads\/usu901\/2022\/03\/Article-2-e1647101750497-169x300.png 169w, https:\/\/agora.xtec.cat\/ceiprieraderibes\/wp-content\/uploads\/usu901\/2022\/03\/Article-2-e1647101750497.png 569w\" sizes=\"auto, (max-width: 169px) 100vw, 169px\" \/><\/a><\/p>\n<p><strong>Tercer<\/strong>, van esbrinar, despr\u00e9s de fer una pluja d\u2019idees, com el pod\u00edem fer i amb quins materials.<\/p>\n<p><a href=\"https:\/\/agora.xtec.cat\/ceiprieraderibes\/wp-content\/uploads\/usu901\/2022\/03\/Captura12.png\"><img loading=\"lazy\" decoding=\"async\" class=\"alignnone size-full wp-image-12495\" src=\"https:\/\/agora.xtec.cat\/ceiprieraderibes\/wp-content\/uploads\/usu901\/2022\/03\/Captura12.png\" alt=\"\" width=\"173\" height=\"294\" \/><\/a><a href=\"https:\/\/agora.xtec.cat\/ceiprieraderibes\/wp-content\/uploads\/usu901\/2022\/03\/Article-4.png\"><img loading=\"lazy\" decoding=\"async\" class=\"alignnone size-full wp-image-12493\" src=\"https:\/\/agora.xtec.cat\/ceiprieraderibes\/wp-content\/uploads\/usu901\/2022\/03\/Article-4.png\" alt=\"\" width=\"197\" height=\"293\" \/>\u00a0\u00a0<\/a><\/p>\n<p><strong>Finalment<\/strong>, entre tots, el vam construir i vam aconseguir la barreja exacta per a que la lava sort\u00eds i caigu\u00e9s pel con volc\u00e0nic.<\/p>\n<p><a href=\"https:\/\/agora.xtec.cat\/ceiprieraderibes\/wp-content\/uploads\/usu901\/2022\/03\/article-5.png\"><img loading=\"lazy\" decoding=\"async\" class=\"size-medium wp-image-12496 aligncenter\" src=\"https:\/\/agora.xtec.cat\/ceiprieraderibes\/wp-content\/uploads\/usu901\/2022\/03\/article-5-300x169.png\" alt=\"\" width=\"300\" height=\"169\" srcset=\"https:\/\/agora.xtec.cat\/ceiprieraderibes\/wp-content\/uploads\/usu901\/2022\/03\/article-5-300x169.png 300w, https:\/\/agora.xtec.cat\/ceiprieraderibes\/wp-content\/uploads\/usu901\/2022\/03\/article-5-768x432.png 768w, https:\/\/agora.xtec.cat\/ceiprieraderibes\/wp-content\/uploads\/usu901\/2022\/03\/article-5.png 937w\" sizes=\"auto, (max-width: 300px) 100vw, 300px\" \/><\/a><\/p>\n<p>&nbsp;<\/p>\n","protected":false},"excerpt":{"rendered":"<p>Els nens i les nenes de primer van decidir fer un volc\u00e0 com a regal d\u2019advent.<br \/>\n<a href=\"https:\/\/agora.xtec.cat\/ceiprieraderibes\/wp-content\/uploads\/usu901\/2022\/03\/Article-1.png\"><\/a><br \/>\nPrimer, van haver de descobrir quina forma t\u00e9 un volc\u00e0 i com s&#8217;anomena aquest cos geom\u00e8tric. Mitjan\u00e7ant el debat, compartint idees, escoltar les dels altres i construir-ne de noves&hellip;  <a href=\"https:\/\/agora.xtec.cat\/ceiprieraderibes\/general\/construim-un-volca-a-primer\/\" title=\"Read Constru\u00efm un volc\u00e0 a primer\">Llegeix m\u00e9s\u00bb<\/a><\/p>\n","protected":false},"author":1,"featured_media":12496,"comment_status":"open","ping_status":"closed","sticky":false,"template":"","format":"standard","meta":{"_bbp_topic_count":0,"_bbp_reply_count":0,"_bbp_total_topic_count":0,"_bbp_total_reply_count":0,"_bbp_voice_count":0,"_bbp_anonymous_reply_count":0,"_bbp_topic_count_hidden":0,"_bbp_reply_count_hidden":0,"_bbp_forum_subforum_count":0,"footnotes":""},"categories":[196,1,4],"tags":[],"class_list":["post-12486","post","type-post","status-publish","format-standard","has-post-thumbnail","hentry","category-generacio-2015","category-general","category-portada"],"post_mailing_queue_ids":[],"_links":{"self":[{"href":"https:\/\/agora.xtec.cat\/ceiprieraderibes\/wp-json\/wp\/v2\/posts\/12486","targetHints":{"allow":["GET"]}}],"collection":[{"href":"https:\/\/agora.xtec.cat\/ceiprieraderibes\/wp-json\/wp\/v2\/posts"}],"about":[{"href":"https:\/\/agora.xtec.cat\/ceiprieraderibes\/wp-json\/wp\/v2\/types\/post"}],"author":[{"embeddable":true,"href":"https:\/\/agora.xtec.cat\/ceiprieraderibes\/wp-json\/wp\/v2\/users\/1"}],"replies":[{"embeddable":true,"href":"https:\/\/agora.xtec.cat\/ceiprieraderibes\/wp-json\/wp\/v2\/comments?post=12486"}],"version-history":[{"count":3,"href":"https:\/\/agora.xtec.cat\/ceiprieraderibes\/wp-json\/wp\/v2\/posts\/12486\/revisions"}],"predecessor-version":[{"id":12498,"href":"https:\/\/agora.xtec.cat\/ceiprieraderibes\/wp-json\/wp\/v2\/posts\/12486\/revisions\/12498"}],"wp:featuredmedia":[{"embeddable":true,"href":"https:\/\/agora.xtec.cat\/ceiprieraderibes\/wp-json\/wp\/v2\/media\/12496"}],"wp:attachment":[{"href":"https:\/\/agora.xtec.cat\/ceiprieraderibes\/wp-json\/wp\/v2\/media?parent=12486"}],"wp:term":[{"taxonomy":"category","embeddable":true,"href":"https:\/\/agora.xtec.cat\/ceiprieraderibes\/wp-json\/wp\/v2\/categories?post=12486"},{"taxonomy":"post_tag","embeddable":true,"href":"https:\/\/agora.xtec.cat\/ceiprieraderibes\/wp-json\/wp\/v2\/tags?post=12486"}],"curies":[{"name":"wp","href":"https:\/\/api.w.org\/{rel}","templated":true}]}}