{"id":12482,"date":"2022-03-08T16:51:57","date_gmt":"2022-03-08T15:51:57","guid":{"rendered":"https:\/\/agora.xtec.cat\/ceiprieraderibes\/?p=12482"},"modified":"2022-03-08T16:52:29","modified_gmt":"2022-03-08T15:52:29","slug":"sortida-al-cram-fundacio-de-conservacio-i-recuperacio-danimals-marins","status":"publish","type":"post","link":"https:\/\/agora.xtec.cat\/ceiprieraderibes\/general\/sortida-al-cram-fundacio-de-conservacio-i-recuperacio-danimals-marins\/","title":{"rendered":"Sortida al CRAM, fundaci\u00f3 de Conservaci\u00f3 i  Recuperaci\u00f3 d&#8217;animals marins"},"content":{"rendered":"<p style=\"text-align: justify\"><span style=\"font-weight: 400\">El dilluns 7 de mar\u00e7 els nens i nenes de P3 espai 1, P4 espai 5 i P5 espai 7 vam fer una visita a la fundaci\u00f3 CRAM (Fundaci\u00f3 de Conservaci\u00f3 i Recuperaci\u00f3 d&#8217;Animals Marins). All\u00e0 ens van explicar moltes coses sobre les tortugues (les esp\u00e8cies que viuen al nostre mar mediterrani, caracter\u00edstiques f\u00edsiques, la seva alimentaci\u00f3, etc.) per\u00f2 sobretot ens van informar dels danys i perills als quals es veuen exposades dia a dia en els nostres mars. Tamb\u00e9 van explicar-nos com podem fer-ho per ajudar-les. Vam poder veure alguns exemplars de tortuga que s&#8217;estan recuperant al centre d&#8217;algunes lesions i ferides, gr\u00e0cies a les cures de veterinaris i personal. Una sortida en la qual hem apr\u00e8s moltes coses i ens ho hem passat molt b\u00e9!<\/span><\/p>\n<p><img loading=\"lazy\" decoding=\"async\" class=\"aligncenter size-large wp-image-12483\" src=\"https:\/\/agora.xtec.cat\/ceiprieraderibes\/wp-content\/uploads\/usu901\/2022\/03\/foto-resum-CRAM-1024x819.jpg\" alt=\"\" width=\"1024\" height=\"819\" srcset=\"https:\/\/agora.xtec.cat\/ceiprieraderibes\/wp-content\/uploads\/usu901\/2022\/03\/foto-resum-CRAM-1024x819.jpg 1024w, https:\/\/agora.xtec.cat\/ceiprieraderibes\/wp-content\/uploads\/usu901\/2022\/03\/foto-resum-CRAM-300x240.jpg 300w, https:\/\/agora.xtec.cat\/ceiprieraderibes\/wp-content\/uploads\/usu901\/2022\/03\/foto-resum-CRAM-768x614.jpg 768w, https:\/\/agora.xtec.cat\/ceiprieraderibes\/wp-content\/uploads\/usu901\/2022\/03\/foto-resum-CRAM-1536x1229.jpg 1536w, https:\/\/agora.xtec.cat\/ceiprieraderibes\/wp-content\/uploads\/usu901\/2022\/03\/foto-resum-CRAM.jpg 2000w\" sizes=\"auto, (max-width: 1024px) 100vw, 1024px\" \/><\/p>\n","protected":false},"excerpt":{"rendered":"<p>El dilluns 7 de mar\u00e7 els nens i nenes de P3 espai 1, P4 espai 5 i P5 espai 7 vam fer una visita a la fundaci\u00f3 CRAM (Fundaci\u00f3 de Conservaci\u00f3 i Recuperaci\u00f3 d&#8217;Animals Marins). All\u00e0 ens van explicar moltes coses sobre les tortugues (les&hellip;  <a href=\"https:\/\/agora.xtec.cat\/ceiprieraderibes\/general\/sortida-al-cram-fundacio-de-conservacio-i-recuperacio-danimals-marins\/\" title=\"Read Sortida al CRAM, fundaci\u00f3 de Conservaci\u00f3 i  Recuperaci\u00f3 d&#8217;animals marins\">Llegeix m\u00e9s\u00bb<\/a><\/p>\n","protected":false},"author":357,"featured_media":12483,"comment_status":"open","ping_status":"closed","sticky":false,"template":"","format":"standard","meta":{"_bbp_topic_count":0,"_bbp_reply_count":0,"_bbp_total_topic_count":0,"_bbp_total_reply_count":0,"_bbp_voice_count":0,"_bbp_anonymous_reply_count":0,"_bbp_topic_count_hidden":0,"_bbp_reply_count_hidden":0,"_bbp_forum_subforum_count":0,"footnotes":""},"categories":[201,228,232,1,4],"tags":[],"class_list":["post-12482","post","type-post","status-publish","format-standard","has-post-thumbnail","hentry","category-generacio-2016","category-generacio-2017","category-generacio-2018","category-general","category-portada"],"post_mailing_queue_ids":[],"_links":{"self":[{"href":"https:\/\/agora.xtec.cat\/ceiprieraderibes\/wp-json\/wp\/v2\/posts\/12482","targetHints":{"allow":["GET"]}}],"collection":[{"href":"https:\/\/agora.xtec.cat\/ceiprieraderibes\/wp-json\/wp\/v2\/posts"}],"about":[{"href":"https:\/\/agora.xtec.cat\/ceiprieraderibes\/wp-json\/wp\/v2\/types\/post"}],"author":[{"embeddable":true,"href":"https:\/\/agora.xtec.cat\/ceiprieraderibes\/wp-json\/wp\/v2\/users\/357"}],"replies":[{"embeddable":true,"href":"https:\/\/agora.xtec.cat\/ceiprieraderibes\/wp-json\/wp\/v2\/comments?post=12482"}],"version-history":[{"count":1,"href":"https:\/\/agora.xtec.cat\/ceiprieraderibes\/wp-json\/wp\/v2\/posts\/12482\/revisions"}],"predecessor-version":[{"id":12484,"href":"https:\/\/agora.xtec.cat\/ceiprieraderibes\/wp-json\/wp\/v2\/posts\/12482\/revisions\/12484"}],"wp:featuredmedia":[{"embeddable":true,"href":"https:\/\/agora.xtec.cat\/ceiprieraderibes\/wp-json\/wp\/v2\/media\/12483"}],"wp:attachment":[{"href":"https:\/\/agora.xtec.cat\/ceiprieraderibes\/wp-json\/wp\/v2\/media?parent=12482"}],"wp:term":[{"taxonomy":"category","embeddable":true,"href":"https:\/\/agora.xtec.cat\/ceiprieraderibes\/wp-json\/wp\/v2\/categories?post=12482"},{"taxonomy":"post_tag","embeddable":true,"href":"https:\/\/agora.xtec.cat\/ceiprieraderibes\/wp-json\/wp\/v2\/tags?post=12482"}],"curies":[{"name":"wp","href":"https:\/\/api.w.org\/{rel}","templated":true}]}}