{"id":12432,"date":"2022-02-24T16:47:20","date_gmt":"2022-02-24T15:47:20","guid":{"rendered":"https:\/\/agora.xtec.cat\/ceiprieraderibes\/?p=12432"},"modified":"2022-02-24T16:47:20","modified_gmt":"2022-02-24T15:47:20","slug":"proces-aprenentatge-espectroscopi","status":"publish","type":"post","link":"https:\/\/agora.xtec.cat\/ceiprieraderibes\/general\/proces-aprenentatge-espectroscopi\/","title":{"rendered":"PROC\u00c8S APRENENTATGE ESPECTROSCOPI"},"content":{"rendered":"<p style=\"text-align: justify\">El context real que ens aporta el Calendari d\u2019Advent a l\u2019escola \u00e9s una gran oportunitat per viure i emocionar-nos en l\u2019aprendre, alhora que \u00e9s una situaci\u00f3 d\u2019aprenentatge que fa emergir multitud de coneixements. En el proc\u00e9s d\u2019aprenentatge que tot seguit us presentem, veiem com\u00a0 nenes i nens de P3 desenvolupen el sentit geom\u00e8tric i de mesura quan neix la necessitat de crear un cilindre. Ser\u00e0 una tasca que caldr\u00e0 fer entre tots, on per parelles haurem de ser constants, i fent i refent aquesta forma geom\u00e8trica s\u2019arribar\u00e0 a l\u2019objectiu final: fer un espectroscopi per regalar als nens i nenes de 3r. Compartint les idees sobre com ho han fet els uns i els altres, aix\u00f2 ens portar\u00e0 a acordar la millor manera comuna per poder arribar al nostre objectiu , i tindrem l\u2019oportunitat de mesurar tal i com fem les persones actualment (amb una cinta m\u00e8trica)\u00a0 i com es feia antigament (amb pams, cordill, &#8230;).<\/p>\n<p style=\"text-align: justify\">Aquests proc\u00e9s d\u2019aprenentatge fet a P3 (espai 3), ha estat presentat a les <em>VIII Jornades de La Cultura Matem\u00e0tica de les Persones<\/em> el passat dissabte 19 de febrer. Va ser una de les diverses experi\u00e8ncies que es van explicar, totes elles amb una mateixa mirada sobre com s\u2019ensenya i s\u2019apr\u00e8n les matem\u00e0tiques (o qualsevol altre coneixement): \u00a0donant sentit al m\u00f3n de la vida matem\u00e0tica de l\u2019aula, per poder respondre a la necessitat que tenim les persones de situar-nos en el m\u00f3n.<\/p>\n<p><iframe loading=\"lazy\" src=\"https:\/\/docs.google.com\/viewer?srcid=1jMACjmHQZh600bLuJayVknsMpe9kWQ35&amp;pid=explorer&amp;efh=false&amp;a=v&amp;chrome=false&amp;embedded=true\" width=\"200%\" height=\"980px\"><span data-mce-type=\"bookmark\" style=\"width: 0px;overflow: hidden;line-height: 0\" class=\"mce_SELRES_start\">\ufeff<\/span><span data-mce-type=\"bookmark\" style=\"width: 0px;overflow: hidden;line-height: 0\" class=\"mce_SELRES_start\">\ufeff<\/span><span data-mce-type=\"bookmark\" style=\"width: 0px;overflow: hidden;line-height: 0\" class=\"mce_SELRES_start\">\ufeff<\/span><\/iframe><\/p>\n","protected":false},"excerpt":{"rendered":"<p>El context real que ens aporta el Calendari d\u2019Advent a l\u2019escola \u00e9s una gran oportunitat per viure i emocionar-nos en l\u2019aprendre, alhora que \u00e9s una situaci\u00f3 d\u2019aprenentatge que fa emergir multitud de coneixements. En el proc\u00e9s d\u2019aprenentatge que tot seguit us presentem, veiem com\u00a0 nenes&hellip;  <a href=\"https:\/\/agora.xtec.cat\/ceiprieraderibes\/general\/proces-aprenentatge-espectroscopi\/\" title=\"Read PROC\u00c8S APRENENTATGE ESPECTROSCOPI\">Llegeix m\u00e9s\u00bb<\/a><\/p>\n","protected":false},"author":357,"featured_media":12441,"comment_status":"open","ping_status":"closed","sticky":false,"template":"","format":"standard","meta":{"_bbp_topic_count":0,"_bbp_reply_count":0,"_bbp_total_topic_count":0,"_bbp_total_reply_count":0,"_bbp_voice_count":0,"_bbp_anonymous_reply_count":0,"_bbp_topic_count_hidden":0,"_bbp_reply_count_hidden":0,"_bbp_forum_subforum_count":0,"footnotes":""},"categories":[232,1,4],"tags":[],"class_list":["post-12432","post","type-post","status-publish","format-standard","has-post-thumbnail","hentry","category-generacio-2018","category-general","category-portada"],"post_mailing_queue_ids":[],"_links":{"self":[{"href":"https:\/\/agora.xtec.cat\/ceiprieraderibes\/wp-json\/wp\/v2\/posts\/12432","targetHints":{"allow":["GET"]}}],"collection":[{"href":"https:\/\/agora.xtec.cat\/ceiprieraderibes\/wp-json\/wp\/v2\/posts"}],"about":[{"href":"https:\/\/agora.xtec.cat\/ceiprieraderibes\/wp-json\/wp\/v2\/types\/post"}],"author":[{"embeddable":true,"href":"https:\/\/agora.xtec.cat\/ceiprieraderibes\/wp-json\/wp\/v2\/users\/357"}],"replies":[{"embeddable":true,"href":"https:\/\/agora.xtec.cat\/ceiprieraderibes\/wp-json\/wp\/v2\/comments?post=12432"}],"version-history":[{"count":2,"href":"https:\/\/agora.xtec.cat\/ceiprieraderibes\/wp-json\/wp\/v2\/posts\/12432\/revisions"}],"predecessor-version":[{"id":12614,"href":"https:\/\/agora.xtec.cat\/ceiprieraderibes\/wp-json\/wp\/v2\/posts\/12432\/revisions\/12614"}],"wp:featuredmedia":[{"embeddable":true,"href":"https:\/\/agora.xtec.cat\/ceiprieraderibes\/wp-json\/wp\/v2\/media\/12441"}],"wp:attachment":[{"href":"https:\/\/agora.xtec.cat\/ceiprieraderibes\/wp-json\/wp\/v2\/media?parent=12432"}],"wp:term":[{"taxonomy":"category","embeddable":true,"href":"https:\/\/agora.xtec.cat\/ceiprieraderibes\/wp-json\/wp\/v2\/categories?post=12432"},{"taxonomy":"post_tag","embeddable":true,"href":"https:\/\/agora.xtec.cat\/ceiprieraderibes\/wp-json\/wp\/v2\/tags?post=12432"}],"curies":[{"name":"wp","href":"https:\/\/api.w.org\/{rel}","templated":true}]}}