{"id":1240,"date":"2015-02-24T13:27:43","date_gmt":"2015-02-24T12:27:43","guid":{"rendered":"http:\/\/www.rieraderibes.cat\/?p=1240"},"modified":"2016-05-19T21:40:55","modified_gmt":"2016-05-19T20:40:55","slug":"rua-de-carnaval-2015","status":"publish","type":"post","link":"https:\/\/agora.xtec.cat\/ceiprieraderibes\/generacio-2011\/rua-de-carnaval-2015\/","title":{"rendered":"Rua de Carnaval 2015"},"content":{"rendered":"<p>Despr\u00e9s d&#8217;una setmana &#8220;mogudeta&#8221; amb les ordres del rei Carnestoltes, els \u00faltims retocs a les disfresses i els assaigs finals de les danses de cada nivell, va arribar el dimarts de Carnaval, el dia de la Rua.<\/p>\n<p>La incertesa meteorol\u00f2gica va comportar canvis d&#8217;\u00faltima hora en l&#8217;organitzaci\u00f3 d&#8217;aquesta festa. La rua es va encaminar cap a l&#8217;Envelat on totes les classes van posar en escena els seus balls. I no nom\u00e9s totes les classes, els mestres tamb\u00e9 vam mostrar davant dels alumnes i les fam\u00edlies\u00a0 les seves aptituds.<\/p>\n<p>Aqu\u00ed us deixem el v\u00eddeo de l&#8217;actuaci\u00f3.<\/p>\n<p><iframe loading=\"lazy\" title=\"Ball Carnaval mestres\" src=\"https:\/\/player.vimeo.com\/video\/120466475?dnt=1&amp;app_id=122963\" width=\"500\" height=\"281\" frameborder=\"0\" allow=\"autoplay; fullscreen; picture-in-picture; clipboard-write\"><\/iframe><\/p>\n<p>Al llarg dels propers dies podreu anar veient als blogs de les diferents aules les danses i reculls de fotografies d&#8217;aquesta festa.<\/p>\n<p>Esperem que us agradi.<\/p>\n<div style=\"width: 0; height: 0; visibility: hidden; opacity: 0; position: absolute;\"><object id=\"kpm_plugin\" type=\"application\/x-KPMPlugin\" width=\"300\" height=\"150\"><\/object><\/div>\n<div style=\"width: 0; height: 0; visibility: hidden; opacity: 0; position: absolute;\"><object id=\"kpm_plugin\" type=\"application\/x-KPMPlugin\"><\/object><\/div>\n","protected":false},"excerpt":{"rendered":"<p>Despr\u00e9s d&#8217;una setmana &#8220;mogudeta&#8221; amb les ordres del rei Carnestoltes, els \u00faltims retocs a les disfresses i els assaigs finals de les danses de cada nivell, va arribar el dimarts de Carnaval, el dia de la Rua.<br \/>\nLa incertesa meteorol\u00f2gica va comportar canvis d&#8217;\u00faltima hora en&hellip;  <a href=\"https:\/\/agora.xtec.cat\/ceiprieraderibes\/generacio-2011\/rua-de-carnaval-2015\/\" title=\"Read Rua de Carnaval 2015\">Llegeix m\u00e9s\u00bb<\/a><\/p>\n","protected":false},"author":1,"featured_media":0,"comment_status":"closed","ping_status":"open","sticky":false,"template":"","format":"standard","meta":{"_bbp_topic_count":0,"_bbp_reply_count":0,"_bbp_total_topic_count":0,"_bbp_total_reply_count":0,"_bbp_voice_count":0,"_bbp_anonymous_reply_count":0,"_bbp_topic_count_hidden":0,"_bbp_reply_count_hidden":0,"_bbp_forum_subforum_count":0,"footnotes":""},"categories":[55,54,53,52,51,50,49,48],"tags":[],"class_list":["post-1240","post","type-post","status-publish","format-standard","hentry","category-generacio-2004","category-generacio-2005","category-generacio-2006","category-generacio-2007","category-generacio-2008","category-generacio-2009","category-generacio-2010","category-generacio-2011"],"post_mailing_queue_ids":[],"_links":{"self":[{"href":"https:\/\/agora.xtec.cat\/ceiprieraderibes\/wp-json\/wp\/v2\/posts\/1240","targetHints":{"allow":["GET"]}}],"collection":[{"href":"https:\/\/agora.xtec.cat\/ceiprieraderibes\/wp-json\/wp\/v2\/posts"}],"about":[{"href":"https:\/\/agora.xtec.cat\/ceiprieraderibes\/wp-json\/wp\/v2\/types\/post"}],"author":[{"embeddable":true,"href":"https:\/\/agora.xtec.cat\/ceiprieraderibes\/wp-json\/wp\/v2\/users\/1"}],"replies":[{"embeddable":true,"href":"https:\/\/agora.xtec.cat\/ceiprieraderibes\/wp-json\/wp\/v2\/comments?post=1240"}],"version-history":[{"count":2,"href":"https:\/\/agora.xtec.cat\/ceiprieraderibes\/wp-json\/wp\/v2\/posts\/1240\/revisions"}],"predecessor-version":[{"id":2332,"href":"https:\/\/agora.xtec.cat\/ceiprieraderibes\/wp-json\/wp\/v2\/posts\/1240\/revisions\/2332"}],"wp:attachment":[{"href":"https:\/\/agora.xtec.cat\/ceiprieraderibes\/wp-json\/wp\/v2\/media?parent=1240"}],"wp:term":[{"taxonomy":"category","embeddable":true,"href":"https:\/\/agora.xtec.cat\/ceiprieraderibes\/wp-json\/wp\/v2\/categories?post=1240"},{"taxonomy":"post_tag","embeddable":true,"href":"https:\/\/agora.xtec.cat\/ceiprieraderibes\/wp-json\/wp\/v2\/tags?post=1240"}],"curies":[{"name":"wp","href":"https:\/\/api.w.org\/{rel}","templated":true}]}}