{"id":1237,"date":"2015-01-20T13:06:25","date_gmt":"2015-01-20T12:06:25","guid":{"rendered":"http:\/\/www.rieraderibes.cat\/?p=1237"},"modified":"2016-05-19T21:52:33","modified_gmt":"2016-05-19T20:52:33","slug":"les-families-regalen-nadales","status":"publish","type":"post","link":"https:\/\/agora.xtec.cat\/ceiprieraderibes\/portada\/les-families-regalen-nadales\/","title":{"rendered":"Les fam\u00edlies regalen Nadales"},"content":{"rendered":"<p>El 18 de desembre de 2014 alguns pares i mares de l&#8217;escola ens van oferir un petit concert de nadales.\u00a0 Mestres i alumnes vam gaudir d&#8217;aquell moment molt\u00edssim.\u00a0 L&#8217;acte va concloure amb la cantada conjunta de fam\u00edlies, mestres i alumnes de la can\u00e7\u00f3 &#8220;El m\u00f3n seria&#8230;&#8221;<\/p>\n<p>&nbsp;<\/p>\n<p><iframe loading=\"lazy\" title=\"i per festes... unes Nadales!\" src=\"https:\/\/player.vimeo.com\/video\/122739781?dnt=1&amp;app_id=122963\" width=\"500\" height=\"281\" frameborder=\"0\" allow=\"autoplay; fullscreen; picture-in-picture; clipboard-write\"><\/iframe><\/p>\n<p>&nbsp;<\/p>\n<p>&nbsp;<\/p>\n<div style=\"width: 0; height: 0; visibility: hidden; opacity: 0; position: absolute;\"><object id=\"kpm_plugin\" type=\"application\/x-KPMPlugin\" width=\"300\" height=\"150\"><\/object><\/div>\n<div style=\"width: 0; height: 0; visibility: hidden; opacity: 0; position: absolute;\"><object id=\"kpm_plugin\" type=\"application\/x-KPMPlugin\"><\/object><\/div>\n","protected":false},"excerpt":{"rendered":"<p>El 18 de desembre de 2014 alguns pares i mares de l&#8217;escola ens van oferir un petit concert de nadales.\u00a0 Mestres i alumnes vam gaudir d&#8217;aquell moment molt\u00edssim.\u00a0 L&#8217;acte va concloure amb la cantada conjunta de fam\u00edlies, mestres i alumnes de la can\u00e7\u00f3 &#8220;El m\u00f3n&hellip;  <a href=\"https:\/\/agora.xtec.cat\/ceiprieraderibes\/portada\/les-families-regalen-nadales\/\" title=\"Read Les fam\u00edlies regalen Nadales\">Llegeix m\u00e9s\u00bb<\/a><\/p>\n","protected":false},"author":1,"featured_media":1238,"comment_status":"closed","ping_status":"open","sticky":false,"template":"","format":"standard","meta":{"_bbp_topic_count":0,"_bbp_reply_count":0,"_bbp_total_topic_count":0,"_bbp_total_reply_count":0,"_bbp_voice_count":0,"_bbp_anonymous_reply_count":0,"_bbp_topic_count_hidden":0,"_bbp_reply_count_hidden":0,"_bbp_forum_subforum_count":0,"footnotes":""},"categories":[55,54,53,52,51,50,49,48,4],"tags":[],"class_list":["post-1237","post","type-post","status-publish","format-standard","has-post-thumbnail","hentry","category-generacio-2004","category-generacio-2005","category-generacio-2006","category-generacio-2007","category-generacio-2008","category-generacio-2009","category-generacio-2010","category-generacio-2011","category-portada"],"post_mailing_queue_ids":[],"_links":{"self":[{"href":"https:\/\/agora.xtec.cat\/ceiprieraderibes\/wp-json\/wp\/v2\/posts\/1237","targetHints":{"allow":["GET"]}}],"collection":[{"href":"https:\/\/agora.xtec.cat\/ceiprieraderibes\/wp-json\/wp\/v2\/posts"}],"about":[{"href":"https:\/\/agora.xtec.cat\/ceiprieraderibes\/wp-json\/wp\/v2\/types\/post"}],"author":[{"embeddable":true,"href":"https:\/\/agora.xtec.cat\/ceiprieraderibes\/wp-json\/wp\/v2\/users\/1"}],"replies":[{"embeddable":true,"href":"https:\/\/agora.xtec.cat\/ceiprieraderibes\/wp-json\/wp\/v2\/comments?post=1237"}],"version-history":[{"count":2,"href":"https:\/\/agora.xtec.cat\/ceiprieraderibes\/wp-json\/wp\/v2\/posts\/1237\/revisions"}],"predecessor-version":[{"id":2344,"href":"https:\/\/agora.xtec.cat\/ceiprieraderibes\/wp-json\/wp\/v2\/posts\/1237\/revisions\/2344"}],"wp:featuredmedia":[{"embeddable":true,"href":"https:\/\/agora.xtec.cat\/ceiprieraderibes\/wp-json\/wp\/v2\/media\/1238"}],"wp:attachment":[{"href":"https:\/\/agora.xtec.cat\/ceiprieraderibes\/wp-json\/wp\/v2\/media?parent=1237"}],"wp:term":[{"taxonomy":"category","embeddable":true,"href":"https:\/\/agora.xtec.cat\/ceiprieraderibes\/wp-json\/wp\/v2\/categories?post=1237"},{"taxonomy":"post_tag","embeddable":true,"href":"https:\/\/agora.xtec.cat\/ceiprieraderibes\/wp-json\/wp\/v2\/tags?post=1237"}],"curies":[{"name":"wp","href":"https:\/\/api.w.org\/{rel}","templated":true}]}}