{"id":12223,"date":"2021-12-22T12:05:39","date_gmt":"2021-12-22T11:05:39","guid":{"rendered":"https:\/\/agora.xtec.cat\/ceiprieraderibes\/?p=12223"},"modified":"2021-12-22T13:04:13","modified_gmt":"2021-12-22T12:04:13","slug":"concert-nadales-curs-21-22","status":"publish","type":"post","link":"https:\/\/agora.xtec.cat\/ceiprieraderibes\/portada\/concert-nadales-curs-21-22\/","title":{"rendered":"Concert Nadales- Curs 21-22"},"content":{"rendered":"<p style=\"text-align: justify;\">Benvolgudes Fam\u00edlies,<\/p>\n<p style=\"text-align: justify;\">Tal i com ja sabeu, el dilluns vam decidir canviar la cantada de Nadales presencial per un acte alternatiu degut a la situaci\u00f3 actual.<\/p>\n<p style=\"text-align: justify;\">Aix\u00ed doncs, ahir es va realitzar una cantada de Nadales al pati de la nostra escola i a trav\u00e9s de plataformes virtuals. Us fem arribar el v\u00eddeo que recull aquests moments que vam compartir.<br \/>\nUs desitgem molt bones festes!<\/p>\n<p style=\"text-align: justify;\">Equip de professionals de l&#8217;Escola Riera de Ribes<\/p>\n<p><a href=\"https:\/\/drive.google.com\/file\/d\/1iPN28-3LFChoOCdFAQwq3ZQcH8sChHGT\/view?usp=sharing\">CONCERT NADALES-CURS 21-22<\/a><\/p>\n","protected":false},"excerpt":{"rendered":"<p>Benvolgudes Fam\u00edlies,<br \/>\nTal i com ja sabeu, el dilluns vam decidir canviar la cantada de Nadales presencial per un acte alternatiu degut a la situaci\u00f3 actual.<br \/>\nAix\u00ed doncs, ahir es va realitzar una cantada de Nadales al pati de la nostra escola i a trav\u00e9s de plataformes&hellip;  <a href=\"https:\/\/agora.xtec.cat\/ceiprieraderibes\/portada\/concert-nadales-curs-21-22\/\" title=\"Read Concert Nadales- Curs 21-22\">Llegeix m\u00e9s\u00bb<\/a><\/p>\n","protected":false},"author":175,"featured_media":0,"comment_status":"open","ping_status":"closed","sticky":false,"template":"","format":"standard","meta":{"_bbp_topic_count":0,"_bbp_reply_count":0,"_bbp_total_topic_count":0,"_bbp_total_reply_count":0,"_bbp_voice_count":0,"_bbp_anonymous_reply_count":0,"_bbp_topic_count_hidden":0,"_bbp_reply_count_hidden":0,"_bbp_forum_subforum_count":0,"footnotes":""},"categories":[49,48,47,157,177,196,201,228,232,4],"tags":[],"class_list":["post-12223","post","type-post","status-publish","format-standard","hentry","category-generacio-2010","category-generacio-2011","category-generacio-2012","category-generacio-2013","category-generacio-2014","category-generacio-2015","category-generacio-2016","category-generacio-2017","category-generacio-2018","category-portada"],"post_mailing_queue_ids":[],"_links":{"self":[{"href":"https:\/\/agora.xtec.cat\/ceiprieraderibes\/wp-json\/wp\/v2\/posts\/12223","targetHints":{"allow":["GET"]}}],"collection":[{"href":"https:\/\/agora.xtec.cat\/ceiprieraderibes\/wp-json\/wp\/v2\/posts"}],"about":[{"href":"https:\/\/agora.xtec.cat\/ceiprieraderibes\/wp-json\/wp\/v2\/types\/post"}],"author":[{"embeddable":true,"href":"https:\/\/agora.xtec.cat\/ceiprieraderibes\/wp-json\/wp\/v2\/users\/175"}],"replies":[{"embeddable":true,"href":"https:\/\/agora.xtec.cat\/ceiprieraderibes\/wp-json\/wp\/v2\/comments?post=12223"}],"version-history":[{"count":2,"href":"https:\/\/agora.xtec.cat\/ceiprieraderibes\/wp-json\/wp\/v2\/posts\/12223\/revisions"}],"predecessor-version":[{"id":12225,"href":"https:\/\/agora.xtec.cat\/ceiprieraderibes\/wp-json\/wp\/v2\/posts\/12223\/revisions\/12225"}],"wp:attachment":[{"href":"https:\/\/agora.xtec.cat\/ceiprieraderibes\/wp-json\/wp\/v2\/media?parent=12223"}],"wp:term":[{"taxonomy":"category","embeddable":true,"href":"https:\/\/agora.xtec.cat\/ceiprieraderibes\/wp-json\/wp\/v2\/categories?post=12223"},{"taxonomy":"post_tag","embeddable":true,"href":"https:\/\/agora.xtec.cat\/ceiprieraderibes\/wp-json\/wp\/v2\/tags?post=12223"}],"curies":[{"name":"wp","href":"https:\/\/api.w.org\/{rel}","templated":true}]}}