{"id":12207,"date":"2021-12-03T15:42:50","date_gmt":"2021-12-03T14:42:50","guid":{"rendered":"https:\/\/agora.xtec.cat\/ceiprieraderibes\/?p=12207"},"modified":"2021-12-03T16:03:29","modified_gmt":"2021-12-03T15:03:29","slug":"la-biblioteca-manuel-de-pedrolo-a-lescola","status":"publish","type":"post","link":"https:\/\/agora.xtec.cat\/ceiprieraderibes\/portada\/la-biblioteca-manuel-de-pedrolo-a-lescola\/","title":{"rendered":"La biblioteca Manuel de Pedrolo a 2n Cicle!"},"content":{"rendered":"<p><a href=\"https:\/\/agora.xtec.cat\/ceiprieraderibes\/wp-content\/uploads\/usu901\/2021\/12\/bibliotecaarticle.jpg\"><img loading=\"lazy\" decoding=\"async\" class=\"size-medium wp-image-12208 aligncenter\" src=\"https:\/\/agora.xtec.cat\/ceiprieraderibes\/wp-content\/uploads\/usu901\/2021\/12\/bibliotecaarticle-300x146.jpg\" alt=\"\" width=\"300\" height=\"146\" srcset=\"https:\/\/agora.xtec.cat\/ceiprieraderibes\/wp-content\/uploads\/usu901\/2021\/12\/bibliotecaarticle-300x146.jpg 300w, https:\/\/agora.xtec.cat\/ceiprieraderibes\/wp-content\/uploads\/usu901\/2021\/12\/bibliotecaarticle.jpg 500w\" sizes=\"auto, (max-width: 300px) 100vw, 300px\" \/><\/a><\/p>\n<p>La Laia de la Biblioteca Manuel de Pedrolo de Ribes ha vingut a l&#8217;escola a explicar-nos el funcionament de la biblioteca i ens ha recordat el servei de pr\u00e8stec.<\/p>\n<table style=\"border-collapse: collapse;width: 100%\">\n<tbody>\n<tr>\n<td style=\"width: 100%\"><strong>A la biblioteca recorda que si prens un llibre a casa:<\/strong><\/td>\n<\/tr>\n<tr>\n<td style=\"width: 100%\">\n<ul>\n<li>L\u00edmit: 1 mes.<\/li>\n<\/ul>\n<\/td>\n<\/tr>\n<tr>\n<td style=\"width: 100%\">\n<ul>\n<li>Renovar: presencial, on line, tel\u00e8fon<\/li>\n<\/ul>\n<\/td>\n<\/tr>\n<tr>\n<td style=\"width: 100%\">\n<ul>\n<li>Si retornes 1 dia tard el llibre perds un punt i quan arribes a 50 punts carnet bloquejat 15 dies<\/li>\n<\/ul>\n<\/td>\n<\/tr>\n<\/tbody>\n<\/table>\n<p>Tamb\u00e9 ens ha recordat que quan parlem de tipus de llibre ens referim a la tipolog\u00eda de llibres i de textos. Aix\u00f2, ho practicem als espais de lectura quan especifiquem els temes per fer recomanacions de les lectures als companys i a les companyes.<\/p>\n<p>G\u00e9neres:<\/p>\n<ol>\n<li style=\"font-weight: 400\"><span style=\"font-weight: 400\">Aventures.<\/span><\/li>\n<li style=\"font-weight: 400\"><span style=\"font-weight: 400\">Hist\u00f2ria.<\/span><\/li>\n<li style=\"font-weight: 400\"><span style=\"font-weight: 400\">Fantasia ( dracs, \u00e8ssers fant\u00e0stics,, bruixes, sirenes\u2026)<\/span><\/li>\n<li style=\"font-weight: 400\"><span style=\"font-weight: 400\">Por.<\/span><\/li>\n<li style=\"font-weight: 400\"><span style=\"font-weight: 400\">Misteri<\/span><\/li>\n<li style=\"font-weight: 400\"><span style=\"font-weight: 400\">Cl\u00e0ssics.<\/span><\/li>\n<li style=\"font-weight: 400\"><span style=\"font-weight: 400\">Contes il\u00b7lustrats.<\/span><\/li>\n<li style=\"font-weight: 400\"><span style=\"font-weight: 400\">C\u00f2mics.<\/span><\/li>\n<li style=\"font-weight: 400\"><span style=\"font-weight: 400\">Revistes.<\/span><\/li>\n<li style=\"font-weight: 400\"><span style=\"font-weight: 400\">De coneixement.<\/span><\/li>\n<\/ol>\n<p>Ens ha portat a tots els espais de 2n Cicle un recull de llibres.<\/p>\n<p>Moltes gr\u00e0cies Laia!!!!<\/p>\n<p>&nbsp;<\/p>\n<p>&nbsp;<\/p>\n","protected":false},"excerpt":{"rendered":"<p>La Laia ens ha portat a tots els espais de 2n Cicle un recull de llibres. Gr\u00e0cies Laia!&hellip;  <a href=\"https:\/\/agora.xtec.cat\/ceiprieraderibes\/portada\/la-biblioteca-manuel-de-pedrolo-a-lescola\/\" title=\"Read La biblioteca Manuel de Pedrolo a 2n Cicle!\">Llegeix m\u00e9s\u00bb<\/a><\/p>\n","protected":false},"author":1,"featured_media":12208,"comment_status":"open","ping_status":"closed","sticky":false,"template":"","format":"standard","meta":{"_bbp_topic_count":0,"_bbp_reply_count":0,"_bbp_total_topic_count":0,"_bbp_total_reply_count":0,"_bbp_voice_count":0,"_bbp_anonymous_reply_count":0,"_bbp_topic_count_hidden":0,"_bbp_reply_count_hidden":0,"_bbp_forum_subforum_count":0,"footnotes":""},"categories":[49,48,47,4],"tags":[],"class_list":["post-12207","post","type-post","status-publish","format-standard","has-post-thumbnail","hentry","category-generacio-2010","category-generacio-2011","category-generacio-2012","category-portada"],"post_mailing_queue_ids":[],"_links":{"self":[{"href":"https:\/\/agora.xtec.cat\/ceiprieraderibes\/wp-json\/wp\/v2\/posts\/12207","targetHints":{"allow":["GET"]}}],"collection":[{"href":"https:\/\/agora.xtec.cat\/ceiprieraderibes\/wp-json\/wp\/v2\/posts"}],"about":[{"href":"https:\/\/agora.xtec.cat\/ceiprieraderibes\/wp-json\/wp\/v2\/types\/post"}],"author":[{"embeddable":true,"href":"https:\/\/agora.xtec.cat\/ceiprieraderibes\/wp-json\/wp\/v2\/users\/1"}],"replies":[{"embeddable":true,"href":"https:\/\/agora.xtec.cat\/ceiprieraderibes\/wp-json\/wp\/v2\/comments?post=12207"}],"version-history":[{"count":3,"href":"https:\/\/agora.xtec.cat\/ceiprieraderibes\/wp-json\/wp\/v2\/posts\/12207\/revisions"}],"predecessor-version":[{"id":12212,"href":"https:\/\/agora.xtec.cat\/ceiprieraderibes\/wp-json\/wp\/v2\/posts\/12207\/revisions\/12212"}],"wp:featuredmedia":[{"embeddable":true,"href":"https:\/\/agora.xtec.cat\/ceiprieraderibes\/wp-json\/wp\/v2\/media\/12208"}],"wp:attachment":[{"href":"https:\/\/agora.xtec.cat\/ceiprieraderibes\/wp-json\/wp\/v2\/media?parent=12207"}],"wp:term":[{"taxonomy":"category","embeddable":true,"href":"https:\/\/agora.xtec.cat\/ceiprieraderibes\/wp-json\/wp\/v2\/categories?post=12207"},{"taxonomy":"post_tag","embeddable":true,"href":"https:\/\/agora.xtec.cat\/ceiprieraderibes\/wp-json\/wp\/v2\/tags?post=12207"}],"curies":[{"name":"wp","href":"https:\/\/api.w.org\/{rel}","templated":true}]}}