{"id":12136,"date":"2021-11-29T13:32:20","date_gmt":"2021-11-29T12:32:20","guid":{"rendered":"https:\/\/agora.xtec.cat\/ceiprieraderibes\/?p=12136"},"modified":"2022-02-08T14:53:56","modified_gmt":"2022-02-08T13:53:56","slug":"els-proces-de-creacio-dels-nostres-calaixets","status":"publish","type":"post","link":"https:\/\/agora.xtec.cat\/ceiprieraderibes\/general\/els-proces-de-creacio-dels-nostres-calaixets\/","title":{"rendered":"ELS PROC\u00c9S DE CREACI\u00d3 DELS NOSTRES CALAIXETS"},"content":{"rendered":"<p><span style=\"font-weight: 400\">Divendres passat els nens i nenes de 3r Espai 9 vam compartir a l&#8217;hora de contrast com va ser el proc\u00e9s de creaci\u00f3 de les portes dels nostres calaixets i quins aprenentatges ens hem emportat amb aquest projecte. Port\u00e0vem tota la setmana preparant-nos per aquest moment!<\/span><\/p>\n<p>&nbsp;<\/p>\n<p><b>El proc\u00e9s de creaci\u00f3 dels nostres calaixets<\/b><\/p>\n<p><span style=\"font-weight: 400\">Com cada curs, calia decorar els nostres calaixets. Vam fer dissenys i vam consensuar-ne un: far\u00edem una porta per cada calaixet, la qual es pogu\u00e9s obrir i tancar amb velcro. En cerca d&#8217;inspiraci\u00f3 a Internet per acordar com decorar\u00edem la porta, vam trobar la imatge d&#8217;un grafiti del poble de Santpedor que va agradar molt als nens i nenes. Per tal de no repetir el mateix grafiti a cada porta, vam decidir que dividir\u00edem el grafiti en 20 parts i que cadasc\u00fa pintaria la part que li toqu\u00e9s, tot fent una obra conjunta.<\/span><\/p>\n<p><a href=\"https:\/\/agora.xtec.cat\/ceiprieraderibes\/wp-content\/uploads\/usu901\/2021\/11\/foto-1-espai-9-FILEminimizer.jpg\"><img loading=\"lazy\" decoding=\"async\" class=\"alignnone wp-image-12137\" src=\"https:\/\/agora.xtec.cat\/ceiprieraderibes\/wp-content\/uploads\/usu901\/2021\/11\/foto-1-espai-9-FILEminimizer.jpg\" alt=\"\" width=\"572\" height=\"429\" srcset=\"https:\/\/agora.xtec.cat\/ceiprieraderibes\/wp-content\/uploads\/usu901\/2021\/11\/foto-1-espai-9-FILEminimizer.jpg 1024w, https:\/\/agora.xtec.cat\/ceiprieraderibes\/wp-content\/uploads\/usu901\/2021\/11\/foto-1-espai-9-FILEminimizer-300x225.jpg 300w, https:\/\/agora.xtec.cat\/ceiprieraderibes\/wp-content\/uploads\/usu901\/2021\/11\/foto-1-espai-9-FILEminimizer-768x576.jpg 768w, https:\/\/agora.xtec.cat\/ceiprieraderibes\/wp-content\/uploads\/usu901\/2021\/11\/foto-1-espai-9-FILEminimizer-200x150.jpg 200w\" sizes=\"auto, (max-width: 572px) 100vw, 572px\" \/><\/a><\/p>\n<p>&nbsp;<\/p>\n<p><b>Com aconseguirem el nostre objectiu?<\/b><\/p>\n<p><span style=\"font-weight: 400\">Primer, decidim els passos a seguir i els plasmem en aquests llen\u00e7ols.<\/span><\/p>\n<p><a href=\"https:\/\/agora.xtec.cat\/ceiprieraderibes\/wp-content\/uploads\/usu901\/2021\/11\/foto2-escpai-9-FILEminimizer.jpg\"><img loading=\"lazy\" decoding=\"async\" class=\"alignnone wp-image-12138\" src=\"https:\/\/agora.xtec.cat\/ceiprieraderibes\/wp-content\/uploads\/usu901\/2021\/11\/foto2-escpai-9-FILEminimizer.jpg\" alt=\"\" width=\"510\" height=\"382\" srcset=\"https:\/\/agora.xtec.cat\/ceiprieraderibes\/wp-content\/uploads\/usu901\/2021\/11\/foto2-escpai-9-FILEminimizer.jpg 1024w, https:\/\/agora.xtec.cat\/ceiprieraderibes\/wp-content\/uploads\/usu901\/2021\/11\/foto2-escpai-9-FILEminimizer-300x225.jpg 300w, https:\/\/agora.xtec.cat\/ceiprieraderibes\/wp-content\/uploads\/usu901\/2021\/11\/foto2-escpai-9-FILEminimizer-768x576.jpg 768w, https:\/\/agora.xtec.cat\/ceiprieraderibes\/wp-content\/uploads\/usu901\/2021\/11\/foto2-escpai-9-FILEminimizer-200x150.jpg 200w\" sizes=\"auto, (max-width: 510px) 100vw, 510px\" \/><\/a><a href=\"https:\/\/agora.xtec.cat\/ceiprieraderibes\/wp-content\/uploads\/usu901\/2021\/11\/foto-3-espai-9-FILEminimizer.jpg\"><img loading=\"lazy\" decoding=\"async\" class=\"alignnone wp-image-12139\" src=\"https:\/\/agora.xtec.cat\/ceiprieraderibes\/wp-content\/uploads\/usu901\/2021\/11\/foto-3-espai-9-FILEminimizer.jpg\" alt=\"\" width=\"272\" height=\"204\" srcset=\"https:\/\/agora.xtec.cat\/ceiprieraderibes\/wp-content\/uploads\/usu901\/2021\/11\/foto-3-espai-9-FILEminimizer.jpg 1024w, https:\/\/agora.xtec.cat\/ceiprieraderibes\/wp-content\/uploads\/usu901\/2021\/11\/foto-3-espai-9-FILEminimizer-300x225.jpg 300w, https:\/\/agora.xtec.cat\/ceiprieraderibes\/wp-content\/uploads\/usu901\/2021\/11\/foto-3-espai-9-FILEminimizer-768x576.jpg 768w, https:\/\/agora.xtec.cat\/ceiprieraderibes\/wp-content\/uploads\/usu901\/2021\/11\/foto-3-espai-9-FILEminimizer-200x150.jpg 200w\" sizes=\"auto, (max-width: 272px) 100vw, 272px\" \/><\/a><\/p>\n<p><span style=\"font-weight: 400\">A mesura que complet\u00e0vem cada pas, li an\u00e0vem fent un \u201ctic\u201d.<\/span><\/p>\n<p><b>Mesurem, calculem, retallem, tornem a mesurar&#8230;<\/b><\/p>\n<p><span style=\"font-weight: 400\">Despr\u00e9s de mesurar els calaixets i definir la mida que tindria cada porta, traslladem aquestes mesures al paper que hem de retallar. Vam haver de trobar estrat\u00e8gies per dibuixar els angles rectes de les nostres portes abans de retallar-les. Per\u00f2\u2026 Qu\u00e8 \u00e9s un angle recte? Qu\u00e8 \u00e9s un angle? Com sabem si \u00e9s o no \u00e9s exactament recte? Aquestes preguntes ens portaran a fer un aprofundiment significatiu que us explicarem m\u00e9s endavant.<\/span><\/p>\n<p><a href=\"https:\/\/agora.xtec.cat\/ceiprieraderibes\/wp-content\/uploads\/usu901\/2021\/11\/foto-4-espai-9-FILEminimizer.jpg\"><img loading=\"lazy\" decoding=\"async\" class=\"alignnone wp-image-12140\" src=\"https:\/\/agora.xtec.cat\/ceiprieraderibes\/wp-content\/uploads\/usu901\/2021\/11\/foto-4-espai-9-FILEminimizer.jpg\" alt=\"\" width=\"423\" height=\"318\" srcset=\"https:\/\/agora.xtec.cat\/ceiprieraderibes\/wp-content\/uploads\/usu901\/2021\/11\/foto-4-espai-9-FILEminimizer.jpg 1024w, https:\/\/agora.xtec.cat\/ceiprieraderibes\/wp-content\/uploads\/usu901\/2021\/11\/foto-4-espai-9-FILEminimizer-300x225.jpg 300w, https:\/\/agora.xtec.cat\/ceiprieraderibes\/wp-content\/uploads\/usu901\/2021\/11\/foto-4-espai-9-FILEminimizer-768x576.jpg 768w, https:\/\/agora.xtec.cat\/ceiprieraderibes\/wp-content\/uploads\/usu901\/2021\/11\/foto-4-espai-9-FILEminimizer-200x150.jpg 200w\" sizes=\"auto, (max-width: 423px) 100vw, 423px\" \/><\/a><\/p>\n<p><span style=\"font-weight: 400\">Amb les portes retallades, calia dividir el grafiti per poder comen\u00e7ar a pintar, cadasc\u00fa, la part que li correspongu\u00e9s. Vam necessitar provar, calcular i contrastar els resultats fins a aconseguir dividir l&#8217;amplada del grafiti en 5 parts iguals, i l&#8217;al\u00e7ada en 4 parts iguals.<\/span><\/p>\n<p><a href=\"https:\/\/agora.xtec.cat\/ceiprieraderibes\/wp-content\/uploads\/usu901\/2021\/11\/foto-5-espai9-FILEminimizer.jpg\"><img loading=\"lazy\" decoding=\"async\" class=\"alignnone wp-image-12141\" src=\"https:\/\/agora.xtec.cat\/ceiprieraderibes\/wp-content\/uploads\/usu901\/2021\/11\/foto-5-espai9-FILEminimizer.jpg\" alt=\"\" width=\"286\" height=\"215\" \/><\/a><a href=\"https:\/\/agora.xtec.cat\/ceiprieraderibes\/wp-content\/uploads\/usu901\/2021\/11\/foto6-espai-9-FILEminimizer.jpg\"><img loading=\"lazy\" decoding=\"async\" class=\"alignnone wp-image-12142\" src=\"https:\/\/agora.xtec.cat\/ceiprieraderibes\/wp-content\/uploads\/usu901\/2021\/11\/foto6-espai-9-FILEminimizer.jpg\" alt=\"\" width=\"285\" height=\"214\" srcset=\"https:\/\/agora.xtec.cat\/ceiprieraderibes\/wp-content\/uploads\/usu901\/2021\/11\/foto6-espai-9-FILEminimizer.jpg 1024w, https:\/\/agora.xtec.cat\/ceiprieraderibes\/wp-content\/uploads\/usu901\/2021\/11\/foto6-espai-9-FILEminimizer-300x225.jpg 300w, https:\/\/agora.xtec.cat\/ceiprieraderibes\/wp-content\/uploads\/usu901\/2021\/11\/foto6-espai-9-FILEminimizer-768x576.jpg 768w, https:\/\/agora.xtec.cat\/ceiprieraderibes\/wp-content\/uploads\/usu901\/2021\/11\/foto6-espai-9-FILEminimizer-200x150.jpg 200w\" sizes=\"auto, (max-width: 285px) 100vw, 285px\" \/> <\/a><a href=\"https:\/\/agora.xtec.cat\/ceiprieraderibes\/wp-content\/uploads\/usu901\/2021\/11\/foto-7-espai9-FILEminimizer.jpg\"><img loading=\"lazy\" decoding=\"async\" class=\"alignnone wp-image-12143\" src=\"https:\/\/agora.xtec.cat\/ceiprieraderibes\/wp-content\/uploads\/usu901\/2021\/11\/foto-7-espai9-FILEminimizer-769x1024.jpg\" alt=\"\" width=\"198\" height=\"263\" srcset=\"https:\/\/agora.xtec.cat\/ceiprieraderibes\/wp-content\/uploads\/usu901\/2021\/11\/foto-7-espai9-FILEminimizer-769x1024.jpg 769w, https:\/\/agora.xtec.cat\/ceiprieraderibes\/wp-content\/uploads\/usu901\/2021\/11\/foto-7-espai9-FILEminimizer-225x300.jpg 225w, https:\/\/agora.xtec.cat\/ceiprieraderibes\/wp-content\/uploads\/usu901\/2021\/11\/foto-7-espai9-FILEminimizer-768x1022.jpg 768w, https:\/\/agora.xtec.cat\/ceiprieraderibes\/wp-content\/uploads\/usu901\/2021\/11\/foto-7-espai9-FILEminimizer.jpg 1024w\" sizes=\"auto, (max-width: 198px) 100vw, 198px\" \/><\/a><\/p>\n<p><a href=\"https:\/\/agora.xtec.cat\/ceiprieraderibes\/wp-content\/uploads\/usu901\/2021\/11\/foto-10-espai-9-FILEminimizer.jpg\"><img loading=\"lazy\" decoding=\"async\" class=\"wp-image-12144 aligncenter\" src=\"https:\/\/agora.xtec.cat\/ceiprieraderibes\/wp-content\/uploads\/usu901\/2021\/11\/foto-10-espai-9-FILEminimizer.jpg\" alt=\"\" width=\"268\" height=\"201\" srcset=\"https:\/\/agora.xtec.cat\/ceiprieraderibes\/wp-content\/uploads\/usu901\/2021\/11\/foto-10-espai-9-FILEminimizer.jpg 1024w, https:\/\/agora.xtec.cat\/ceiprieraderibes\/wp-content\/uploads\/usu901\/2021\/11\/foto-10-espai-9-FILEminimizer-300x225.jpg 300w, https:\/\/agora.xtec.cat\/ceiprieraderibes\/wp-content\/uploads\/usu901\/2021\/11\/foto-10-espai-9-FILEminimizer-768x576.jpg 768w, https:\/\/agora.xtec.cat\/ceiprieraderibes\/wp-content\/uploads\/usu901\/2021\/11\/foto-10-espai-9-FILEminimizer-200x150.jpg 200w\" sizes=\"auto, (max-width: 268px) 100vw, 268px\" \/><\/a><\/p>\n<p><span style=\"font-weight: 400\">Ja sabem les mesures en qu\u00e8 hem de dividir el grafiti! El dividim i distribu\u00efm el requadre que li pertoca a cada company\/a.<\/span><\/p>\n<p><b>Comencem a dibuixar<\/b><span style=\"font-weight: 400\">, cadasc\u00fa la seva porta, seguint el model que ens correspon.<\/span><\/p>\n<p><span style=\"font-weight: 400\">En el cam\u00ed, ens adonem que cal que el dibuix de cada porta coincideixi en els l\u00edmits amb el de les portes \u201cve\u00efnes\u201d. En petits grups i finalment en gran grup ens assegurem que els dibuixos configurin, efectivament, una obra conjunta.<\/span><\/p>\n<p><a href=\"https:\/\/agora.xtec.cat\/ceiprieraderibes\/wp-content\/uploads\/usu901\/2021\/11\/foto11-espai9-FILEminimizer.jpg\"><img loading=\"lazy\" decoding=\"async\" class=\"alignnone wp-image-12145\" src=\"https:\/\/agora.xtec.cat\/ceiprieraderibes\/wp-content\/uploads\/usu901\/2021\/11\/foto11-espai9-FILEminimizer-769x1024.jpg\" alt=\"\" width=\"351\" height=\"467\" srcset=\"https:\/\/agora.xtec.cat\/ceiprieraderibes\/wp-content\/uploads\/usu901\/2021\/11\/foto11-espai9-FILEminimizer-769x1024.jpg 769w, https:\/\/agora.xtec.cat\/ceiprieraderibes\/wp-content\/uploads\/usu901\/2021\/11\/foto11-espai9-FILEminimizer-225x300.jpg 225w, https:\/\/agora.xtec.cat\/ceiprieraderibes\/wp-content\/uploads\/usu901\/2021\/11\/foto11-espai9-FILEminimizer-768x1022.jpg 768w, https:\/\/agora.xtec.cat\/ceiprieraderibes\/wp-content\/uploads\/usu901\/2021\/11\/foto11-espai9-FILEminimizer.jpg 1024w\" sizes=\"auto, (max-width: 351px) 100vw, 351px\" \/>\u00a0\u00a0\u00a0\u00a0\u00a0\u00a0\u00a0 <\/a><a href=\"https:\/\/agora.xtec.cat\/ceiprieraderibes\/wp-content\/uploads\/usu901\/2021\/11\/foto-12-espai9-FILEminimizer.jpg\"><img loading=\"lazy\" decoding=\"async\" class=\"alignnone wp-image-12146\" src=\"https:\/\/agora.xtec.cat\/ceiprieraderibes\/wp-content\/uploads\/usu901\/2021\/11\/foto-12-espai9-FILEminimizer.jpg\" alt=\"\" width=\"425\" height=\"318\" srcset=\"https:\/\/agora.xtec.cat\/ceiprieraderibes\/wp-content\/uploads\/usu901\/2021\/11\/foto-12-espai9-FILEminimizer.jpg 1024w, https:\/\/agora.xtec.cat\/ceiprieraderibes\/wp-content\/uploads\/usu901\/2021\/11\/foto-12-espai9-FILEminimizer-300x225.jpg 300w, https:\/\/agora.xtec.cat\/ceiprieraderibes\/wp-content\/uploads\/usu901\/2021\/11\/foto-12-espai9-FILEminimizer-768x576.jpg 768w, https:\/\/agora.xtec.cat\/ceiprieraderibes\/wp-content\/uploads\/usu901\/2021\/11\/foto-12-espai9-FILEminimizer-200x150.jpg 200w\" sizes=\"auto, (max-width: 425px) 100vw, 425px\" \/><\/a><\/p>\n<p><a href=\"https:\/\/agora.xtec.cat\/ceiprieraderibes\/wp-content\/uploads\/usu901\/2021\/11\/foto-14-espai-9-FILEminimizer.jpg\"><img loading=\"lazy\" decoding=\"async\" class=\"wp-image-12148 aligncenter\" src=\"https:\/\/agora.xtec.cat\/ceiprieraderibes\/wp-content\/uploads\/usu901\/2021\/11\/foto-14-espai-9-FILEminimizer.jpg\" alt=\"\" width=\"461\" height=\"346\" srcset=\"https:\/\/agora.xtec.cat\/ceiprieraderibes\/wp-content\/uploads\/usu901\/2021\/11\/foto-14-espai-9-FILEminimizer.jpg 1024w, https:\/\/agora.xtec.cat\/ceiprieraderibes\/wp-content\/uploads\/usu901\/2021\/11\/foto-14-espai-9-FILEminimizer-300x225.jpg 300w, https:\/\/agora.xtec.cat\/ceiprieraderibes\/wp-content\/uploads\/usu901\/2021\/11\/foto-14-espai-9-FILEminimizer-768x576.jpg 768w, https:\/\/agora.xtec.cat\/ceiprieraderibes\/wp-content\/uploads\/usu901\/2021\/11\/foto-14-espai-9-FILEminimizer-200x150.jpg 200w\" sizes=\"auto, (max-width: 461px) 100vw, 461px\" \/><\/a><\/p>\n<p><a href=\"https:\/\/agora.xtec.cat\/ceiprieraderibes\/wp-content\/uploads\/usu901\/2021\/11\/foto-13-espai-9-FILEminimizer.jpg\"><img loading=\"lazy\" decoding=\"async\" class=\"alignnone wp-image-12147\" src=\"https:\/\/agora.xtec.cat\/ceiprieraderibes\/wp-content\/uploads\/usu901\/2021\/11\/foto-13-espai-9-FILEminimizer.jpg\" alt=\"\" width=\"394\" height=\"296\" srcset=\"https:\/\/agora.xtec.cat\/ceiprieraderibes\/wp-content\/uploads\/usu901\/2021\/11\/foto-13-espai-9-FILEminimizer.jpg 1024w, https:\/\/agora.xtec.cat\/ceiprieraderibes\/wp-content\/uploads\/usu901\/2021\/11\/foto-13-espai-9-FILEminimizer-300x225.jpg 300w, https:\/\/agora.xtec.cat\/ceiprieraderibes\/wp-content\/uploads\/usu901\/2021\/11\/foto-13-espai-9-FILEminimizer-768x576.jpg 768w, https:\/\/agora.xtec.cat\/ceiprieraderibes\/wp-content\/uploads\/usu901\/2021\/11\/foto-13-espai-9-FILEminimizer-200x150.jpg 200w\" sizes=\"auto, (max-width: 394px) 100vw, 394px\" \/>\u00a0\u00a0\u00a0 <\/a><a href=\"https:\/\/agora.xtec.cat\/ceiprieraderibes\/wp-content\/uploads\/usu901\/2021\/11\/foto-15-espai9-FILEminimizer.jpg\"><img loading=\"lazy\" decoding=\"async\" class=\"alignnone wp-image-12149\" src=\"https:\/\/agora.xtec.cat\/ceiprieraderibes\/wp-content\/uploads\/usu901\/2021\/11\/foto-15-espai9-FILEminimizer.jpg\" alt=\"\" width=\"407\" height=\"305\" srcset=\"https:\/\/agora.xtec.cat\/ceiprieraderibes\/wp-content\/uploads\/usu901\/2021\/11\/foto-15-espai9-FILEminimizer.jpg 1024w, https:\/\/agora.xtec.cat\/ceiprieraderibes\/wp-content\/uploads\/usu901\/2021\/11\/foto-15-espai9-FILEminimizer-300x225.jpg 300w, https:\/\/agora.xtec.cat\/ceiprieraderibes\/wp-content\/uploads\/usu901\/2021\/11\/foto-15-espai9-FILEminimizer-768x576.jpg 768w, https:\/\/agora.xtec.cat\/ceiprieraderibes\/wp-content\/uploads\/usu901\/2021\/11\/foto-15-espai9-FILEminimizer-200x150.jpg 200w\" sizes=\"auto, (max-width: 407px) 100vw, 407px\" \/><\/a><\/p>\n<p><span style=\"font-weight: 400\">Ens posem a pintar, seguint, \u00e9s clar, el model del requadre que ens ha tocat.<\/span><\/p>\n<p><a href=\"https:\/\/agora.xtec.cat\/ceiprieraderibes\/wp-content\/uploads\/usu901\/2021\/11\/BeFunky-collage-FILEminimizer.jpg\"><img loading=\"lazy\" decoding=\"async\" class=\"alignnone size-large wp-image-12150\" src=\"https:\/\/agora.xtec.cat\/ceiprieraderibes\/wp-content\/uploads\/usu901\/2021\/11\/BeFunky-collage-FILEminimizer-1024x563.jpg\" alt=\"\" width=\"1024\" height=\"563\" srcset=\"https:\/\/agora.xtec.cat\/ceiprieraderibes\/wp-content\/uploads\/usu901\/2021\/11\/BeFunky-collage-FILEminimizer-1024x563.jpg 1024w, https:\/\/agora.xtec.cat\/ceiprieraderibes\/wp-content\/uploads\/usu901\/2021\/11\/BeFunky-collage-FILEminimizer-300x165.jpg 300w, https:\/\/agora.xtec.cat\/ceiprieraderibes\/wp-content\/uploads\/usu901\/2021\/11\/BeFunky-collage-FILEminimizer-768x422.jpg 768w, https:\/\/agora.xtec.cat\/ceiprieraderibes\/wp-content\/uploads\/usu901\/2021\/11\/BeFunky-collage-FILEminimizer.jpg 1398w\" sizes=\"auto, (max-width: 1024px) 100vw, 1024px\" \/><\/a><\/p>\n<p><b>Aprofundim sobre els angles<\/b><\/p>\n<p><span style=\"font-weight: 400\">Ens sona aix\u00f2 de que un angle recte t\u00e9 90\u00ba. Per\u00f2, qu\u00e8 vol dir aix\u00f2? Graus? No s\u00f3n cent\u00edmetres? Els graus no eren per mesurar la temperatura\u2026?<\/span><\/p>\n<p><span style=\"font-weight: 400\">Ens familiaritzem amb l\u2019eina per mesurar els angles: el transportador.\u00a0<\/span><\/p>\n<p><span style=\"font-weight: 400\">Sabent que un angle recte mesura 90\u00ba, fem hip\u00f2tesis sobre com s&#8217;utilitza.<\/span><\/p>\n<p><a href=\"https:\/\/agora.xtec.cat\/ceiprieraderibes\/wp-content\/uploads\/usu901\/2021\/11\/transportador-FILEminimizer.jpg\"><img loading=\"lazy\" decoding=\"async\" class=\"wp-image-12151 aligncenter\" src=\"https:\/\/agora.xtec.cat\/ceiprieraderibes\/wp-content\/uploads\/usu901\/2021\/11\/transportador-FILEminimizer-1024x1024.jpg\" alt=\"\" width=\"283\" height=\"283\" srcset=\"https:\/\/agora.xtec.cat\/ceiprieraderibes\/wp-content\/uploads\/usu901\/2021\/11\/transportador-FILEminimizer.jpg 1024w, https:\/\/agora.xtec.cat\/ceiprieraderibes\/wp-content\/uploads\/usu901\/2021\/11\/transportador-FILEminimizer-300x300.jpg 300w, https:\/\/agora.xtec.cat\/ceiprieraderibes\/wp-content\/uploads\/usu901\/2021\/11\/transportador-FILEminimizer-150x150.jpg 150w, https:\/\/agora.xtec.cat\/ceiprieraderibes\/wp-content\/uploads\/usu901\/2021\/11\/transportador-FILEminimizer-768x768.jpg 768w\" sizes=\"auto, (max-width: 283px) 100vw, 283px\" \/><\/a><\/p>\n<p><span style=\"font-weight: 400\">Contrastem la informaci\u00f3 que ens d\u00f3na un v\u00eddeo d\u2019Internet amb les nostres hip\u00f2tesis inicials. Dibuixem angles diferents, practiquem com es mesuren, ho expliquem als companys\/es que demanen ajuda, escoltem les explicacions dels companys\/es que han ent\u00e8s com es mesuren els angles, l&#8217;Elena ens posa un repte\u2026<\/span><\/p>\n<p><a href=\"https:\/\/agora.xtec.cat\/ceiprieraderibes\/wp-content\/uploads\/usu901\/2021\/11\/foto-angles-1-FILEminimizer.jpg\"><img loading=\"lazy\" decoding=\"async\" class=\"wp-image-12199 aligncenter\" src=\"https:\/\/agora.xtec.cat\/ceiprieraderibes\/wp-content\/uploads\/usu901\/2021\/11\/foto-angles-1-FILEminimizer-769x1024.jpg\" alt=\"\" width=\"246\" height=\"327\" srcset=\"https:\/\/agora.xtec.cat\/ceiprieraderibes\/wp-content\/uploads\/usu901\/2021\/11\/foto-angles-1-FILEminimizer-769x1024.jpg 769w, https:\/\/agora.xtec.cat\/ceiprieraderibes\/wp-content\/uploads\/usu901\/2021\/11\/foto-angles-1-FILEminimizer-225x300.jpg 225w, https:\/\/agora.xtec.cat\/ceiprieraderibes\/wp-content\/uploads\/usu901\/2021\/11\/foto-angles-1-FILEminimizer-768x1022.jpg 768w, https:\/\/agora.xtec.cat\/ceiprieraderibes\/wp-content\/uploads\/usu901\/2021\/11\/foto-angles-1-FILEminimizer.jpg 1024w\" sizes=\"auto, (max-width: 246px) 100vw, 246px\" \/><\/a><\/p>\n<p><span style=\"font-weight: 400\">Un cop tenim les portes pintades i plastificades, enganxem cadascuna al seu calaixet.\u00a0 Aquell mat\u00ed celebrem que hem arribat al final del proc\u00e9s i valorem el resultat i el cam\u00ed <\/span><span style=\"font-weight: 400\">recorregut.<\/span><\/p>\n<p><a href=\"https:\/\/agora.xtec.cat\/ceiprieraderibes\/wp-content\/uploads\/usu901\/2021\/11\/foto-quadre-2-FILEminimizer.jpg\"><img loading=\"lazy\" decoding=\"async\" class=\"alignnone size-full wp-image-12200\" src=\"https:\/\/agora.xtec.cat\/ceiprieraderibes\/wp-content\/uploads\/usu901\/2021\/11\/foto-quadre-2-FILEminimizer.jpg\" alt=\"\" width=\"1024\" height=\"768\" srcset=\"https:\/\/agora.xtec.cat\/ceiprieraderibes\/wp-content\/uploads\/usu901\/2021\/11\/foto-quadre-2-FILEminimizer.jpg 1024w, https:\/\/agora.xtec.cat\/ceiprieraderibes\/wp-content\/uploads\/usu901\/2021\/11\/foto-quadre-2-FILEminimizer-300x225.jpg 300w, https:\/\/agora.xtec.cat\/ceiprieraderibes\/wp-content\/uploads\/usu901\/2021\/11\/foto-quadre-2-FILEminimizer-768x576.jpg 768w, https:\/\/agora.xtec.cat\/ceiprieraderibes\/wp-content\/uploads\/usu901\/2021\/11\/foto-quadre-2-FILEminimizer-200x150.jpg 200w\" sizes=\"auto, (max-width: 1024px) 100vw, 1024px\" \/><\/a><\/p>\n<p><b>El nostre primer contrast com a especialistes<\/b><\/p>\n<p><span style=\"font-weight: 400\">Per \u00faltim, preparem el contrast. Explicarem a els\/les companys\/es de l&#8217;espai 7 i 8 el proc\u00e9s de creaci\u00f3 dels nostres calaixets i els aprenentatges que ens emportem. Elaborem un dossier amb textos i imatges que ens ajudi a explicar endre\u00e7adament el que volem compartir-los.<\/span><\/p>\n<p><a href=\"https:\/\/agora.xtec.cat\/ceiprieraderibes\/wp-content\/uploads\/usu901\/2021\/11\/foto-contrast-3-FILEminimizer.jpg\"><img loading=\"lazy\" decoding=\"async\" class=\"wp-image-12201 aligncenter\" src=\"https:\/\/agora.xtec.cat\/ceiprieraderibes\/wp-content\/uploads\/usu901\/2021\/11\/foto-contrast-3-FILEminimizer-769x1024.jpg\" alt=\"\" width=\"271\" height=\"360\" srcset=\"https:\/\/agora.xtec.cat\/ceiprieraderibes\/wp-content\/uploads\/usu901\/2021\/11\/foto-contrast-3-FILEminimizer-769x1024.jpg 769w, https:\/\/agora.xtec.cat\/ceiprieraderibes\/wp-content\/uploads\/usu901\/2021\/11\/foto-contrast-3-FILEminimizer-225x300.jpg 225w, https:\/\/agora.xtec.cat\/ceiprieraderibes\/wp-content\/uploads\/usu901\/2021\/11\/foto-contrast-3-FILEminimizer-768x1022.jpg 768w, https:\/\/agora.xtec.cat\/ceiprieraderibes\/wp-content\/uploads\/usu901\/2021\/11\/foto-contrast-3-FILEminimizer.jpg 1024w\" sizes=\"auto, (max-width: 271px) 100vw, 271px\" \/><\/a><a href=\"https:\/\/agora.xtec.cat\/ceiprieraderibes\/wp-content\/uploads\/usu901\/2021\/11\/foto-ordinadors-4-FILEminimizer.jpg\"><img loading=\"lazy\" decoding=\"async\" class=\"wp-image-12202 aligncenter\" src=\"https:\/\/agora.xtec.cat\/ceiprieraderibes\/wp-content\/uploads\/usu901\/2021\/11\/foto-ordinadors-4-FILEminimizer.jpg\" alt=\"\" width=\"453\" height=\"340\" srcset=\"https:\/\/agora.xtec.cat\/ceiprieraderibes\/wp-content\/uploads\/usu901\/2021\/11\/foto-ordinadors-4-FILEminimizer.jpg 1024w, https:\/\/agora.xtec.cat\/ceiprieraderibes\/wp-content\/uploads\/usu901\/2021\/11\/foto-ordinadors-4-FILEminimizer-300x225.jpg 300w, https:\/\/agora.xtec.cat\/ceiprieraderibes\/wp-content\/uploads\/usu901\/2021\/11\/foto-ordinadors-4-FILEminimizer-768x576.jpg 768w, https:\/\/agora.xtec.cat\/ceiprieraderibes\/wp-content\/uploads\/usu901\/2021\/11\/foto-ordinadors-4-FILEminimizer-200x150.jpg 200w\" sizes=\"auto, (max-width: 453px) 100vw, 453px\" \/><\/a><\/p>\n<p><span style=\"font-weight: 400\">El dia del primer contrast hi ha una mica de nervis a l&#8217;ambient. Individualment, en parelles o en trios exposem com a especialistes, amb ajuda del dossier que hem elaborat, als companys\/es de 3r Espai 7 i 8 que aquest cop ocupen el lloc d&#8217;aprenents.<\/span><\/p>\n<p>&nbsp;<\/p>\n<p><a href=\"https:\/\/agora.xtec.cat\/ceiprieraderibes\/wp-content\/uploads\/usu901\/2021\/11\/foto-contrast-1-espai-9-FILEminimizer.jpg\"><img loading=\"lazy\" decoding=\"async\" class=\"wp-image-12152 aligncenter\" src=\"https:\/\/agora.xtec.cat\/ceiprieraderibes\/wp-content\/uploads\/usu901\/2021\/11\/foto-contrast-1-espai-9-FILEminimizer.jpg\" alt=\"\" width=\"642\" height=\"481\" srcset=\"https:\/\/agora.xtec.cat\/ceiprieraderibes\/wp-content\/uploads\/usu901\/2021\/11\/foto-contrast-1-espai-9-FILEminimizer.jpg 1024w, https:\/\/agora.xtec.cat\/ceiprieraderibes\/wp-content\/uploads\/usu901\/2021\/11\/foto-contrast-1-espai-9-FILEminimizer-300x225.jpg 300w, https:\/\/agora.xtec.cat\/ceiprieraderibes\/wp-content\/uploads\/usu901\/2021\/11\/foto-contrast-1-espai-9-FILEminimizer-768x576.jpg 768w, https:\/\/agora.xtec.cat\/ceiprieraderibes\/wp-content\/uploads\/usu901\/2021\/11\/foto-contrast-1-espai-9-FILEminimizer-200x150.jpg 200w\" sizes=\"auto, (max-width: 642px) 100vw, 642px\" \/><\/a> <a href=\"https:\/\/agora.xtec.cat\/ceiprieraderibes\/wp-content\/uploads\/usu901\/2021\/11\/foto-contrast-2-espai-9-FILEminimizer.jpg\"><img loading=\"lazy\" decoding=\"async\" class=\"wp-image-12153 aligncenter\" src=\"https:\/\/agora.xtec.cat\/ceiprieraderibes\/wp-content\/uploads\/usu901\/2021\/11\/foto-contrast-2-espai-9-FILEminimizer.jpg\" alt=\"\" width=\"641\" height=\"481\" srcset=\"https:\/\/agora.xtec.cat\/ceiprieraderibes\/wp-content\/uploads\/usu901\/2021\/11\/foto-contrast-2-espai-9-FILEminimizer.jpg 1024w, https:\/\/agora.xtec.cat\/ceiprieraderibes\/wp-content\/uploads\/usu901\/2021\/11\/foto-contrast-2-espai-9-FILEminimizer-300x225.jpg 300w, https:\/\/agora.xtec.cat\/ceiprieraderibes\/wp-content\/uploads\/usu901\/2021\/11\/foto-contrast-2-espai-9-FILEminimizer-768x576.jpg 768w, https:\/\/agora.xtec.cat\/ceiprieraderibes\/wp-content\/uploads\/usu901\/2021\/11\/foto-contrast-2-espai-9-FILEminimizer-200x150.jpg 200w\" sizes=\"auto, (max-width: 641px) 100vw, 641px\" \/><\/a><\/p>\n<p>&nbsp;<\/p>\n<p>&nbsp;<\/p>\n<p>&nbsp;<\/p>\n<p>&nbsp;<\/p>\n<p>&nbsp;<\/p>\n<p>&nbsp;<\/p>\n","protected":false},"excerpt":{"rendered":"<p>Divendres passat els nens i nenes de 3r Espai 9 vam compartir a l&#8217;hora de contrast com va ser el proc\u00e9s de creaci\u00f3 de les portes dels nostres calaixets i quins aprenentatges ens hem emportat amb aquest projecte. Port\u00e0vem tota la setmana preparant-nos per aquest&hellip;  <a href=\"https:\/\/agora.xtec.cat\/ceiprieraderibes\/general\/els-proces-de-creacio-dels-nostres-calaixets\/\" title=\"Read ELS PROC\u00c9S DE CREACI\u00d3 DELS NOSTRES CALAIXETS\">Llegeix m\u00e9s\u00bb<\/a><\/p>\n","protected":false},"author":1,"featured_media":12141,"comment_status":"open","ping_status":"closed","sticky":false,"template":"","format":"standard","meta":{"_bbp_topic_count":0,"_bbp_reply_count":0,"_bbp_total_topic_count":0,"_bbp_total_reply_count":0,"_bbp_voice_count":0,"_bbp_anonymous_reply_count":0,"_bbp_topic_count_hidden":0,"_bbp_reply_count_hidden":0,"_bbp_forum_subforum_count":0,"footnotes":""},"categories":[157,1,4],"tags":[],"class_list":["post-12136","post","type-post","status-publish","format-standard","has-post-thumbnail","hentry","category-generacio-2013","category-general","category-portada"],"post_mailing_queue_ids":[],"_links":{"self":[{"href":"https:\/\/agora.xtec.cat\/ceiprieraderibes\/wp-json\/wp\/v2\/posts\/12136","targetHints":{"allow":["GET"]}}],"collection":[{"href":"https:\/\/agora.xtec.cat\/ceiprieraderibes\/wp-json\/wp\/v2\/posts"}],"about":[{"href":"https:\/\/agora.xtec.cat\/ceiprieraderibes\/wp-json\/wp\/v2\/types\/post"}],"author":[{"embeddable":true,"href":"https:\/\/agora.xtec.cat\/ceiprieraderibes\/wp-json\/wp\/v2\/users\/1"}],"replies":[{"embeddable":true,"href":"https:\/\/agora.xtec.cat\/ceiprieraderibes\/wp-json\/wp\/v2\/comments?post=12136"}],"version-history":[{"count":3,"href":"https:\/\/agora.xtec.cat\/ceiprieraderibes\/wp-json\/wp\/v2\/posts\/12136\/revisions"}],"predecessor-version":[{"id":12203,"href":"https:\/\/agora.xtec.cat\/ceiprieraderibes\/wp-json\/wp\/v2\/posts\/12136\/revisions\/12203"}],"wp:featuredmedia":[{"embeddable":true,"href":"https:\/\/agora.xtec.cat\/ceiprieraderibes\/wp-json\/wp\/v2\/media\/12141"}],"wp:attachment":[{"href":"https:\/\/agora.xtec.cat\/ceiprieraderibes\/wp-json\/wp\/v2\/media?parent=12136"}],"wp:term":[{"taxonomy":"category","embeddable":true,"href":"https:\/\/agora.xtec.cat\/ceiprieraderibes\/wp-json\/wp\/v2\/categories?post=12136"},{"taxonomy":"post_tag","embeddable":true,"href":"https:\/\/agora.xtec.cat\/ceiprieraderibes\/wp-json\/wp\/v2\/tags?post=12136"}],"curies":[{"name":"wp","href":"https:\/\/api.w.org\/{rel}","templated":true}]}}