{"id":12085,"date":"2021-11-18T17:11:39","date_gmt":"2021-11-18T16:11:39","guid":{"rendered":"https:\/\/agora.xtec.cat\/ceiprieraderibes\/?p=12085"},"modified":"2021-11-18T17:11:39","modified_gmt":"2021-11-18T16:11:39","slug":"un-niu-genera-i-remou-molt","status":"publish","type":"post","link":"https:\/\/agora.xtec.cat\/ceiprieraderibes\/general\/un-niu-genera-i-remou-molt\/","title":{"rendered":"UN NIU GENERA I REMOU MOLT!"},"content":{"rendered":"<p><span style=\"font-weight: 400\">La setmana passada, una companya de 1r ens va portar un niu d\u2019ocell que havia trobat al jard\u00ed. A arran d\u2019aquest fet, ens van sortir un munt de preguntes i es va iniciar una conversa generadora molt interessant.\u00a0<\/span><\/p>\n<p><span style=\"font-weight: 400\">Aquest fragment tracta sobre les seg\u00fcents preguntes: <\/span><b>De quin ocell \u00e9s aquest niu? Tots els nius d\u2019ocell s\u00f3n iguals?\u00a0 Els animals s\u00f3n m\u00e9s intel\u00b7ligents que les persones?<\/b><\/p>\n<p><i><span style=\"font-weight: 400\">\u2014Potser podem saber de quin ocell \u00e9s per les plomes.<\/span><\/i><\/p>\n<p><i><span style=\"font-weight: 400\">\u2014Podem agafar el niu i posar-lo en una capsa per si t\u00e9 alguna bacteria.<\/span><\/i><\/p>\n<p><i><span style=\"font-weight: 400\">\u2014Podr\u00edem buscar m\u00e9s closques d\u2019ou pel bosquet per veure si s\u00f3n iguals.<\/span><\/i><\/p>\n<p><i><span style=\"font-weight: 400\">\u2014L\u2019altre dia vam veure un niu al bosquet.<\/span><\/i><\/p>\n<p><span style=\"font-weight: 400\">\u2014Eren iguals?<\/span><\/p>\n<p><i><span style=\"font-weight: 400\">\u2014No, era gegant i tenia pinasa.<\/span><\/i><\/p>\n<p><i><span style=\"font-weight: 400\">\u2014I molsa!<\/span><\/i><\/p>\n<p><i><span style=\"font-weight: 400\">\u2014Quan vaig anar de viatge, vaig veure nius de cigonya.<\/span><\/i><\/p>\n<p><span style=\"font-weight: 400\">\u2014Eren com aquest?<\/span><\/p>\n<p><i><span style=\"font-weight: 400\">\u2014No, eren m\u00e9s grans. A l\u2019estiu les cigonyes venen cap aqu\u00ed i a l\u2019hivern se\u2019n van a \u00c0frica.<\/span><\/i><\/p>\n<p><i><span style=\"font-weight: 400\">\u2014Clar perqu\u00e8 tenen la sang freda. Com les tortugues.<\/span><\/i><\/p>\n<p><span style=\"font-weight: 400\">\u2014Tenen la sang freda les cigonyes i les tortugues?<\/span><\/p>\n<p><span style=\"font-weight: 400\">(&#8230;)<\/span><\/p>\n<p><i><span style=\"font-weight: 400\">\u2014Jo quan vaig anar de viatge vaig veure una cigonya que ponia un ou.<\/span><\/i><\/p>\n<p><i><span style=\"font-weight: 400\">\u2014A l\u2019hivern van a \u00c0frica perqu\u00e8 a l\u2019\u00c0frica fa molta calor. (&#8230;) Tamb\u00e9 se&#8217;n recorda del mateix niu. Tots els animals i ocells se&#8217;n recorden perqu\u00e8 un animal \u00e9s molt intel\u00b7ligent i s\u00f3n m\u00e9s intel\u00b7ligents que les persones.<\/span><\/i><\/p>\n<p><span style=\"font-weight: 400\">\u2014O sigui que l\u2019any seg\u00fcent, quan tornen, van a buscar el mateix niu de l\u2019any passat?<\/span><\/p>\n<p><i><span style=\"font-weight: 400\">\u2014S\u00ed.<\/span><\/i><\/p>\n<p><i><span style=\"font-weight: 400\">\u2014No, no pot ser. Els animals s\u00f3n m\u00e9s b\u00e8sties que les persones.<\/span><\/i><\/p>\n<p><span style=\"font-weight: 400\">(\u2026)<\/span><\/p>\n<p><i><span style=\"font-weight: 400\">\u2014Jo s\u00e9 que a casa meva, com que tinc un arbre, vaig veure un niu molt gran i un germ\u00e0 meu va trobar un ocell all\u00e0 que no podia volar.<\/span><\/i><\/p>\n<p><i><span style=\"font-weight: 400\">\u2014A Olivella hi havia un munt de nius a una casa.<\/span><\/i><\/p>\n<p><span style=\"font-weight: 400\">\u2014I s\u00f3n com aquest niu? S\u2019assemblaven?<\/span><\/p>\n<p><i><span style=\"font-weight: 400\">\u2014Una mica.<\/span><\/i><\/p>\n<p><span style=\"font-weight: 400\">\u2014Per\u00f2 estava fet amb els mateixos materials?<\/span><\/p>\n<p><i><span style=\"font-weight: 400\">\u2014No estava fet amb palla. (&#8230;) Semblava resina per\u00f2 era m\u00e9s dur.<\/span><\/i><\/p>\n<p><span style=\"font-weight: 400\">\u2014I on estaven, en un arbre?<\/span><\/p>\n<p><i><span style=\"font-weight: 400\">\u2014Com que era una masia hi havia uns troncs a dalt.<\/span><\/i><\/p>\n<p><span style=\"font-weight: 400\">\u2014A unes bigues?<\/span><\/p>\n<p><i><span style=\"font-weight: 400\">\u2014S\u00ed.<\/span><\/i><\/p>\n<p><span style=\"font-weight: 400\">\u2014I saps de quin animal eren? Eren grans o petits?<\/span><\/p>\n<p><i><span style=\"font-weight: 400\">\u2014Potser era de falcons. Perqu\u00e8 jo cada dia al mat\u00ed veig una \u00e0guila.<\/span><\/i><\/p>\n<p><span style=\"font-weight: 400\">\u2014Creus que eren d\u2019uns falcons aquells nius, hi cabien?<\/span><\/p>\n<p><i><span style=\"font-weight: 400\">\u2014Crec que casi tots eren d\u2019ocells petits.<\/span><\/i><\/p>\n<p><span style=\"font-weight: 400\">(&#8230;)<\/span><\/p>\n<p><span style=\"font-weight: 400\">Aquest fragment tracta sobre les seg\u00fcents preguntes<\/span><i><span style=\"font-weight: 400\">: <\/span><\/i><b>D\u2019on neixen les tortugues i com s\u00f3n els seus nius? D\u2019on neixen els gats? I les persones?<a href=\"https:\/\/agora.xtec.cat\/ceiprieraderibes\/wp-content\/uploads\/usu901\/2021\/11\/IMG_2061-FILEminimizer.jpg\"><img loading=\"lazy\" decoding=\"async\" class=\"alignnone size-full wp-image-12086\" src=\"https:\/\/agora.xtec.cat\/ceiprieraderibes\/wp-content\/uploads\/usu901\/2021\/11\/IMG_2061-FILEminimizer.jpg\" alt=\"\" width=\"1024\" height=\"768\" srcset=\"https:\/\/agora.xtec.cat\/ceiprieraderibes\/wp-content\/uploads\/usu901\/2021\/11\/IMG_2061-FILEminimizer.jpg 1024w, https:\/\/agora.xtec.cat\/ceiprieraderibes\/wp-content\/uploads\/usu901\/2021\/11\/IMG_2061-FILEminimizer-300x225.jpg 300w, https:\/\/agora.xtec.cat\/ceiprieraderibes\/wp-content\/uploads\/usu901\/2021\/11\/IMG_2061-FILEminimizer-768x576.jpg 768w, https:\/\/agora.xtec.cat\/ceiprieraderibes\/wp-content\/uploads\/usu901\/2021\/11\/IMG_2061-FILEminimizer-200x150.jpg 200w\" sizes=\"auto, (max-width: 1024px) 100vw, 1024px\" \/><\/a> <a href=\"https:\/\/agora.xtec.cat\/ceiprieraderibes\/wp-content\/uploads\/usu901\/2021\/11\/IMG_2044-FILEminimizer.jpg\"><img loading=\"lazy\" decoding=\"async\" class=\"alignnone size-large wp-image-12087\" src=\"https:\/\/agora.xtec.cat\/ceiprieraderibes\/wp-content\/uploads\/usu901\/2021\/11\/IMG_2044-FILEminimizer.jpg\" alt=\"\" width=\"1024\" height=\"768\" srcset=\"https:\/\/agora.xtec.cat\/ceiprieraderibes\/wp-content\/uploads\/usu901\/2021\/11\/IMG_2044-FILEminimizer.jpg 1024w, https:\/\/agora.xtec.cat\/ceiprieraderibes\/wp-content\/uploads\/usu901\/2021\/11\/IMG_2044-FILEminimizer-300x225.jpg 300w, https:\/\/agora.xtec.cat\/ceiprieraderibes\/wp-content\/uploads\/usu901\/2021\/11\/IMG_2044-FILEminimizer-768x576.jpg 768w, https:\/\/agora.xtec.cat\/ceiprieraderibes\/wp-content\/uploads\/usu901\/2021\/11\/IMG_2044-FILEminimizer-200x150.jpg 200w\" sizes=\"auto, (max-width: 1024px) 100vw, 1024px\" \/><\/a> <a href=\"https:\/\/agora.xtec.cat\/ceiprieraderibes\/wp-content\/uploads\/usu901\/2021\/11\/IMG_2043-FILEminimizer.jpg\"><img loading=\"lazy\" decoding=\"async\" class=\"alignnone size-large wp-image-12088\" src=\"https:\/\/agora.xtec.cat\/ceiprieraderibes\/wp-content\/uploads\/usu901\/2021\/11\/IMG_2043-FILEminimizer.jpg\" alt=\"\" width=\"1024\" height=\"768\" srcset=\"https:\/\/agora.xtec.cat\/ceiprieraderibes\/wp-content\/uploads\/usu901\/2021\/11\/IMG_2043-FILEminimizer.jpg 1024w, https:\/\/agora.xtec.cat\/ceiprieraderibes\/wp-content\/uploads\/usu901\/2021\/11\/IMG_2043-FILEminimizer-300x225.jpg 300w, https:\/\/agora.xtec.cat\/ceiprieraderibes\/wp-content\/uploads\/usu901\/2021\/11\/IMG_2043-FILEminimizer-768x576.jpg 768w, https:\/\/agora.xtec.cat\/ceiprieraderibes\/wp-content\/uploads\/usu901\/2021\/11\/IMG_2043-FILEminimizer-200x150.jpg 200w\" sizes=\"auto, (max-width: 1024px) 100vw, 1024px\" \/><\/a> <a href=\"https:\/\/agora.xtec.cat\/ceiprieraderibes\/wp-content\/uploads\/usu901\/2021\/11\/IMG_1548-FILEminimizer.jpg\"><img loading=\"lazy\" decoding=\"async\" class=\"alignnone size-large wp-image-12089\" src=\"https:\/\/agora.xtec.cat\/ceiprieraderibes\/wp-content\/uploads\/usu901\/2021\/11\/IMG_1548-FILEminimizer-768x1024.jpg\" alt=\"\" width=\"768\" height=\"1024\" srcset=\"https:\/\/agora.xtec.cat\/ceiprieraderibes\/wp-content\/uploads\/usu901\/2021\/11\/IMG_1548-FILEminimizer-768x1024.jpg 768w, https:\/\/agora.xtec.cat\/ceiprieraderibes\/wp-content\/uploads\/usu901\/2021\/11\/IMG_1548-FILEminimizer-225x300.jpg 225w, https:\/\/agora.xtec.cat\/ceiprieraderibes\/wp-content\/uploads\/usu901\/2021\/11\/IMG_1548-FILEminimizer.jpg 1024w\" sizes=\"auto, (max-width: 768px) 100vw, 768px\" \/><\/a><\/b><\/p>\n<p><i><span style=\"font-weight: 400\">\u2014Els hamster quan viuen al bosc es fan un cau i agafen molt menjar. Transporten el menjar a dins la boca i ho porten al cau i sembla que vomitin.<\/span><\/i><\/p>\n<p><i><span style=\"font-weight: 400\">\u2014A vegades quan els animals neixen es moren&#8230;<\/span><\/i><\/p>\n<p><i><span style=\"font-weight: 400\">\u2014Hi ha un lloc que es poden adoptar els animals: estan malalts o tenen un ull sol, o una ferida\u2026<\/span><\/i><\/p>\n<p><i><span style=\"font-weight: 400\">\u2014El meu pare no va comprar ni adoptar les tortugues, la trobar. La petita la va trobar enterrada a les vinyes i les altres no ho s\u00e9.<\/span><\/i><\/p>\n<p><span style=\"font-weight: 400\">\u2014Tortugues viuen a les vinyes?<\/span><\/p>\n<p><i><span style=\"font-weight: 400\">\u2014Potser la va arrossegar l\u2019aigua.<\/span><\/i><\/p>\n<p><i><span style=\"font-weight: 400\">\u2014La meva tieta tenia un gat amb un ull i per aix\u00f2 li deien pirata.<\/span><\/i><\/p>\n<p><i><span style=\"font-weight: 400\">\u2014La meva no la vam comprar ni adoptar, sin\u00f3 que ens la van regalar pel sant del meu germ\u00e0.<\/span><\/i><\/p>\n<p><i><span style=\"font-weight: 400\">\u2014La meva cosina t\u00e9 ous de tortugues i estan enterrats amb sorra i va venir un gat i va desenterrar els ous de les tortugues i creuen que se\u2019ls va menjar, per\u00f2 les tortugues tenen closca.<\/span><\/i><\/p>\n<p><i><span style=\"font-weight: 400\">\u2014Els nius de tortugues estan fets de sorra, aigua\u2026 perqu\u00e8 hi ha tortugues de terra i d\u2019aigua.<\/span><\/i><\/p>\n<p><i><span style=\"font-weight: 400\">\u2014Tamb\u00e9 tinc una gata que tenia cries de gat beb\u00e8s\u2026<\/span><\/i><\/p>\n<p><span style=\"font-weight: 400\">\u2014I sortien d\u2019ous?<\/span><\/p>\n<p><i><span style=\"font-weight: 400\">\u2014No, de la mare\u2026<\/span><\/i><\/p>\n<p><i><span style=\"font-weight: 400\">\u2014No, sortien d\u2019una pipula\u2026 una pipula \u00e9s una cosa rodona i transparent que es pot menjar. La gata s\u2019ho va menjar. Van sortir tres gats i quan neixen, penses que estan morts per\u00f2 no, estan quiets perqu\u00e8 acaben de n\u00e9ixer i estan quiets perqu\u00e8 es calentin molt i la mare els llepa i al cap d\u2019una estona estan secs\u2026<\/span><\/i><\/p>\n<p><span style=\"font-weight: 400\">(\u2026)<\/span><\/p>\n<p><i><span style=\"font-weight: 400\">\u2014Els gats, quan estan embara\u00e7ats (\u2026), saps quan les mares i els pares quan tenen una pastilla per tenir un fill (\u2026) quan tenen un fill tenen com una cosa que s\u2019ajunta i es fa un beb\u00e8 i despr\u00e9s surt<\/span><\/i><\/p>\n<p><i><span style=\"font-weight: 400\">\u2014Uns ous.<\/span><\/i><\/p>\n<p><i><span style=\"font-weight: 400\">\u2014No, nosaltres hem sortit com els gats, en una pipula.<\/span><\/i><\/p>\n<p>&nbsp;<\/p>\n<p><span style=\"font-weight: 400\">Despr\u00e9s de la conversa, el company que parlava sobre com neixen els gats ens va portar el v\u00eddeo del naixement d\u2019aquests i va explicar que la <\/span><i><span style=\"font-weight: 400\">pipula<\/span><\/i><span style=\"font-weight: 400\"> es deia en realitat placenta i que sortia de la mare amb el cord\u00f3 umbilical.\u00a0<\/span><\/p>\n<p><span style=\"font-weight: 400\">Aquesta setmana hem iniciat la primera ronda de preguntes interessants i, despr\u00e9s de llegir les preguntes que s\u2019han proposat al cicle, hem triat la nostra pregunta interessant sobre \u201ccom neixen els gats i les persones?\u201d<\/span><\/p>\n<p><span style=\"font-weight: 400\">Acabem d\u2019iniciar la nostra investigaci\u00f3 per\u00f2 de moment ja ens estan sortint un munt de dubtes sobre com hem nascut nosaltres:\u00a0<\/span><\/p>\n<ul>\n<li style=\"font-weight: 400\"><span style=\"font-weight: 400\">Els nens neixen per la panxa i les nenes per la vagina?<\/span><\/li>\n<li style=\"font-weight: 400\"><span style=\"font-weight: 400\">Com mengen els beb\u00e8s a dins la panxa?<\/span><\/li>\n<li style=\"font-weight: 400\"><span style=\"font-weight: 400\">Com fan caca i pipi a dins la panxa?<\/span><\/li>\n<li style=\"font-weight: 400\"><span style=\"font-weight: 400\">Per qu\u00e8 alguns beb\u00e8s els fan forats a les orelles?<\/span><\/li>\n<\/ul>\n<p>&nbsp;<\/p>\n<p><span style=\"font-weight: 400\">Despr\u00e9s de compartir amb els companys com hav\u00edem nascut, hem comprovat que la nostra hip\u00f2tesi de que els nens neixen per la panxa i les nenes per la vagina no era certa i una companya ens ha explicat per qu\u00e8 a vegades es neix per la panxa.\u00a0<\/span><\/p>\n<p><span style=\"font-weight: 400\">Tenim moltes coses m\u00e9s per descobrir! Ja us ho anirem explicant!<\/span><\/p>\n","protected":false},"excerpt":{"rendered":"<p>La setmana passada, una companya de 1r ens va portar un niu d\u2019ocell que havia trobat al jard\u00ed. A arran d\u2019aquest fet, ens van sortir un munt de preguntes i es va iniciar una conversa generadora molt interessant.\u00a0<br \/>\nAquest fragment tracta sobre les seg\u00fcents preguntes: De&hellip;  <a href=\"https:\/\/agora.xtec.cat\/ceiprieraderibes\/general\/un-niu-genera-i-remou-molt\/\" title=\"Read UN NIU GENERA I REMOU MOLT!\">Llegeix m\u00e9s\u00bb<\/a><\/p>\n","protected":false},"author":1,"featured_media":12086,"comment_status":"open","ping_status":"closed","sticky":false,"template":"","format":"standard","meta":{"_bbp_topic_count":0,"_bbp_reply_count":0,"_bbp_total_topic_count":0,"_bbp_total_reply_count":0,"_bbp_voice_count":0,"_bbp_anonymous_reply_count":0,"_bbp_topic_count_hidden":0,"_bbp_reply_count_hidden":0,"_bbp_forum_subforum_count":0,"footnotes":""},"categories":[196,1,4],"tags":[],"class_list":["post-12085","post","type-post","status-publish","format-standard","has-post-thumbnail","hentry","category-generacio-2015","category-general","category-portada"],"post_mailing_queue_ids":[],"_links":{"self":[{"href":"https:\/\/agora.xtec.cat\/ceiprieraderibes\/wp-json\/wp\/v2\/posts\/12085","targetHints":{"allow":["GET"]}}],"collection":[{"href":"https:\/\/agora.xtec.cat\/ceiprieraderibes\/wp-json\/wp\/v2\/posts"}],"about":[{"href":"https:\/\/agora.xtec.cat\/ceiprieraderibes\/wp-json\/wp\/v2\/types\/post"}],"author":[{"embeddable":true,"href":"https:\/\/agora.xtec.cat\/ceiprieraderibes\/wp-json\/wp\/v2\/users\/1"}],"replies":[{"embeddable":true,"href":"https:\/\/agora.xtec.cat\/ceiprieraderibes\/wp-json\/wp\/v2\/comments?post=12085"}],"version-history":[{"count":1,"href":"https:\/\/agora.xtec.cat\/ceiprieraderibes\/wp-json\/wp\/v2\/posts\/12085\/revisions"}],"predecessor-version":[{"id":12090,"href":"https:\/\/agora.xtec.cat\/ceiprieraderibes\/wp-json\/wp\/v2\/posts\/12085\/revisions\/12090"}],"wp:featuredmedia":[{"embeddable":true,"href":"https:\/\/agora.xtec.cat\/ceiprieraderibes\/wp-json\/wp\/v2\/media\/12086"}],"wp:attachment":[{"href":"https:\/\/agora.xtec.cat\/ceiprieraderibes\/wp-json\/wp\/v2\/media?parent=12085"}],"wp:term":[{"taxonomy":"category","embeddable":true,"href":"https:\/\/agora.xtec.cat\/ceiprieraderibes\/wp-json\/wp\/v2\/categories?post=12085"},{"taxonomy":"post_tag","embeddable":true,"href":"https:\/\/agora.xtec.cat\/ceiprieraderibes\/wp-json\/wp\/v2\/tags?post=12085"}],"curies":[{"name":"wp","href":"https:\/\/api.w.org\/{rel}","templated":true}]}}